{"id":3719,"date":"2021-01-23T21:13:33","date_gmt":"2021-01-24T03:13:33","guid":{"rendered":"http:\/\/losperiodistas.com.mx\/portal\/?p=3719"},"modified":"2021-01-23T21:13:33","modified_gmt":"2021-01-24T03:13:33","slug":"el-papa-no-presidira-las-proximas-celebraciones-por-la-reaparicion-de-la-ciatica-vatican-news","status":"publish","type":"post","link":"https:\/\/losperiodistas.com.mx\/portal\/el-papa-no-presidira-las-proximas-celebraciones-por-la-reaparicion-de-la-ciatica-vatican-news\/","title":{"rendered":"El Papa no presidir\u00e1 las pr\u00f3ximas celebraciones por la reaparici\u00f3n de la ci\u00e1tica | Vatican News"},"content":{"rendered":"\n<p style=\"font-size:18px\"><em>El director de la Oficina de Prensa del Vaticano ha informado de que Francisco no presidir\u00e1 la misa del domingo de la Palabra de Dios, pero s\u00ed dirigir\u00e1 el rezo del \u00c1ngelus. Las v\u00edsperas del lunes 25 de enero en San Pablo tampoco ser\u00e1n presididas por el Papa mientras se aplaza el encuentro con el Cuerpo Diplom\u00e1tico<\/em><\/p>\n\n\n\n<p class=\"has-vivid-cyan-blue-color has-text-color has-medium-font-size\">VATICAN NEWS<\/p>\n\n\n\n<p>\u00abDebido a la reaparici\u00f3n de la ci\u00e1tica, la celebraci\u00f3n de ma\u00f1ana por la ma\u00f1ana en el Altar de la C\u00e1tedra de la Bas\u00edlica Vaticana\u00bb no ser\u00e1 presidida por el Papa, sino por monse\u00f1or Rino Fisichella, presidente del Consejo Pontificio para la Promoci\u00f3n de la Nueva Evangelizaci\u00f3n. As\u00ed lo ha anunciado en un comunicado el director de la Oficina de Prensa de la Santa Sede, Matteo Bruni. Debido a este doloroso impedimento, el Papa no ha podido presidir los ritos de fin y principio de a\u00f1o.<\/p>\n\n\n\n<p>El Papa seguir\u00e1 dirigiendo el rezo del \u00c1ngelus, ma\u00f1ana a las 12 horas, en la Biblioteca del Palacio Apost\u00f3lico, como estaba previsto, informa la Oficina de Prensa del Vaticano, que tambi\u00e9n informa que el lunes 25 las V\u00edsperas de conclusi\u00f3n de la Semana de Oraci\u00f3n por la Unidad de los Cristianos en la Bas\u00edlica de San Pablo ser\u00e1n presididas por el cardenal Kurt Koch, presidente del Consejo Pontificio para la Promoci\u00f3n de la Unidad de los Cristianos y no por el Papa como estaba previsto. La reuni\u00f3n con el Cuerpo Diplom\u00e1tico del lunes 25 de enero ha sido aplazada.\u00a0<\/p>\n\n\n\n<p>Fuente: https:\/\/www.vaticannews.va\/es\/papa\/news\/2021-01\/el-papa-no-presidira-las-proximas-celebraciones-por-la-ciatica.html<\/p>\n","protected":false},"excerpt":{"rendered":"<p>El director de la Oficina de Prensa del Vaticano ha informado de que Francisco no presidir\u00e1 la misa del domingo [&hellip;]<\/p>\n","protected":false},"author":1,"featured_media":3720,"comment_status":"open","ping_status":"open","sticky":false,"template":"","format":"standard","meta":{"site-sidebar-layout":"default","site-content-layout":"","ast-site-content-layout":"default","site-content-style":"default","site-sidebar-style":"default","ast-global-header-display":"","ast-banner-title-visibility":"","ast-main-header-display":"","ast-hfb-above-header-display":"","ast-hfb-below-header-display":"","ast-hfb-mobile-header-display":"","site-post-title":"","ast-breadcrumbs-content":"","ast-featured-img":"","footer-sml-layout":"","theme-transparent-header-meta":"","adv-header-id-meta":"","stick-header-meta":"","header-above-stick-meta":"","header-main-stick-meta":"","header-below-stick-meta":"","astra-migrate-meta-layouts":"default","ast-page-background-enabled":"default","ast-page-background-meta":{"desktop":{"background-color":"var(--ast-global-color-4)","background-image":"","background-repeat":"repeat","background-position":"center center","background-size":"auto","background-attachment":"scroll","background-type":"","background-media":"","overlay-type":"","overlay-color":"","overlay-opacity":"","overlay-gradient":""},"tablet":{"background-color":"","background-image":"","background-repeat":"repeat","background-position":"center center","background-size":"auto","background-attachment":"scroll","background-type":"","background-media":"","overlay-type":"","overlay-color":"","overlay-opacity":"","overlay-gradient":""},"mobile":{"background-color":"","background-image":"","background-repeat":"repeat","background-position":"center center","background-size":"auto","background-attachment":"scroll","background-type":"","background-media":"","overlay-type":"","overlay-color":"","overlay-opacity":"","overlay-gradient":""}},"ast-content-background-meta":{"desktop":{"background-color":"var(--ast-global-color-5)","background-image":"","background-repeat":"repeat","background-position":"center center","background-size":"auto","background-attachment":"scroll","background-type":"","background-media":"","overlay-type":"","overlay-color":"","overlay-opacity":"","overlay-gradient":""},"tablet":{"background-color":"var(--ast-global-color-5)","background-image":"","background-repeat":"repeat","background-position":"center center","background-size":"auto","background-attachment":"scroll","background-type":"","background-media":"","overlay-type":"","overlay-color":"","overlay-opacity":"","overlay-gradient":""},"mobile":{"background-color":"var(--ast-global-color-5)","background-image":"","background-repeat":"repeat","background-position":"center center","background-size":"auto","background-attachment":"scroll","background-type":"","background-media":"","overlay-type":"","overlay-color":"","overlay-opacity":"","overlay-gradient":""}},"footnotes":""},"categories":[8],"tags":[],"class_list":["post-3719","post","type-post","status-publish","format-standard","has-post-thumbnail","hentry","category-noticias"],"_links":{"self":[{"href":"https:\/\/losperiodistas.com.mx\/portal\/wp-json\/wp\/v2\/posts\/3719","targetHints":{"allow":["GET"]}}],"collection":[{"href":"https:\/\/losperiodistas.com.mx\/portal\/wp-json\/wp\/v2\/posts"}],"about":[{"href":"https:\/\/losperiodistas.com.mx\/portal\/wp-json\/wp\/v2\/types\/post"}],"author":[{"embeddable":true,"href":"https:\/\/losperiodistas.com.mx\/portal\/wp-json\/wp\/v2\/users\/1"}],"replies":[{"embeddable":true,"href":"https:\/\/losperiodistas.com.mx\/portal\/wp-json\/wp\/v2\/comments?post=3719"}],"version-history":[{"count":1,"href":"https:\/\/losperiodistas.com.mx\/portal\/wp-json\/wp\/v2\/posts\/3719\/revisions"}],"predecessor-version":[{"id":3721,"href":"https:\/\/losperiodistas.com.mx\/portal\/wp-json\/wp\/v2\/posts\/3719\/revisions\/3721"}],"wp:featuredmedia":[{"embeddable":true,"href":"https:\/\/losperiodistas.com.mx\/portal\/wp-json\/wp\/v2\/media\/3720"}],"wp:attachment":[{"href":"https:\/\/losperiodistas.com.mx\/portal\/wp-json\/wp\/v2\/media?parent=3719"}],"wp:term":[{"taxonomy":"category","embeddable":true,"href":"https:\/\/losperiodistas.com.mx\/portal\/wp-json\/wp\/v2\/categories?post=3719"},{"taxonomy":"post_tag","embeddable":true,"href":"https:\/\/losperiodistas.com.mx\/portal\/wp-json\/wp\/v2\/tags?post=3719"}],"curies":[{"name":"wp","href":"https:\/\/api.w.org\/{rel}","templated":true}]}}