{"id":3716,"date":"2021-01-23T20:48:24","date_gmt":"2021-01-24T02:48:24","guid":{"rendered":"http:\/\/losperiodistas.com.mx\/portal\/?p=3716"},"modified":"2021-01-23T20:48:24","modified_gmt":"2021-01-24T02:48:24","slug":"anuncian-estreno-de-pelicula-sobre-la-virgen-de-san-juan-de-los-lagos-aci","status":"publish","type":"post","link":"https:\/\/losperiodistas.com.mx\/portal\/anuncian-estreno-de-pelicula-sobre-la-virgen-de-san-juan-de-los-lagos-aci\/","title":{"rendered":"Anuncian estreno de pel\u00edcula sobre la Virgen de San Juan de los Lagos | ACI"},"content":{"rendered":"\n<p class=\"has-vivid-cyan-blue-color has-text-color has-medium-font-size\">REDACCI\u00d3N ACI PRENSA<\/p>\n\n\n\n<p>La pel\u00edcula \u201cVirgen de San Juan, Cuatro Siglos de Milagros\u201d, que presenta la profunda devoci\u00f3n en M\u00e9xico a esta advocaci\u00f3n mariana, se estrenar\u00e1 este 2 de febrero y estar\u00e1 a la venta en formatos de DVD y Blu-Ray.<\/p>\n\n\n\n<p>La pel\u00edcula, producida por Francisco Javier P\u00e9rez y dirigida por No\u00e9 Gonz\u00e1lez, presenta la historia de una familia pobre mexicana que \u201catraviesa por momentos dif\u00edciles cuando se enteran que su hija peque\u00f1a tiene una enfermedad terminal\u201d.<\/p>\n\n\n\n<figure class=\"wp-block-embed-youtube wp-block-embed is-type-video is-provider-youtube wp-embed-aspect-16-9 wp-has-aspect-ratio\"><div class=\"wp-block-embed__wrapper\">\n<iframe title=\"Tr\u00e1iler oficial Virgen de San Juan, Cuatro siglos de milagros\" width=\"500\" height=\"281\" src=\"https:\/\/www.youtube.com\/embed\/UwvVBCXv40Q?feature=oembed\" frameborder=\"0\" allow=\"accelerometer; autoplay; clipboard-write; encrypted-media; gyroscope; picture-in-picture; web-share\" referrerpolicy=\"strict-origin-when-cross-origin\" allowfullscreen><\/iframe>\n<\/div><\/figure>\n\n\n\n<p>\u201cLos abuelos peregrinan a San Juan de los Lagos para pedir un milagro, y en su caminar descubren la fascinante historia de la Virgen de San Juan que transforma radicalmente su vida familiar. Un testimonio de amor y fe que re\u00fane cuatro siglos de milagros\u201d.<\/p>\n\n\n\n<p>La imagen de la Virgen de San Juan de los Lagos mide apenas 33 cent\u00edmetros y fue elaborada en P\u00e1tzcuaro, en el estado mexicano de Michoac\u00e1n, a mediados del siglo XVI.<\/p>\n\n\n\n<p>En 1623 se registr\u00f3 el primer milagro atribuido a su intercesi\u00f3n, cuando una peque\u00f1a ni\u00f1a, integrante de una familia de cirqueros, volvi\u00f3 a la vida tras clavarse accidentalmente una daga al realizar una pirueta.<\/p>\n\n\n\n<p>Actualmente, la Catedral Bas\u00edlica de San Juan de los Lagos es el segundo templo m\u00e1s visitado por peregrinos en M\u00e9xico, despu\u00e9s de la Bas\u00edlica de la Virgen de Guadalupe en Ciudad de M\u00e9xico.<\/p>\n\n\n\n<p>La pel\u00edcula estar\u00e1 disponible en DVD y Blu-Ray desde el 2 de febrero, fecha en que se celebra a la Virgen de la Candelaria, y tradicionalmente muchos peregrinan a la Catedral Bas\u00edlica de San Juan de los Lagos.<\/p>\n\n\n\n<p>Pr\u00f3ximamente tambi\u00e9n estar\u00e1 disponible a trav\u00e9s de plataformas de streaming.<\/p>\n\n\n\n<p>Para m\u00e1s informaci\u00f3n sobre la pel\u00edcula y c\u00f3mo adquirirla, puede ingresar\u00a0<a href=\"https:\/\/www.lavirgendesanjuan.com\/\">AQU\u00cd<\/a>.<\/p>\n\n\n\n<p>Fuente: https:\/\/www.aciprensa.com\/noticias\/anuncian-estreno-de-pelicula-sobre-la-virgen-de-san-juan-de-los-lagos-53638<\/p>\n","protected":false},"excerpt":{"rendered":"<p>REDACCI\u00d3N ACI PRENSA La pel\u00edcula \u201cVirgen de San Juan, Cuatro Siglos de Milagros\u201d, que presenta la profunda devoci\u00f3n en M\u00e9xico [&hellip;]<\/p>\n","protected":false},"author":1,"featured_media":3717,"comment_status":"open","ping_status":"open","sticky":false,"template":"","format":"standard","meta":{"site-sidebar-layout":"default","site-content-layout":"","ast-site-content-layout":"default","site-content-style":"default","site-sidebar-style":"default","ast-global-header-display":"","ast-banner-title-visibility":"","ast-main-header-display":"","ast-hfb-above-header-display":"","ast-hfb-below-header-display":"","ast-hfb-mobile-header-display":"","site-post-title":"","ast-breadcrumbs-content":"","ast-featured-img":"","footer-sml-layout":"","theme-transparent-header-meta":"","adv-header-id-meta":"","stick-header-meta":"","header-above-stick-meta":"","header-main-stick-meta":"","header-below-stick-meta":"","astra-migrate-meta-layouts":"default","ast-page-background-enabled":"default","ast-page-background-meta":{"desktop":{"background-color":"var(--ast-global-color-4)","background-image":"","background-repeat":"repeat","background-position":"center center","background-size":"auto","background-attachment":"scroll","background-type":"","background-media":"","overlay-type":"","overlay-color":"","overlay-opacity":"","overlay-gradient":""},"tablet":{"background-color":"","background-image":"","background-repeat":"repeat","background-position":"center center","background-size":"auto","background-attachment":"scroll","background-type":"","background-media":"","overlay-type":"","overlay-color":"","overlay-opacity":"","overlay-gradient":""},"mobile":{"background-color":"","background-image":"","background-repeat":"repeat","background-position":"center center","background-size":"auto","background-attachment":"scroll","background-type":"","background-media":"","overlay-type":"","overlay-color":"","overlay-opacity":"","overlay-gradient":""}},"ast-content-background-meta":{"desktop":{"background-color":"var(--ast-global-color-5)","background-image":"","background-repeat":"repeat","background-position":"center center","background-size":"auto","background-attachment":"scroll","background-type":"","background-media":"","overlay-type":"","overlay-color":"","overlay-opacity":"","overlay-gradient":""},"tablet":{"background-color":"var(--ast-global-color-5)","background-image":"","background-repeat":"repeat","background-position":"center center","background-size":"auto","background-attachment":"scroll","background-type":"","background-media":"","overlay-type":"","overlay-color":"","overlay-opacity":"","overlay-gradient":""},"mobile":{"background-color":"var(--ast-global-color-5)","background-image":"","background-repeat":"repeat","background-position":"center center","background-size":"auto","background-attachment":"scroll","background-type":"","background-media":"","overlay-type":"","overlay-color":"","overlay-opacity":"","overlay-gradient":""}},"footnotes":""},"categories":[8],"tags":[],"class_list":["post-3716","post","type-post","status-publish","format-standard","has-post-thumbnail","hentry","category-noticias"],"_links":{"self":[{"href":"https:\/\/losperiodistas.com.mx\/portal\/wp-json\/wp\/v2\/posts\/3716","targetHints":{"allow":["GET"]}}],"collection":[{"href":"https:\/\/losperiodistas.com.mx\/portal\/wp-json\/wp\/v2\/posts"}],"about":[{"href":"https:\/\/losperiodistas.com.mx\/portal\/wp-json\/wp\/v2\/types\/post"}],"author":[{"embeddable":true,"href":"https:\/\/losperiodistas.com.mx\/portal\/wp-json\/wp\/v2\/users\/1"}],"replies":[{"embeddable":true,"href":"https:\/\/losperiodistas.com.mx\/portal\/wp-json\/wp\/v2\/comments?post=3716"}],"version-history":[{"count":1,"href":"https:\/\/losperiodistas.com.mx\/portal\/wp-json\/wp\/v2\/posts\/3716\/revisions"}],"predecessor-version":[{"id":3718,"href":"https:\/\/losperiodistas.com.mx\/portal\/wp-json\/wp\/v2\/posts\/3716\/revisions\/3718"}],"wp:featuredmedia":[{"embeddable":true,"href":"https:\/\/losperiodistas.com.mx\/portal\/wp-json\/wp\/v2\/media\/3717"}],"wp:attachment":[{"href":"https:\/\/losperiodistas.com.mx\/portal\/wp-json\/wp\/v2\/media?parent=3716"}],"wp:term":[{"taxonomy":"category","embeddable":true,"href":"https:\/\/losperiodistas.com.mx\/portal\/wp-json\/wp\/v2\/categories?post=3716"},{"taxonomy":"post_tag","embeddable":true,"href":"https:\/\/losperiodistas.com.mx\/portal\/wp-json\/wp\/v2\/tags?post=3716"}],"curies":[{"name":"wp","href":"https:\/\/api.w.org\/{rel}","templated":true}]}}