{"id":3696,"date":"2021-01-23T10:40:38","date_gmt":"2021-01-23T16:40:38","guid":{"rendered":"http:\/\/losperiodistas.com.mx\/portal\/?p=3696"},"modified":"2021-01-23T10:40:38","modified_gmt":"2021-01-23T16:40:38","slug":"el-equipo-de-biden-1a-parte","status":"publish","type":"post","link":"https:\/\/losperiodistas.com.mx\/portal\/el-equipo-de-biden-1a-parte\/","title":{"rendered":"El equipo de Biden (1\u00aa parte)"},"content":{"rendered":"\n<p class=\"has-vivid-cyan-blue-color has-text-color\" style=\"font-size:26px\"><em>Por Dr. Herminio S. de la Barquera A.*<\/em><\/p>\n\n\n\n<figure class=\"wp-block-table\"><table><tbody><tr><td>Nadie podr\u00e1 negar que el tema de esta semana es la toma de posesi\u00f3n de Joseph Robinette Biden Jr., mejor conocido como Joe Biden, como 46\u00b0 Presidente de los Estados Unidos. Lo acompa\u00f1a Kamala Devi Harris como Vicepresidente. Biden logr\u00f3, despu\u00e9s de tres intentos y de ocho a\u00f1os como Vicepresidente, llegar al m\u00e1ximo cargo pol\u00edtico de la naci\u00f3n m\u00e1s poderosa del mundo. Durante la campa\u00f1a electoral, el veterano pol\u00edtico prometi\u00f3 emprender caminos de unidad en su pa\u00eds, despu\u00e9s de cuatro a\u00f1os de un gobierno ca\u00f3tico y agresivo de Donald Trump, quien aprovech\u00f3 las grandes y profundas diferencias sociales, culturales y econ\u00f3micas que caracterizan a los Estados Unidos y no hizo absolutamente nada por sanarlas, sino que las exacerb\u00f3 con esmero, como buen populista. Adem\u00e1s \u2013nuevamente, como ejemplar populista- repudi\u00f3 repetidamente a la ciencia y a los expertos, buscando m\u00e1s la lealtad personal hasta la ignominia, lo que ray\u00f3 literalmente en la complicidad.<br><br>Es por eso que Biden ha tratado de recomponer las cosas lo antes posible. Un ejemplo de esto es la conformaci\u00f3n de su equipo de trabajo, por lo que ha integrado en su gabinete a personas de mucha experiencia pero que a la vez representan a los diferentes grupos raciales que conviven en el pa\u00eds: la Vicepresidente es mujer, hija de inmigrantes de Jamaica y de India; otro de los secretarios del gabinete presidencial es abiertamente homosexual; la encargada de las finanzas p\u00fablicas es, por primera vez en la historia, una mujer; la nueva Secretaria del Interior es miembro de una tribu ind\u00edgena norteamericana, por lo que es la primera persona proveniente de estos grupos nativos en llegar a tal cargo p\u00fablico; y el nuevo Secretario de la Defensa es el primer afroamericano en ocupar tan elevada posici\u00f3n. Veamos ahora, en un primer esfuerzo, qui\u00e9nes son estos personajes.<br><br>Kamala Harris es la nueva Vicepresidente, pero, a diferencia de sus predecesores, tendr\u00e1 que jugar un papel m\u00e1s relevante en su funci\u00f3n como Presidente del Senado. Esto se debe a que, debido a que esta c\u00e1mara est\u00e1 conformada por 50 senadores republicanos y 50 dem\u00f3cratas, su voto ser\u00e1 el que decida, en caso de que haya empate. Esto cambiar\u00e1 dentro de dos a\u00f1os, pero por ahora es as\u00ed. Pero su labor no se limitar\u00e1 a eso, puesto que tanto ella como Biden han anunciado que trabajar\u00e1n de manera sumamente estrecha, de tal manera, seg\u00fan Biden, que ella ser\u00e1 siempre la \u00faltima persona con la que hable antes de tomar una decisi\u00f3n importante. Tiene una larga trayectoria en el servicio p\u00fablico: en el a\u00f1o 2003 fue elegida como fiscal de distrito en San Francisco; all\u00ed cre\u00f3 un programa para posibilitar que las personas con cargos relacionados con drogas accedieran a una educaci\u00f3n secundaria y a un empleo. Este programa fue despu\u00e9s tomado como modelo a nivel nacional.<br><br>De all\u00ed pas\u00f3 a ser electa Fiscal General de California, en el a\u00f1o 2010. Se trataba del departamento de justicia estatal m\u00e1s grande del pa\u00eds, y nuevamente fij\u00f3 par\u00e1metros en materia de justicia infantil y de reformas para asegurar mayor transparencia y rendici\u00f3n de cuentas. En 2017 prest\u00f3 juramento como senadora de los Estados Unidos. Esta experiencia de 4 a\u00f1os en la c\u00e1mara alta le ser\u00e1 de gran utilidad ahora que, como Vicepresidente del pa\u00eds, asume a la vez el cargo de presidir al Senado.<br><br>Antony Blinken es el nuevo Secretario de Estado, es decir, el pr\u00f3ximo jefe de la diplomacia estadounidense. Es descendiente de una familia de servidores p\u00fablicos y diplom\u00e1ticos, algunos de los cuales llegaron a Estados Unidos como refugiados que hu\u00edan de las persecuciones a los jud\u00edos en Rusia o de la represi\u00f3n comunista en Hungr\u00eda. Su padrastro, incluso, fue sobreviviente del Holocausto y despu\u00e9s sirvi\u00f3 en el gobierno de Kennedy, adem\u00e1s de que ejerci\u00f3 una fuerte influencia en Blinken. Su vida, por cierto, servir\u00eda para varias novelas y pel\u00edculas.<br><br>Blinken ingres\u00f3 al Departamento de Estado en 1994 y ha ocupado cargos tanto en la Casa Blanca como en el Senado, generalmente relacionados con la pol\u00edtica exterior. Desde esa \u00e9poca en el Senado conoci\u00f3 a Biden, a quien despu\u00e9s acompa\u00f1\u00f3 como asesor de seguridad nacional cuando este lleg\u00f3 a la Vicepresidencia, despu\u00e9s del triunfo de Obama en 2008. Blinken es, por lo tanto, una persona con amplia trayectoria, conocedora de la realidad internacional y partidaria de la colaboraci\u00f3n con otros pa\u00edses, lo que va en contra del aislacionismo primitivo de Trump.<br><br>Quienes est\u00e1n particularmente felices por el nombramiento de Blinken son los franceses, pues el nuevo Secretario de Estado es una especie de franc\u00e9s por adopci\u00f3n, ya que vivi\u00f3 parte de su infancia y adolescencia en Par\u00eds. Es un franc\u00f3fono y un franc\u00f3filo, como coment\u00f3 hace unos d\u00edas un diplom\u00e1tico franc\u00e9s. De hecho, el Ministro de Exteriores, Jean-Yves Le Drian, est\u00e1 feliz, pues no s\u00f3lo conoce al nuevo Secretario de Estado, sino que son amigos, lo que contribuye, al menos en Francia, a sentir que soplan nuevos aires, m\u00e1s frescos, despu\u00e9s del paso grotesco de Trump.<br><br>Por \u00faltimo, hablaremos hoy del Secretario de Defensa designado, el general retirado Lloyd Austin. Es, como ya dijimos, la primera vez que un afroamericano es designado para estar al frente de las fuerzas armadas m\u00e1s poderosos del mundo. Pero adem\u00e1s fue el primer afroamericano en dirigir al Comando Central, pieza fundamental de la defensa militar estadounidense. Austin es un militar de un gran prestigio y que, como es tradicional en los Estados Unidos, se ha mantenido al margen de asuntos pol\u00edticos. Su designaci\u00f3n es celebrada como un cambio en la c\u00fapula militar, generalmente dominada por \u201cblancos\u201d. Si bien algunos sectores no ven bien que un militar (retirado) llegue a la posici\u00f3n que ocupar\u00e1 Austin, pues por regla general \u2013como en la mayor\u00eda de las democracias occidentales- se prefiere a un civil al frente de las fuerzas armadas, tambi\u00e9n es cierto que nadie duda de las credenciales profesionales y personales de Austin, por lo que el Congreso le concedi\u00f3 un permiso especial para poder ocupar el cargo antes de los siete a\u00f1os despu\u00e9s del retiro que la ley marca para que un militar pueda quedar al frente del Pent\u00e1gono.<br><br>Biden tiene una tarea enorme frente a s\u00ed: reconciliar a una naci\u00f3n dividida, que adem\u00e1s est\u00e1 envenenada por el legado y la lengua de Trump. Debe considerar, adem\u00e1s, que el \u201ctrumpismo\u201d no desaparecer\u00e1 ahora que Trump ya est\u00e1 de vacaciones, ni aunque quede vetado para ocupar alg\u00fan cargo p\u00fablico. En las siguientes entregas seguiremos analizando a los miembros m\u00e1s importantes del nuevo gabinete presidencial estadounidense, quienes est\u00e1n muy lejos de parecerse a los \u201cfloreros\u201d del gabinete federal mexicano. Esto deber\u00eda haber ya provocado una seria y profunda reflexi\u00f3n en el Presidente L\u00f3pez, pues ahora s\u00ed tendr\u00e1 que tratar y negociar con un equipo m\u00e1s profesional y de visi\u00f3n m\u00e1s amplia y profunda que el que acompa\u00f1\u00f3 a Trump, quien s\u00f3lo mostraba inter\u00e9s muy rudimentario en algunos temas como el muro, los inmigrantes o los aranceles. Con ocurrencias ma\u00f1aneras no se puede hacer pol\u00edtica exterior.<\/td><\/tr><tr><td>*<strong><em>Dr. Herminio S. de la Barquera A.<\/em><\/strong><br>Decano de Ciencias Sociales<br>UPAEP<\/td><\/tr><\/tbody><\/table><\/figure>\n","protected":false},"excerpt":{"rendered":"<p>Por Dr. Herminio S. de la Barquera A.* Nadie podr\u00e1 negar que el tema de esta semana es la toma [&hellip;]<\/p>\n","protected":false},"author":1,"featured_media":3697,"comment_status":"open","ping_status":"open","sticky":false,"template":"","format":"standard","meta":{"site-sidebar-layout":"default","site-content-layout":"","ast-site-content-layout":"default","site-content-style":"default","site-sidebar-style":"default","ast-global-header-display":"","ast-banner-title-visibility":"","ast-main-header-display":"","ast-hfb-above-header-display":"","ast-hfb-below-header-display":"","ast-hfb-mobile-header-display":"","site-post-title":"","ast-breadcrumbs-content":"","ast-featured-img":"","footer-sml-layout":"","theme-transparent-header-meta":"","adv-header-id-meta":"","stick-header-meta":"","header-above-stick-meta":"","header-main-stick-meta":"","header-below-stick-meta":"","astra-migrate-meta-layouts":"default","ast-page-background-enabled":"default","ast-page-background-meta":{"desktop":{"background-color":"var(--ast-global-color-4)","background-image":"","background-repeat":"repeat","background-position":"center center","background-size":"auto","background-attachment":"scroll","background-type":"","background-media":"","overlay-type":"","overlay-color":"","overlay-opacity":"","overlay-gradient":""},"tablet":{"background-color":"","background-image":"","background-repeat":"repeat","background-position":"center center","background-size":"auto","background-attachment":"scroll","background-type":"","background-media":"","overlay-type":"","overlay-color":"","overlay-opacity":"","overlay-gradient":""},"mobile":{"background-color":"","background-image":"","background-repeat":"repeat","background-position":"center center","background-size":"auto","background-attachment":"scroll","background-type":"","background-media":"","overlay-type":"","overlay-color":"","overlay-opacity":"","overlay-gradient":""}},"ast-content-background-meta":{"desktop":{"background-color":"var(--ast-global-color-5)","background-image":"","background-repeat":"repeat","background-position":"center center","background-size":"auto","background-attachment":"scroll","background-type":"","background-media":"","overlay-type":"","overlay-color":"","overlay-opacity":"","overlay-gradient":""},"tablet":{"background-color":"var(--ast-global-color-5)","background-image":"","background-repeat":"repeat","background-position":"center center","background-size":"auto","background-attachment":"scroll","background-type":"","background-media":"","overlay-type":"","overlay-color":"","overlay-opacity":"","overlay-gradient":""},"mobile":{"background-color":"var(--ast-global-color-5)","background-image":"","background-repeat":"repeat","background-position":"center center","background-size":"auto","background-attachment":"scroll","background-type":"","background-media":"","overlay-type":"","overlay-color":"","overlay-opacity":"","overlay-gradient":""}},"footnotes":""},"categories":[20],"tags":[],"class_list":["post-3696","post","type-post","status-publish","format-standard","has-post-thumbnail","hentry","category-analisis-estrategico"],"_links":{"self":[{"href":"https:\/\/losperiodistas.com.mx\/portal\/wp-json\/wp\/v2\/posts\/3696","targetHints":{"allow":["GET"]}}],"collection":[{"href":"https:\/\/losperiodistas.com.mx\/portal\/wp-json\/wp\/v2\/posts"}],"about":[{"href":"https:\/\/losperiodistas.com.mx\/portal\/wp-json\/wp\/v2\/types\/post"}],"author":[{"embeddable":true,"href":"https:\/\/losperiodistas.com.mx\/portal\/wp-json\/wp\/v2\/users\/1"}],"replies":[{"embeddable":true,"href":"https:\/\/losperiodistas.com.mx\/portal\/wp-json\/wp\/v2\/comments?post=3696"}],"version-history":[{"count":1,"href":"https:\/\/losperiodistas.com.mx\/portal\/wp-json\/wp\/v2\/posts\/3696\/revisions"}],"predecessor-version":[{"id":3698,"href":"https:\/\/losperiodistas.com.mx\/portal\/wp-json\/wp\/v2\/posts\/3696\/revisions\/3698"}],"wp:featuredmedia":[{"embeddable":true,"href":"https:\/\/losperiodistas.com.mx\/portal\/wp-json\/wp\/v2\/media\/3697"}],"wp:attachment":[{"href":"https:\/\/losperiodistas.com.mx\/portal\/wp-json\/wp\/v2\/media?parent=3696"}],"wp:term":[{"taxonomy":"category","embeddable":true,"href":"https:\/\/losperiodistas.com.mx\/portal\/wp-json\/wp\/v2\/categories?post=3696"},{"taxonomy":"post_tag","embeddable":true,"href":"https:\/\/losperiodistas.com.mx\/portal\/wp-json\/wp\/v2\/tags?post=3696"}],"curies":[{"name":"wp","href":"https:\/\/api.w.org\/{rel}","templated":true}]}}