{"id":36959,"date":"2022-09-16T07:46:42","date_gmt":"2022-09-16T12:46:42","guid":{"rendered":"http:\/\/losperiodistas.com.mx\/portal\/?p=36959"},"modified":"2022-09-16T07:49:30","modified_gmt":"2022-09-16T12:49:30","slug":"escalan-estela-de-luz-en-protesta-por-las-desapariciones-en-mexico-videos-proceso","status":"publish","type":"post","link":"https:\/\/losperiodistas.com.mx\/portal\/escalan-estela-de-luz-en-protesta-por-las-desapariciones-en-mexico-videos-proceso\/","title":{"rendered":"Escalan Estela de Luz en protesta por las desapariciones en M\u00e9xico (Videos) | Proceso"},"content":{"rendered":"\n<p><strong>La escalada comenz\u00f3 minutos despu\u00e9s de las 6:00 horas de la ma\u00f1ana de este 15 de septiembre como parte de una&nbsp;protesta pac\u00edfica&nbsp;organizada por miembros del colectivo&nbsp;Hasta Encontrarte, integrado por&nbsp;familiares de desaparecidos y v\u00edctimas de violencia.<\/strong><\/p>\n\n\n\n<p><\/p>\n\n\n\n<figure class=\"wp-block-image size-full is-style-default\"><img fetchpriority=\"high\" decoding=\"async\" width=\"800\" height=\"450\" src=\"https:\/\/losperiodistas.com.mx\/portal\/wp-content\/uploads\/2022\/09\/f800x450-161269_212715_5050.jpeg\" alt=\"\" class=\"wp-image-36960\" srcset=\"https:\/\/losperiodistas.com.mx\/portal\/wp-content\/uploads\/2022\/09\/f800x450-161269_212715_5050.jpeg 800w, https:\/\/losperiodistas.com.mx\/portal\/wp-content\/uploads\/2022\/09\/f800x450-161269_212715_5050-300x169.jpeg 300w, https:\/\/losperiodistas.com.mx\/portal\/wp-content\/uploads\/2022\/09\/f800x450-161269_212715_5050-768x432.jpeg 768w\" sizes=\"(max-width: 800px) 100vw, 800px\" \/><figcaption>Dos mujeres escalan la Estela de Luz. Foto: @HEncontrarte<\/figcaption><\/figure>\n\n\n\n<p class=\"has-vivid-cyan-blue-color has-text-color has-medium-font-size\">REDACCI\u00d3N PROCESO<\/p>\n\n\n\n<p>CIUDAD DE M\u00c9XICO (apro).- Dos activistas escalaron la&nbsp;Estela de Luz, que Felipe Calder\u00f3n orden\u00f3 construir, para desplegar una manta en protesta por los desaparecidos en M\u00e9xico.<\/p>\n\n\n\n<figure class=\"wp-block-embed is-type-rich is-provider-twitter wp-block-embed-twitter\"><div class=\"wp-block-embed__wrapper\">\n<blockquote class=\"twitter-tweet\" data-width=\"500\" data-dnt=\"true\"><p lang=\"es\" dir=\"ltr\">Esta toma de la escalada por la paz es reflejo de nuestra resistencia contra quienes decidieron violar la constituci\u00f3n y no escuchar a las v\u00edctimas. <br><br>En breve se desplegar\u00e1 una manta monumental con nuestro mensaje contra la militarizaci\u00f3n del pa\u00eds.<br><br>Video <a href=\"https:\/\/twitter.com\/BrigadaMarabunt?ref_src=twsrc%5Etfw\">@BrigadaMarabunt<\/a> <a href=\"https:\/\/t.co\/SzWBPxYMRs\">pic.twitter.com\/SzWBPxYMRs<\/a><\/p>&mdash; Hasta Encontrarte (@HEncontrarte) <a href=\"https:\/\/twitter.com\/HEncontrarte\/status\/1570428026349064194?ref_src=twsrc%5Etfw\">September 15, 2022<\/a><\/blockquote><script async src=\"https:\/\/platform.twitter.com\/widgets.js\" charset=\"utf-8\"><\/script>\n<\/div><\/figure>\n\n\n\n<p>Las activistas escalaron el monumento de 104 metros que ha sido tomado por familiares de desaparecidos desde que fue levantada en 2011 con motivo de los festejos del Bicentenario de la Independencia Mexicana y del Centenario de la Revoluci\u00f3n Mexicana.<\/p>\n\n\n\n<h5 class=\"wp-block-heading\">NOTICIAS RELACIONADAS<\/h5>\n\n\n\n<ul class=\"wp-block-list\"><li><a href=\"https:\/\/www.proceso.com.mx\/reportajes\/2022\/8\/30\/busqueda-tortuosa-de-desaparecidos-en-las-rutas-de-la-muerte-292436.html\">B\u00fasqueda tortuosa de desaparecidos en las rutas de la muerte<\/a><\/li><li><a href=\"https:\/\/www.proceso.com.mx\/nacional\/estados\/2022\/8\/30\/colectivos-de-desaparecidos-de-veracruz-exigen-avanzar-en-casos-rezagados-de-identificacion-forense-292452.html\">Colectivos de desaparecidos de Veracruz exigen avanzar en casos rezagados de identificaci\u00f3n forense<\/a><\/li><li><a href=\"https:\/\/www.proceso.com.mx\/nacional\/2022\/8\/30\/edomex-tamaulipas-jalisco-los-estados-con-el-mayor-numero-de-menores-desaparecidos-292393.html\">Edomex, Tamaulipas y Jalisco, los estados con el mayor n\u00famero de menores desaparecidos<\/a><\/li><li><a href=\"https:\/\/www.proceso.com.mx\/nacional\/2022\/8\/30\/familiares-de-desaparecidos-alertan-por-52-mil-cuerpos-sin-identificar-resguardados-por-autoridades-292412.html\">Familiares de desaparecidos alertan por 52 mil cuerpos sin identificar resguardados por autoridades<\/a><\/li><li><a href=\"https:\/\/www.proceso.com.mx\/nacional\/2022\/8\/13\/madres-de-desaparecidos-reprochan-que-se-use-un-helicoptero-de-la-marina-para-trasladar-una-botarga-291434.html\">Madres de desaparecidos reprochan que se use un helic\u00f3ptero de la Marina para trasladar una botarga<\/a><\/li><\/ul>\n\n\n\n<p>La escalada comenz\u00f3 minutos despu\u00e9s de las 6:00 horas de la ma\u00f1ana de este 15 de septiembre como parte de una&nbsp;protesta pac\u00edfica&nbsp;organizada por miembros del colectivo&nbsp;Hasta Encontrarte, integrado por&nbsp;familiares de desaparecidos y v\u00edctimas de violencia.<\/p>\n\n\n\n<figure class=\"wp-block-embed is-type-rich is-provider-twitter wp-block-embed-twitter\"><div class=\"wp-block-embed__wrapper\">\n<blockquote class=\"twitter-tweet\" data-width=\"500\" data-dnt=\"true\"><p lang=\"es\" dir=\"ltr\">En nuestra manifestaci\u00f3n pac\u00edfica dos personas est\u00e1n escalando la <a href=\"https:\/\/twitter.com\/hashtag\/EstelaDeLuz?src=hash&amp;ref_src=twsrc%5Etfw\">#EstelaDeLuz<\/a> para desplegar un mensaje por la paz. <a href=\"https:\/\/t.co\/fYGPUH8AMY\">pic.twitter.com\/fYGPUH8AMY<\/a><\/p>&mdash; Hasta Encontrarte (@HEncontrarte) <a href=\"https:\/\/twitter.com\/HEncontrarte\/status\/1570384924947120129?ref_src=twsrc%5Etfw\">September 15, 2022<\/a><\/blockquote><script async src=\"https:\/\/platform.twitter.com\/widgets.js\" charset=\"utf-8\"><\/script>\n<\/div><\/figure>\n\n\n\n<p>En redes sociales difundieron la acci\u00f3n de las dos mujeres subiendo por la parte interna del monumento que cost\u00f3&nbsp;mil millones de pesos.&nbsp;<\/p>\n\n\n\n<p>A los pies de la Estela de Luz se form\u00f3 un cintur\u00f3n de seguridad conformado por familiares de desaparecidos. La&nbsp;Brigada Marabunta&nbsp;tambi\u00e9n se encuentra en el lugar brindando apoyo a los manifestantes.<\/p>\n\n\n\n<figure class=\"wp-block-embed is-type-rich is-provider-twitter wp-block-embed-twitter\"><div class=\"wp-block-embed__wrapper\">\n<blockquote class=\"twitter-tweet\" data-width=\"500\" data-dnt=\"true\"><p lang=\"es\" dir=\"ltr\">Estamos familiares del colectivo en una manifestaci\u00f3n pac\u00edfica en la estela de la paz para exigir que cese la violencia en el pa\u00eds. <a href=\"https:\/\/twitter.com\/hashtag\/NiPerd%C3%B3nNiOlvido?src=hash&amp;ref_src=twsrc%5Etfw\">#NiPerd\u00f3nNiOlvido<\/a> <a href=\"https:\/\/t.co\/MirtFil1FE\">pic.twitter.com\/MirtFil1FE<\/a><\/p>&mdash; Hasta Encontrarte (@HEncontrarte) <a href=\"https:\/\/twitter.com\/HEncontrarte\/status\/1570379360041054208?ref_src=twsrc%5Etfw\">September 15, 2022<\/a><\/blockquote><script async src=\"https:\/\/platform.twitter.com\/widgets.js\" charset=\"utf-8\"><\/script>\n<\/div><\/figure>\n\n\n\n<p>Fuente: https:\/\/www.proceso.com.mx\/nacional\/2022\/9\/15\/escalan-estela-de-luz-en-protesta-por-las-desapariciones-en-mexico-videos-293378.html <\/p>\n","protected":false},"excerpt":{"rendered":"<p>La escalada comenz\u00f3 minutos despu\u00e9s de las 6:00 horas de la ma\u00f1ana de este 15 de septiembre como parte de [&hellip;]<\/p>\n","protected":false},"author":1,"featured_media":36960,"comment_status":"open","ping_status":"open","sticky":false,"template":"","format":"standard","meta":{"site-sidebar-layout":"default","site-content-layout":"","ast-site-content-layout":"default","site-content-style":"default","site-sidebar-style":"default","ast-global-header-display":"","ast-banner-title-visibility":"","ast-main-header-display":"","ast-hfb-above-header-display":"","ast-hfb-below-header-display":"","ast-hfb-mobile-header-display":"","site-post-title":"","ast-breadcrumbs-content":"","ast-featured-img":"","footer-sml-layout":"","theme-transparent-header-meta":"","adv-header-id-meta":"","stick-header-meta":"","header-above-stick-meta":"","header-main-stick-meta":"","header-below-stick-meta":"","astra-migrate-meta-layouts":"default","ast-page-background-enabled":"default","ast-page-background-meta":{"desktop":{"background-color":"var(--ast-global-color-4)","background-image":"","background-repeat":"repeat","background-position":"center center","background-size":"auto","background-attachment":"scroll","background-type":"","background-media":"","overlay-type":"","overlay-color":"","overlay-opacity":"","overlay-gradient":""},"tablet":{"background-color":"","background-image":"","background-repeat":"repeat","background-position":"center center","background-size":"auto","background-attachment":"scroll","background-type":"","background-media":"","overlay-type":"","overlay-color":"","overlay-opacity":"","overlay-gradient":""},"mobile":{"background-color":"","background-image":"","background-repeat":"repeat","background-position":"center center","background-size":"auto","background-attachment":"scroll","background-type":"","background-media":"","overlay-type":"","overlay-color":"","overlay-opacity":"","overlay-gradient":""}},"ast-content-background-meta":{"desktop":{"background-color":"var(--ast-global-color-5)","background-image":"","background-repeat":"repeat","background-position":"center center","background-size":"auto","background-attachment":"scroll","background-type":"","background-media":"","overlay-type":"","overlay-color":"","overlay-opacity":"","overlay-gradient":""},"tablet":{"background-color":"var(--ast-global-color-5)","background-image":"","background-repeat":"repeat","background-position":"center center","background-size":"auto","background-attachment":"scroll","background-type":"","background-media":"","overlay-type":"","overlay-color":"","overlay-opacity":"","overlay-gradient":""},"mobile":{"background-color":"var(--ast-global-color-5)","background-image":"","background-repeat":"repeat","background-position":"center center","background-size":"auto","background-attachment":"scroll","background-type":"","background-media":"","overlay-type":"","overlay-color":"","overlay-opacity":"","overlay-gradient":""}},"footnotes":""},"categories":[8],"tags":[12576,12574,12577],"class_list":["post-36959","post","type-post","status-publish","format-standard","has-post-thumbnail","hentry","category-noticias","tag-niperdonniolvido","tag-hencontrarte","tag-brigada-marabunta"],"_links":{"self":[{"href":"https:\/\/losperiodistas.com.mx\/portal\/wp-json\/wp\/v2\/posts\/36959","targetHints":{"allow":["GET"]}}],"collection":[{"href":"https:\/\/losperiodistas.com.mx\/portal\/wp-json\/wp\/v2\/posts"}],"about":[{"href":"https:\/\/losperiodistas.com.mx\/portal\/wp-json\/wp\/v2\/types\/post"}],"author":[{"embeddable":true,"href":"https:\/\/losperiodistas.com.mx\/portal\/wp-json\/wp\/v2\/users\/1"}],"replies":[{"embeddable":true,"href":"https:\/\/losperiodistas.com.mx\/portal\/wp-json\/wp\/v2\/comments?post=36959"}],"version-history":[{"count":2,"href":"https:\/\/losperiodistas.com.mx\/portal\/wp-json\/wp\/v2\/posts\/36959\/revisions"}],"predecessor-version":[{"id":36962,"href":"https:\/\/losperiodistas.com.mx\/portal\/wp-json\/wp\/v2\/posts\/36959\/revisions\/36962"}],"wp:featuredmedia":[{"embeddable":true,"href":"https:\/\/losperiodistas.com.mx\/portal\/wp-json\/wp\/v2\/media\/36960"}],"wp:attachment":[{"href":"https:\/\/losperiodistas.com.mx\/portal\/wp-json\/wp\/v2\/media?parent=36959"}],"wp:term":[{"taxonomy":"category","embeddable":true,"href":"https:\/\/losperiodistas.com.mx\/portal\/wp-json\/wp\/v2\/categories?post=36959"},{"taxonomy":"post_tag","embeddable":true,"href":"https:\/\/losperiodistas.com.mx\/portal\/wp-json\/wp\/v2\/tags?post=36959"}],"curies":[{"name":"wp","href":"https:\/\/api.w.org\/{rel}","templated":true}]}}