{"id":36928,"date":"2022-09-15T12:55:38","date_gmt":"2022-09-15T17:55:38","guid":{"rendered":"http:\/\/losperiodistas.com.mx\/portal\/?p=36928"},"modified":"2022-09-15T12:55:40","modified_gmt":"2022-09-15T17:55:40","slug":"el-pan-ahora","status":"publish","type":"post","link":"https:\/\/losperiodistas.com.mx\/portal\/el-pan-ahora\/","title":{"rendered":"El PAN ahora"},"content":{"rendered":"\n<p><\/p>\n\n\n\n<p><\/p>\n\n\n\n<p class=\"has-vivid-cyan-blue-color has-text-color\" style=\"font-size:26px\"><strong><em>Por Humberto Aguilar Coronado<\/em><\/strong><\/p>\n\n\n\n<p>Vivimos en un momento determinante para el futuro de Acci\u00f3n Nacional, de Puebla y de M\u00e9xico.<\/p>\n\n\n\n<p>Como partido vivimos de la confianza ciudadana y esa, se debe expresar en votos para nuestros candidatos para generar el bien.<\/p>\n\n\n\n<p>La responsabilidad del PAN en el entorno pol\u00edtico actual es, posiblemente, la m\u00e1s grande de su historia.<\/p>\n\n\n\n<p>Tenemos retos enormes que debemos enfrentar con dignidad, responsabilidad y unidad.<\/p>\n\n\n\n<p>Las y los panistas que hoy tenemos que vivir y cumplir nuestro deber con nuestro partido y con la sociedad, tenemos que honrar nuestro compromiso de trabajar por el bien de Puebla con \u00e9tica y l\u00f3gica pol\u00edtica.<\/p>\n\n\n\n<p>Nuestra m\u00edstica de humanismo pol\u00edtico, de apego con la realidad, debe fortalecerse con el contacto directo con las personas, familias, comunidades y regiones a las que servimos, para hacernos conscientes que Puebla y M\u00e9xico, no van por buen camino y es urgente corregir el rumbo.<\/p>\n\n\n\n<p>Acci\u00f3n Nacional es una fuerza pol\u00edtica actuante y con arraigo ideol\u00f3gico en M\u00e9xico.<\/p>\n\n\n\n<p>Representamos a un importante n\u00famero de ciudadanos que, aunque no compartan plenamente el cat\u00e1logo ideol\u00f3gico que nos inspira, si ven en el PAN un veh\u00edculo de lucha, de esperanza, de victoria.<\/p>\n\n\n\n<p>En estos momentos, el espectro de representaci\u00f3n pol\u00edtica del PAN, debe incluir a los aliados ideol\u00f3gicos y a los de coyuntura para enfrentar los retos que vienen.<\/p>\n\n\n\n<p>Somos una poderosa opci\u00f3n pol\u00edtica que ha sido capaz de construir acuerdos, alianzas y coaliciones en momentos pol\u00edticos complejos.<\/p>\n\n\n\n<p>Afuera se est\u00e1n conformando grupos de oposici\u00f3n que demandan nuestra claridad y nuestro compromiso para combatir los errores de los presentes gobiernos, para enfrentar con \u00e9xito el reto del 24.<\/p>\n\n\n\n<p>Pero que no se nos olvide<strong>:<\/strong> La identidad panista no se debe dejar atr\u00e1s por simples criterios que suponen eficacia electoral o eficiencia gubernamental.<\/p>\n\n\n\n<p>Corregir el rumbo de Puebla, rescatar a M\u00e9xico y arrebat\u00e1rselos a quienes ejercen el poder de forma desordenada, hip\u00f3crita y mentirosa, son un desaf\u00edo may\u00fasculo que nadie puede lograr solo.<\/p>\n\n\n\n<p>Estoy convencido que lo tenemos que hacer entre todas y todos.<\/p>\n\n\n\n<p>Alcanzar el gobierno para garantizar la vivencia del bien com\u00fan, la justicia, la seguridad, la defensa del inter\u00e9s colectivo y el respeto y la protecci\u00f3n de la persona humana, es una misi\u00f3n tan necesaria como posible.<\/p>\n\n\n\n<p>En el PAN debemos construir en unidad, la ruta que nos libere de la amenaza, la revancha y la no colaboraci\u00f3n.<\/p>\n\n\n\n<p>Necesitamos corregir el rumbo de Puebla y de M\u00e9xico con fe,&nbsp; esperanza y amor, buscando la reconciliaci\u00f3n de los panistas y los poblanos.<\/p>\n\n\n\n<p>Sostengo que en el PAN cabemos TODOS, y si queremos tener \u00e9xito en los siguientes retos, debemos estar e ir: <strong>TODOS, JUNTOS, UNIDOS y EN LA MISMA DIRECCI\u00d3N.<\/strong><\/p>\n\n\n\n<p>*Es Diputado Federal del PAN por Puebla<\/p>\n","protected":false},"excerpt":{"rendered":"<p>Por Humberto Aguilar Coronado Vivimos en un momento determinante para el futuro de Acci\u00f3n Nacional, de Puebla y de M\u00e9xico. [&hellip;]<\/p>\n","protected":false},"author":1,"featured_media":36929,"comment_status":"open","ping_status":"open","sticky":false,"template":"","format":"standard","meta":{"site-sidebar-layout":"default","site-content-layout":"","ast-site-content-layout":"default","site-content-style":"default","site-sidebar-style":"default","ast-global-header-display":"","ast-banner-title-visibility":"","ast-main-header-display":"","ast-hfb-above-header-display":"","ast-hfb-below-header-display":"","ast-hfb-mobile-header-display":"","site-post-title":"","ast-breadcrumbs-content":"","ast-featured-img":"","footer-sml-layout":"","theme-transparent-header-meta":"","adv-header-id-meta":"","stick-header-meta":"","header-above-stick-meta":"","header-main-stick-meta":"","header-below-stick-meta":"","astra-migrate-meta-layouts":"default","ast-page-background-enabled":"default","ast-page-background-meta":{"desktop":{"background-color":"var(--ast-global-color-4)","background-image":"","background-repeat":"repeat","background-position":"center center","background-size":"auto","background-attachment":"scroll","background-type":"","background-media":"","overlay-type":"","overlay-color":"","overlay-opacity":"","overlay-gradient":""},"tablet":{"background-color":"","background-image":"","background-repeat":"repeat","background-position":"center center","background-size":"auto","background-attachment":"scroll","background-type":"","background-media":"","overlay-type":"","overlay-color":"","overlay-opacity":"","overlay-gradient":""},"mobile":{"background-color":"","background-image":"","background-repeat":"repeat","background-position":"center center","background-size":"auto","background-attachment":"scroll","background-type":"","background-media":"","overlay-type":"","overlay-color":"","overlay-opacity":"","overlay-gradient":""}},"ast-content-background-meta":{"desktop":{"background-color":"var(--ast-global-color-5)","background-image":"","background-repeat":"repeat","background-position":"center center","background-size":"auto","background-attachment":"scroll","background-type":"","background-media":"","overlay-type":"","overlay-color":"","overlay-opacity":"","overlay-gradient":""},"tablet":{"background-color":"var(--ast-global-color-5)","background-image":"","background-repeat":"repeat","background-position":"center center","background-size":"auto","background-attachment":"scroll","background-type":"","background-media":"","overlay-type":"","overlay-color":"","overlay-opacity":"","overlay-gradient":""},"mobile":{"background-color":"var(--ast-global-color-5)","background-image":"","background-repeat":"repeat","background-position":"center center","background-size":"auto","background-attachment":"scroll","background-type":"","background-media":"","overlay-type":"","overlay-color":"","overlay-opacity":"","overlay-gradient":""}},"footnotes":""},"categories":[8,18],"tags":[4120,248],"class_list":["post-36928","post","type-post","status-publish","format-standard","has-post-thumbnail","hentry","category-noticias","category-palabra-de-tigre","tag-mexico-2024","tag-pan"],"_links":{"self":[{"href":"https:\/\/losperiodistas.com.mx\/portal\/wp-json\/wp\/v2\/posts\/36928","targetHints":{"allow":["GET"]}}],"collection":[{"href":"https:\/\/losperiodistas.com.mx\/portal\/wp-json\/wp\/v2\/posts"}],"about":[{"href":"https:\/\/losperiodistas.com.mx\/portal\/wp-json\/wp\/v2\/types\/post"}],"author":[{"embeddable":true,"href":"https:\/\/losperiodistas.com.mx\/portal\/wp-json\/wp\/v2\/users\/1"}],"replies":[{"embeddable":true,"href":"https:\/\/losperiodistas.com.mx\/portal\/wp-json\/wp\/v2\/comments?post=36928"}],"version-history":[{"count":1,"href":"https:\/\/losperiodistas.com.mx\/portal\/wp-json\/wp\/v2\/posts\/36928\/revisions"}],"predecessor-version":[{"id":36930,"href":"https:\/\/losperiodistas.com.mx\/portal\/wp-json\/wp\/v2\/posts\/36928\/revisions\/36930"}],"wp:featuredmedia":[{"embeddable":true,"href":"https:\/\/losperiodistas.com.mx\/portal\/wp-json\/wp\/v2\/media\/36929"}],"wp:attachment":[{"href":"https:\/\/losperiodistas.com.mx\/portal\/wp-json\/wp\/v2\/media?parent=36928"}],"wp:term":[{"taxonomy":"category","embeddable":true,"href":"https:\/\/losperiodistas.com.mx\/portal\/wp-json\/wp\/v2\/categories?post=36928"},{"taxonomy":"post_tag","embeddable":true,"href":"https:\/\/losperiodistas.com.mx\/portal\/wp-json\/wp\/v2\/tags?post=36928"}],"curies":[{"name":"wp","href":"https:\/\/api.w.org\/{rel}","templated":true}]}}