{"id":36913,"date":"2022-09-15T10:19:52","date_gmt":"2022-09-15T15:19:52","guid":{"rendered":"http:\/\/losperiodistas.com.mx\/portal\/?p=36913"},"modified":"2022-09-15T10:19:54","modified_gmt":"2022-09-15T15:19:54","slug":"rodrigo-abdala-no-soy-enemigo-de-barbosa-e-consulta","status":"publish","type":"post","link":"https:\/\/losperiodistas.com.mx\/portal\/rodrigo-abdala-no-soy-enemigo-de-barbosa-e-consulta\/","title":{"rendered":"Rodrigo Abdala: \u201cno soy enemigo de Barbosa\u201d | E-Consulta"},"content":{"rendered":"\n<p class=\"has-medium-font-size\"><strong>Rodrigo Abdala, nuevo delegado de la Secretar\u00eda de Bienestar en Puebla, busca reunirse con el gobernador Miguel Barbosa, pues asegur\u00f3 que aunque est\u00e9 lo descalifique no son enemigos<\/strong><\/p>\n\n\n\n<p><\/p>\n\n\n\n<figure class=\"wp-block-image size-full is-style-default\"><img fetchpriority=\"high\" decoding=\"async\" width=\"640\" height=\"426\" src=\"https:\/\/losperiodistas.com.mx\/portal\/wp-content\/uploads\/2022\/09\/rodrigo_abdala_no_soy_enemigo_de_barbosao.jpg\" alt=\"\" class=\"wp-image-36914\" srcset=\"https:\/\/losperiodistas.com.mx\/portal\/wp-content\/uploads\/2022\/09\/rodrigo_abdala_no_soy_enemigo_de_barbosao.jpg 640w, https:\/\/losperiodistas.com.mx\/portal\/wp-content\/uploads\/2022\/09\/rodrigo_abdala_no_soy_enemigo_de_barbosao-300x200.jpg 300w\" sizes=\"(max-width: 640px) 100vw, 640px\" \/><figcaption><em>Foto \/ e-consulta<\/em><\/figcaption><\/figure>\n\n\n\n<p class=\"has-vivid-cyan-blue-color has-text-color has-medium-font-size\">BERENICE MART\u00cdNEZ \/ E-CONSULTA<\/p>\n\n\n\n<p>El delegado de la&nbsp;<strong>Secretar\u00eda de Bienestar<\/strong>&nbsp;en Puebla,&nbsp;<strong><a href=\"http:\/\/www.e-consulta.com\/nota\/2022-09-01\/politica\/perfil-rodrigo-abdala-de-nuevo-super-delegado-en-puebla\">Rodrigo Abdal<\/a><\/strong><a href=\"http:\/\/www.e-consulta.com\/nota\/2022-09-01\/politica\/perfil-rodrigo-abdala-de-nuevo-super-delegado-en-puebla\"><strong>a Dartigues<\/strong><\/a>, se dijo defensor de la libertad de expresi\u00f3n, as\u00ed que respeta los dichos del gobernador&nbsp;<strong>Luis Miguel Barbosa Huerta<\/strong>, quien reprob\u00f3 su regreso al estado, se\u00f1al\u00f3 que es enviado de su t\u00edo, el exgobernador&nbsp;<strong>Manuel Bartlett D\u00edaz,<\/strong>&nbsp;y lo tach\u00f3 de&nbsp;<strong>operador pol\u00edtico in\u00fatil.<\/strong><\/p>\n\n\n\n<p>En entrevista con el programa \u201c<strong><a href=\"https:\/\/youtu.be\/ZF-tdEGh-1E\" target=\"_blank\" rel=\"noreferrer noopener\">Ante la corte<\/a><\/strong>\u201d, de&nbsp;<strong>e-consulta<\/strong>, el funcionario federal se\u00f1al\u00f3 que el mandatario est\u00e1 en su derecho de expresarse, por lo cual&nbsp;<strong>rechaz\u00f3 alguna fricci\u00f3n o que sea su enemigo<\/strong>, pues afirm\u00f3 que los temas pol\u00edticos no est\u00e1n entre las prioridades de su funci\u00f3n.<\/p>\n\n\n\n<p><strong>Te recomendamos:&nbsp;<\/strong><strong><a href=\"https:\/\/www.e-consulta.com\/nota\/2022-08-26\/politica\/irrita-barbosa-regreso-de-abdala-y-paco-ramos-como-delegados\" target=\"_blank\" rel=\"noreferrer noopener\">Irrita a Barbosa regreso de Abdala y Paco Ramos como delegados<\/a><\/strong><\/p>\n\n\n\n<p>\u201cEs parte de la libertad de expresi\u00f3n, as\u00ed sea un periodista, un articulista, yo\u00a0<strong>soy de Morena<\/strong>, emano de este partido como muchos otros\u201d, dijo al rechazar que sea parte de un\u00a0<strong>grupo pol\u00edtico opositor a Barbosa Huerta.<\/strong><\/p>\n\n\n\n<figure class=\"wp-block-embed is-type-video is-provider-youtube wp-block-embed-youtube wp-embed-aspect-16-9 wp-has-aspect-ratio\"><div class=\"wp-block-embed__wrapper\">\n<iframe title=\"Ante la Corte con Rodrigo Abdala, delegado de la Secretar\u00eda del Bienestar\" width=\"500\" height=\"281\" src=\"https:\/\/www.youtube.com\/embed\/ZF-tdEGh-1E?feature=oembed\" frameborder=\"0\" allow=\"accelerometer; autoplay; clipboard-write; encrypted-media; gyroscope; picture-in-picture; web-share\" referrerpolicy=\"strict-origin-when-cross-origin\" allowfullscreen><\/iframe>\n<\/div><\/figure>\n\n\n\n<p><\/p>\n\n\n\n<p>Por ello anunci\u00f3 que&nbsp;<strong>busca reunirse con el gobernador&nbsp;<\/strong>para informarle de su cargo y tener comunicaci\u00f3n, en aras de beneficiar a las personas, pues reiter\u00f3 que&nbsp;<strong>no es su enemigo<\/strong>.<\/p>\n\n\n\n<p><strong>Sugerimos leer:&nbsp;<\/strong><strong><a href=\"https:\/\/www.e-consulta.com\/nota\/2022-07-27\/politica\/barbosa-acusa-abdala-de-acarreo-y-lucro-con-programas-4t\" target=\"_blank\" rel=\"noreferrer noopener\">Barbosa acusa a Abdala de acarreo y lucro con programas 4T<\/a><\/strong><\/p>\n\n\n\n<p>El 31 de agosto se dio a conocer su regreso como \u201cs\u00faper\u201d delegado de los Programas para el Bienestar en Puebla, pero con evidente enojo Barbosa Huerta reprob\u00f3 el nombramiento, pues lo tach\u00f3 de \u201c<strong>operador in\u00fatil<\/strong>\u201d del diputado federal\u00a0<strong>Ignacio Mier Velasco<\/strong>, que se perfila como aspirante a la gubernatura en 2024.<\/p>\n\n\n\n<p>Al respecto, Abdala Dartigues reconoci\u00f3 que conoce al coordinador de Morena en la C\u00e1mara de Diputados, pues trabajaron en la campa\u00f1a de 2012 con el entonces candidato a senador&nbsp;<strong>Manuel Bartlett D\u00edaz<\/strong>, pero sostuvo que&nbsp;<strong>desde hace tiempo no lo ha visto.<\/strong><\/p>\n\n\n\n<p>\u201cTuvimos (una relaci\u00f3n laboral), por supuesto, ya tiene un ratito que no nos vemos, pero \u00e9l&nbsp;<strong>es un<\/strong>&nbsp;<strong>actor important\u00edsimo como el se\u00f1or gobernador<\/strong>, son actores important\u00edsimos del partido aqu\u00ed en el estado de Puebla, (Mier) es el coordinador del grupo parlamentario de Morena\u201d, coment\u00f3.<\/p>\n\n\n\n<p>Asimismo,&nbsp;<strong>neg\u00f3 ser pieza de Mier Velazco<\/strong>&nbsp;o que le deba su regreso a la Secretar\u00eda de Bienestar, como acus\u00f3 el mandatario, pues refiri\u00f3 que quien lo nombr\u00f3 en el cargo fue el presidente&nbsp;<strong>Andr\u00e9s Manuel L\u00f3pez Obrador.<\/strong><\/p>\n\n\n\n<p>\u201cNo, eso no es cierto, por supuesto que no,\u00a0<strong>yo llegu\u00e9 por el se\u00f1or<\/strong>\u00a0<strong>presidente a ser delegado en el 2018<\/strong>, \u00e9l mismo me hace la invitaci\u00f3n a ser titular de la Unidad de Planeaci\u00f3n y Evaluaci\u00f3n de Bienestar\u201d, declar\u00f3.<\/p>\n\n\n\n<h2 class=\"wp-block-heading\"><strong>\u201cNo me veo como legislador\u201d<\/strong><\/h2>\n\n\n\n<p>Abdala Dartigues revel\u00f3 que por el momento&nbsp;<strong>no se ve como candidato a legislador&nbsp;<\/strong>en la contienda electoral de 2024, pues dijo que<strong>&nbsp;toda su atenci\u00f3n&nbsp;<\/strong>est\u00e1 en la delegaci\u00f3n de Bienestar, por lo cual neg\u00f3 que los programas sociales sean utilizados con fines electorales, como lo hac\u00edan los gobiernos antes de 2018.<\/p>\n\n\n\n<p><strong>Tambi\u00e9n puedes ver:&nbsp;<a href=\"https:\/\/www.e-consulta.com\/nota\/2022-08-11\/politica\/ignacio-mier-si-le-gana-javier-lozano-miguel-barbosa\">Ignacio Mier s\u00ed le gana a Javier Lozano: Miguel Barbosa<\/a><\/strong><\/p>\n\n\n\n<p>No obstante,\u00a0<strong>dej\u00f3 abierta la posibilidad de buscar una candidatura<\/strong>, y respecto a los apoyos del gobierno federal sostuvo que ahora la gente conoce m\u00e1s c\u00f3mo funcionan, pues ya no hay intermediarios.<\/p>\n\n\n\n<h2 class=\"wp-block-heading\"><strong>Operan 72 sucursales del Banco de Bienestar en Puebla<\/strong><\/h2>\n\n\n\n<p>En otro tema, Abdala Dartigues, revel\u00f3 que ya operan 72 sucursales del Banco de Bienestar en Puebla, pero la meta es contar con 235, por lo cual rechaz\u00f3 que exista atraso en la construcci\u00f3n.<\/p>\n\n\n\n<p>El funcionario federal coment\u00f3 que los municipios m\u00e1s grandes cuentan con m\u00e1s de una sucursal y que el objetivo es llevar el&nbsp;<strong>servicio bancario<\/strong>&nbsp;a las localidades que nunca han tenido un banco para que las personas beneficiarias&nbsp;<strong>ya no tengan que trasladarse horas y kil\u00f3metros<\/strong>&nbsp;para cobrar los&nbsp;<strong>apoyos del gobierno federal<\/strong>.<\/p>\n\n\n\n<p>Explic\u00f3 que la dependencia a su cargo cuenta con 12 programas sociales para adultos mayores, personas con discapacidad, ni\u00f1os, ni\u00f1as y adolescentes en condici\u00f3n de orfandad, hijos de madres trabajadoras y las\u00a0<strong>becas Benito Ju\u00e1rez<\/strong>\u00a0que en Puebla tiene un padr\u00f3n de 755 mil estudiantes, por mencionar algunos.<\/p>\n\n\n\n<p>\u201cLa idea es que los apoyos que reciben de la\u00a0<strong>Secretar\u00eda de Bienestar<\/strong>\u00a0o cualquier otro los puedan cobrar en esa cuenta, para eso est\u00e1 considerado el banco\u201d, afirm\u00f3 Rodrigo Abdala.<\/p>\n\n\n\n<p>Fuente: https:\/\/www.e-consulta.com\/nota\/2022-09-14\/politica\/rodrigo-abdala-no-soy-enemigo-de-barbosa<\/p>\n","protected":false},"excerpt":{"rendered":"<p>Rodrigo Abdala, nuevo delegado de la Secretar\u00eda de Bienestar en Puebla, busca reunirse con el gobernador Miguel Barbosa, pues asegur\u00f3 [&hellip;]<\/p>\n","protected":false},"author":1,"featured_media":36914,"comment_status":"open","ping_status":"open","sticky":false,"template":"","format":"standard","meta":{"site-sidebar-layout":"default","site-content-layout":"","ast-site-content-layout":"default","site-content-style":"default","site-sidebar-style":"default","ast-global-header-display":"","ast-banner-title-visibility":"","ast-main-header-display":"","ast-hfb-above-header-display":"","ast-hfb-below-header-display":"","ast-hfb-mobile-header-display":"","site-post-title":"","ast-breadcrumbs-content":"","ast-featured-img":"","footer-sml-layout":"","theme-transparent-header-meta":"","adv-header-id-meta":"","stick-header-meta":"","header-above-stick-meta":"","header-main-stick-meta":"","header-below-stick-meta":"","astra-migrate-meta-layouts":"default","ast-page-background-enabled":"default","ast-page-background-meta":{"desktop":{"background-color":"var(--ast-global-color-4)","background-image":"","background-repeat":"repeat","background-position":"center center","background-size":"auto","background-attachment":"scroll","background-type":"","background-media":"","overlay-type":"","overlay-color":"","overlay-opacity":"","overlay-gradient":""},"tablet":{"background-color":"","background-image":"","background-repeat":"repeat","background-position":"center center","background-size":"auto","background-attachment":"scroll","background-type":"","background-media":"","overlay-type":"","overlay-color":"","overlay-opacity":"","overlay-gradient":""},"mobile":{"background-color":"","background-image":"","background-repeat":"repeat","background-position":"center center","background-size":"auto","background-attachment":"scroll","background-type":"","background-media":"","overlay-type":"","overlay-color":"","overlay-opacity":"","overlay-gradient":""}},"ast-content-background-meta":{"desktop":{"background-color":"var(--ast-global-color-5)","background-image":"","background-repeat":"repeat","background-position":"center center","background-size":"auto","background-attachment":"scroll","background-type":"","background-media":"","overlay-type":"","overlay-color":"","overlay-opacity":"","overlay-gradient":""},"tablet":{"background-color":"var(--ast-global-color-5)","background-image":"","background-repeat":"repeat","background-position":"center center","background-size":"auto","background-attachment":"scroll","background-type":"","background-media":"","overlay-type":"","overlay-color":"","overlay-opacity":"","overlay-gradient":""},"mobile":{"background-color":"var(--ast-global-color-5)","background-image":"","background-repeat":"repeat","background-position":"center center","background-size":"auto","background-attachment":"scroll","background-type":"","background-media":"","overlay-type":"","overlay-color":"","overlay-opacity":"","overlay-gradient":""}},"footnotes":""},"categories":[8],"tags":[73,12572,12573],"class_list":["post-36913","post","type-post","status-publish","format-standard","has-post-thumbnail","hentry","category-noticias","tag-miguel-barbosa","tag-rodrigo-abdala","tag-secretaria-de-bienestar-puebla"],"_links":{"self":[{"href":"https:\/\/losperiodistas.com.mx\/portal\/wp-json\/wp\/v2\/posts\/36913","targetHints":{"allow":["GET"]}}],"collection":[{"href":"https:\/\/losperiodistas.com.mx\/portal\/wp-json\/wp\/v2\/posts"}],"about":[{"href":"https:\/\/losperiodistas.com.mx\/portal\/wp-json\/wp\/v2\/types\/post"}],"author":[{"embeddable":true,"href":"https:\/\/losperiodistas.com.mx\/portal\/wp-json\/wp\/v2\/users\/1"}],"replies":[{"embeddable":true,"href":"https:\/\/losperiodistas.com.mx\/portal\/wp-json\/wp\/v2\/comments?post=36913"}],"version-history":[{"count":1,"href":"https:\/\/losperiodistas.com.mx\/portal\/wp-json\/wp\/v2\/posts\/36913\/revisions"}],"predecessor-version":[{"id":36915,"href":"https:\/\/losperiodistas.com.mx\/portal\/wp-json\/wp\/v2\/posts\/36913\/revisions\/36915"}],"wp:featuredmedia":[{"embeddable":true,"href":"https:\/\/losperiodistas.com.mx\/portal\/wp-json\/wp\/v2\/media\/36914"}],"wp:attachment":[{"href":"https:\/\/losperiodistas.com.mx\/portal\/wp-json\/wp\/v2\/media?parent=36913"}],"wp:term":[{"taxonomy":"category","embeddable":true,"href":"https:\/\/losperiodistas.com.mx\/portal\/wp-json\/wp\/v2\/categories?post=36913"},{"taxonomy":"post_tag","embeddable":true,"href":"https:\/\/losperiodistas.com.mx\/portal\/wp-json\/wp\/v2\/tags?post=36913"}],"curies":[{"name":"wp","href":"https:\/\/api.w.org\/{rel}","templated":true}]}}