{"id":36909,"date":"2022-09-15T10:10:46","date_gmt":"2022-09-15T15:10:46","guid":{"rendered":"http:\/\/losperiodistas.com.mx\/portal\/?p=36909"},"modified":"2022-09-15T10:10:48","modified_gmt":"2022-09-15T15:10:48","slug":"arranca-ayuntamiento-de-puebla-con-la-rehabilitacion-vial-del-bulevar-monterrey","status":"publish","type":"post","link":"https:\/\/losperiodistas.com.mx\/portal\/arranca-ayuntamiento-de-puebla-con-la-rehabilitacion-vial-del-bulevar-monterrey\/","title":{"rendered":"Arranca Ayuntamiento de Puebla con la rehabilitaci\u00f3n vial del Bulevar Monterrey"},"content":{"rendered":"\n<ul class=\"has-black-color has-text-color has-medium-font-size wp-block-list\"><li>M\u00e1s de 10 mil personas que viven y transitan por Bosques de San Sebasti\u00e1n se beneficiar\u00e1n con esta acci\u00f3n.<\/li><\/ul>\n\n\n\n<figure class=\"wp-block-image size-large is-style-default\"><img fetchpriority=\"high\" decoding=\"async\" width=\"1024\" height=\"682\" src=\"https:\/\/losperiodistas.com.mx\/portal\/wp-content\/uploads\/2022\/09\/WhatsApp-Image-2022-09-15-at-10.02.10-AM-1024x682.jpeg\" alt=\"\" class=\"wp-image-36910\" srcset=\"https:\/\/losperiodistas.com.mx\/portal\/wp-content\/uploads\/2022\/09\/WhatsApp-Image-2022-09-15-at-10.02.10-AM-1024x682.jpeg 1024w, https:\/\/losperiodistas.com.mx\/portal\/wp-content\/uploads\/2022\/09\/WhatsApp-Image-2022-09-15-at-10.02.10-AM-300x200.jpeg 300w, https:\/\/losperiodistas.com.mx\/portal\/wp-content\/uploads\/2022\/09\/WhatsApp-Image-2022-09-15-at-10.02.10-AM-768x512.jpeg 768w, https:\/\/losperiodistas.com.mx\/portal\/wp-content\/uploads\/2022\/09\/WhatsApp-Image-2022-09-15-at-10.02.10-AM.jpeg 1280w\" sizes=\"(max-width: 1024px) 100vw, 1024px\" \/><figcaption>Ayuntamiento Puebla<\/figcaption><\/figure>\n\n\n\n<p class=\"has-vivid-cyan-blue-color has-text-color has-medium-font-size\">REDACCI\u00d3N<\/p>\n\n\n\n<p>La administraci\u00f3n municipal que encabeza Eduardo Rivera P\u00e9rez sigue construyendo Calles de 10 en todo la ciudad, por eso ya van m\u00e1s de 330 vialidades intervenidas desde que arranc\u00f3 su gesti\u00f3n, incluyendo la obra del bulevar Monterrey, donde este d\u00eda iniciaron los trabajos de relaminaci\u00f3n.<\/p>\n\n\n\n<p>Se trata de una rehabilitaci\u00f3n vial en la que se invertir\u00e1n 13.4 millones de pesos y se extender\u00e1 a lo largo de 12 calles \u2013una superficie de siete mil metros cuadrados-, detall\u00f3 el Alcalde, pues lo que se busca es beneficiar con mejores condiciones de movilidad a las m\u00e1s 10 mil personas que viven y transitan por Bosques de San Sebasti\u00e1n.<\/p>\n\n\n\n<p>Como representante del Cabildo poblano, Ana Mar\u00eda Jim\u00e9nez Ortiz, Regidora Presidenta la Comisi\u00f3n de Patrimonio y Hacienda P\u00fablica, afirm\u00f3 ante la comunidad vecinal de Bosques de San Sebasti\u00e1n que el Gobierno Municipal seguir\u00e1 haciendo el esfuerzo por estirar el recurso para seguir dando buenos resultado, pues ante los recortes presupuestales que ha sufrido la Comuna, es prioritario continuar siendo \u201cinteligentes, precisos y cuidados con el gasto y sobre qu\u00e9 obras se van elegir\u201d, apunt\u00f3.<\/p>\n\n\n\n<div class=\"wp-block-image is-style-default\"><figure class=\"alignleft size-large is-resized\"><img decoding=\"async\" src=\"https:\/\/losperiodistas.com.mx\/portal\/wp-content\/uploads\/2022\/09\/WhatsApp-Image-2022-09-15-at-10.02.09-AM-1024x682.jpeg\" alt=\"\" class=\"wp-image-36911\" width=\"502\" height=\"334\" srcset=\"https:\/\/losperiodistas.com.mx\/portal\/wp-content\/uploads\/2022\/09\/WhatsApp-Image-2022-09-15-at-10.02.09-AM-1024x682.jpeg 1024w, https:\/\/losperiodistas.com.mx\/portal\/wp-content\/uploads\/2022\/09\/WhatsApp-Image-2022-09-15-at-10.02.09-AM-300x200.jpeg 300w, https:\/\/losperiodistas.com.mx\/portal\/wp-content\/uploads\/2022\/09\/WhatsApp-Image-2022-09-15-at-10.02.09-AM-768x512.jpeg 768w, https:\/\/losperiodistas.com.mx\/portal\/wp-content\/uploads\/2022\/09\/WhatsApp-Image-2022-09-15-at-10.02.09-AM.jpeg 1280w\" sizes=\"(max-width: 502px) 100vw, 502px\" \/><figcaption>Ayuntamiento Puebla<\/figcaption><\/figure><\/div>\n\n\n\n<p>Es as\u00ed que, adem\u00e1s de restaurar la carpeta asf\u00e1ltica del bulevar Monterrey, tambi\u00e9n se van a construir banquetas, guarniciones, rampas de acceso y se van a sembrar plantas y \u00e1rboles, as\u00ed como la correcci\u00f3n de luminarias, para transformar de manera integral todo el entorno de esta v\u00eda, como tambi\u00e9n se est\u00e1 haciendo en otras tres grandes vialidades: calle Los Pinos, Camino Nacional y calle 10 de Mayo.<\/p>\n\n\n\n<p>Acompa\u00f1aron el arranque de obra Edgar V\u00e9lez Tirado, Secretario de Movilidad e Infraestructura; Karina Mendoza Rosales, Jefa de Polic\u00eda Zona 3; as\u00ed como Aurora Landeros y dem\u00e1s vecinas y vecinos de Bosques de San Sebasti\u00e1n.<\/p>\n","protected":false},"excerpt":{"rendered":"<p>M\u00e1s de 10 mil personas que viven y transitan por Bosques de San Sebasti\u00e1n se beneficiar\u00e1n con esta acci\u00f3n. REDACCI\u00d3N [&hellip;]<\/p>\n","protected":false},"author":1,"featured_media":36910,"comment_status":"open","ping_status":"open","sticky":false,"template":"","format":"standard","meta":{"site-sidebar-layout":"default","site-content-layout":"","ast-site-content-layout":"default","site-content-style":"default","site-sidebar-style":"default","ast-global-header-display":"","ast-banner-title-visibility":"","ast-main-header-display":"","ast-hfb-above-header-display":"","ast-hfb-below-header-display":"","ast-hfb-mobile-header-display":"","site-post-title":"","ast-breadcrumbs-content":"","ast-featured-img":"","footer-sml-layout":"","theme-transparent-header-meta":"","adv-header-id-meta":"","stick-header-meta":"","header-above-stick-meta":"","header-main-stick-meta":"","header-below-stick-meta":"","astra-migrate-meta-layouts":"default","ast-page-background-enabled":"default","ast-page-background-meta":{"desktop":{"background-color":"var(--ast-global-color-4)","background-image":"","background-repeat":"repeat","background-position":"center center","background-size":"auto","background-attachment":"scroll","background-type":"","background-media":"","overlay-type":"","overlay-color":"","overlay-opacity":"","overlay-gradient":""},"tablet":{"background-color":"","background-image":"","background-repeat":"repeat","background-position":"center center","background-size":"auto","background-attachment":"scroll","background-type":"","background-media":"","overlay-type":"","overlay-color":"","overlay-opacity":"","overlay-gradient":""},"mobile":{"background-color":"","background-image":"","background-repeat":"repeat","background-position":"center center","background-size":"auto","background-attachment":"scroll","background-type":"","background-media":"","overlay-type":"","overlay-color":"","overlay-opacity":"","overlay-gradient":""}},"ast-content-background-meta":{"desktop":{"background-color":"var(--ast-global-color-5)","background-image":"","background-repeat":"repeat","background-position":"center center","background-size":"auto","background-attachment":"scroll","background-type":"","background-media":"","overlay-type":"","overlay-color":"","overlay-opacity":"","overlay-gradient":""},"tablet":{"background-color":"var(--ast-global-color-5)","background-image":"","background-repeat":"repeat","background-position":"center center","background-size":"auto","background-attachment":"scroll","background-type":"","background-media":"","overlay-type":"","overlay-color":"","overlay-opacity":"","overlay-gradient":""},"mobile":{"background-color":"var(--ast-global-color-5)","background-image":"","background-repeat":"repeat","background-position":"center center","background-size":"auto","background-attachment":"scroll","background-type":"","background-media":"","overlay-type":"","overlay-color":"","overlay-opacity":"","overlay-gradient":""}},"footnotes":""},"categories":[8],"tags":[7279],"class_list":["post-36909","post","type-post","status-publish","format-standard","has-post-thumbnail","hentry","category-noticias","tag-contigoyconrumbo"],"_links":{"self":[{"href":"https:\/\/losperiodistas.com.mx\/portal\/wp-json\/wp\/v2\/posts\/36909","targetHints":{"allow":["GET"]}}],"collection":[{"href":"https:\/\/losperiodistas.com.mx\/portal\/wp-json\/wp\/v2\/posts"}],"about":[{"href":"https:\/\/losperiodistas.com.mx\/portal\/wp-json\/wp\/v2\/types\/post"}],"author":[{"embeddable":true,"href":"https:\/\/losperiodistas.com.mx\/portal\/wp-json\/wp\/v2\/users\/1"}],"replies":[{"embeddable":true,"href":"https:\/\/losperiodistas.com.mx\/portal\/wp-json\/wp\/v2\/comments?post=36909"}],"version-history":[{"count":1,"href":"https:\/\/losperiodistas.com.mx\/portal\/wp-json\/wp\/v2\/posts\/36909\/revisions"}],"predecessor-version":[{"id":36912,"href":"https:\/\/losperiodistas.com.mx\/portal\/wp-json\/wp\/v2\/posts\/36909\/revisions\/36912"}],"wp:featuredmedia":[{"embeddable":true,"href":"https:\/\/losperiodistas.com.mx\/portal\/wp-json\/wp\/v2\/media\/36910"}],"wp:attachment":[{"href":"https:\/\/losperiodistas.com.mx\/portal\/wp-json\/wp\/v2\/media?parent=36909"}],"wp:term":[{"taxonomy":"category","embeddable":true,"href":"https:\/\/losperiodistas.com.mx\/portal\/wp-json\/wp\/v2\/categories?post=36909"},{"taxonomy":"post_tag","embeddable":true,"href":"https:\/\/losperiodistas.com.mx\/portal\/wp-json\/wp\/v2\/tags?post=36909"}],"curies":[{"name":"wp","href":"https:\/\/api.w.org\/{rel}","templated":true}]}}