{"id":36895,"date":"2022-09-15T09:26:35","date_gmt":"2022-09-15T14:26:35","guid":{"rendered":"http:\/\/losperiodistas.com.mx\/portal\/?p=36895"},"modified":"2022-09-15T09:26:37","modified_gmt":"2022-09-15T14:26:37","slug":"el-gorro-de-burro-de-simbolizar-la-sabiduria-a-ser-elemento-de-castigo-en-las-escuelas-acv","status":"publish","type":"post","link":"https:\/\/losperiodistas.com.mx\/portal\/el-gorro-de-burro-de-simbolizar-la-sabiduria-a-ser-elemento-de-castigo-en-las-escuelas-acv\/","title":{"rendered":"El gorro de burro: de simbolizar la sabidur\u00eda a ser elemento de castigo en las escuelas | ACV"},"content":{"rendered":"\n<p class=\"has-medium-font-size\">Siempre se ha dicho de los burros que son animales \u00abtontos\u00bb. Es su docilidad lo que los hac\u00eda f\u00e1ciles, lo que abri\u00f3 un destino nada f\u00e1cil para ellos y, con ellos, para muchos ni\u00f1os y ni\u00f1as en clase<\/p>\n\n\n\n<p><\/p>\n\n\n\n<figure class=\"wp-block-image size-large is-style-default\"><img fetchpriority=\"high\" decoding=\"async\" width=\"1024\" height=\"768\" src=\"https:\/\/losperiodistas.com.mx\/portal\/wp-content\/uploads\/2022\/09\/f.elconfidencial.com_original_7b5_1a4_8f8_7b51a48f8cdbecabadb23d57ff828aed-1024x768.jpg\" alt=\"\" class=\"wp-image-36896\" srcset=\"https:\/\/losperiodistas.com.mx\/portal\/wp-content\/uploads\/2022\/09\/f.elconfidencial.com_original_7b5_1a4_8f8_7b51a48f8cdbecabadb23d57ff828aed-1024x768.jpg 1024w, https:\/\/losperiodistas.com.mx\/portal\/wp-content\/uploads\/2022\/09\/f.elconfidencial.com_original_7b5_1a4_8f8_7b51a48f8cdbecabadb23d57ff828aed-300x225.jpg 300w, https:\/\/losperiodistas.com.mx\/portal\/wp-content\/uploads\/2022\/09\/f.elconfidencial.com_original_7b5_1a4_8f8_7b51a48f8cdbecabadb23d57ff828aed-768x576.jpg 768w, https:\/\/losperiodistas.com.mx\/portal\/wp-content\/uploads\/2022\/09\/f.elconfidencial.com_original_7b5_1a4_8f8_7b51a48f8cdbecabadb23d57ff828aed.jpg 1200w\" sizes=\"(max-width: 1024px) 100vw, 1024px\" \/><figcaption>Fuente: iStock.<\/figcaption><\/figure>\n\n\n\n<p class=\"has-vivid-cyan-blue-color has-text-color has-medium-font-size\">CARMEN MAC\u00cdAS \/ ACV<\/p>\n\n\n\n<p>En 1840, Charles Dickens mencion\u00f3 un \u00abgorro de burro\u00bb hecho de peri\u00f3dicos viejos en la novela &#8216;The Old Curiosity Shop&#8217;. El escritor brit\u00e1nico hablaba en sus p\u00e1ginas de una escuela, de una clase, describ\u00eda los elementos que en ella identificaban el lugar como un espacio de aprendizaje donde aquel elemento que a ojos de hoy destaca entonces pasaba totalmente desapercibido entre folios, pupitres y l\u00e1pices.&nbsp;<strong>No era, a fin de cuentas, m\u00e1s que un gorro. Sin embargo, un \u00fanico elemento puede bastar para derruir cualquier atisbo de confianza, de autoestima<\/strong>, conformando la decadencia en el interior de unos cuerpos peque\u00f1os que crecen cubiertos del mundo que les rodea.<\/p>\n\n\n\n<p>Su menci\u00f3n literaria denota una normalidad que&nbsp;<strong>escond\u00eda nada m\u00e1s y nada menos que la l\u00ednea sucesoria del rumbo social<\/strong>, una especie de sentido nada com\u00fan, pero remarcado sobre toda comunidad: solo exist\u00eda una forma (o un formato) de educaci\u00f3n, y esa educaci\u00f3n era el \u00fanico camino para alejarse de la \u00abtontura\u00bb. Estas letras, dec\u00edan, \u00abcon sangre entra\u00bb.<\/p>\n\n\n\n<figure class=\"wp-block-image is-style-default\"><img decoding=\"async\" src=\"https:\/\/images.ecestaticos.com\/_6Wd7Ri-ncPlSRpOom06vK-FUIo=\/0x117:2270x1394\/1600x900\/filters:fill(white):format(jpg)\/f.elconfidencial.com%2Foriginal%2F489%2Fc1a%2F15c%2F489c1a15ccc2f36570d56a57bd1955ed.jpg\" alt=\"Foto: Los pa\u00edses en los que est\u00e1 prohibido el castigo corporal muestran menores niveles de violencia (EFE\/Amel Pain)\"\/><\/figure>\n\n\n\n<p><a href=\"https:\/\/www.elconfidencial.com\/alma-corazon-vida\/2018-10-16\/prohibir-castigo-corporal-ninos-violencia-juvenil_1630938\/\">Prohibir los castigos corporales a los ni\u00f1os ayuda a rebajar la violencia juvenil<\/a>El Confidencial<\/p>\n\n\n\n<p>Seg\u00fan apunta Eric Grundhauser, escritor y productor creativo especializado en arte y literatura inglesa, en&nbsp;<a href=\"https:\/\/www.atlasobscura.com\/articles\/the-dunce-cap-wasnt-always-so-stupid\" target=\"_blank\" rel=\"noreferrer noopener\">&#8216;Atlas Obscura&#8217;<\/a>,&nbsp;<strong>el t\u00e9rmino \u00abtonto\u00bb aparece por primera vez escrito en 1624<\/strong>&nbsp;en la obra de teatro de John Ford The Sun&#8217;s Darling, cuando Ford us\u00f3 el concepto de \u00abla mesa de los burros\u00bb para describir un lugar donde los ni\u00f1os y las personas consideradas \u00abtontas\u00bb se sentaban separadas de los dem\u00e1s. Parece pues que para adentrarse en las connotaciones de nuestro gorro de burro hay que contornear todas sus letras.<\/p>\n\n\n\n<h2 class=\"wp-block-heading\">Una paradoja<\/h2>\n\n\n\n<p>Los burros son uno de los animales m\u00e1s injertos por los seres humanos en sus planes de supervivencia.\u00a0<strong>Era su docilidad lo que los hac\u00eda f\u00e1ciles, lo que abri\u00f3 un destino nada f\u00e1cil para ellos.\u00a0<\/strong>Si hoy pueden considerarse parte integral del medio ambiente y de la cultura es, al fin y al cabo, desde esa objetizaci\u00f3n que a lo largo de la historia se ha entablado para ellos. Compa\u00f1eros de faena, s\u00ed, pero tambi\u00e9n elementos de uso f\u00edsico y te\u00f3rico.<\/p>\n\n\n\n<figure class=\"wp-block-image size-large is-style-default\"><img decoding=\"async\" width=\"1024\" height=\"634\" src=\"https:\/\/losperiodistas.com.mx\/portal\/wp-content\/uploads\/2022\/09\/Captura-de-Pantalla-2022-09-15-a-las-9.24.33-1024x634.jpg\" alt=\"\" class=\"wp-image-36902\" srcset=\"https:\/\/losperiodistas.com.mx\/portal\/wp-content\/uploads\/2022\/09\/Captura-de-Pantalla-2022-09-15-a-las-9.24.33-1024x634.jpg 1024w, https:\/\/losperiodistas.com.mx\/portal\/wp-content\/uploads\/2022\/09\/Captura-de-Pantalla-2022-09-15-a-las-9.24.33-300x186.jpg 300w, https:\/\/losperiodistas.com.mx\/portal\/wp-content\/uploads\/2022\/09\/Captura-de-Pantalla-2022-09-15-a-las-9.24.33-768x476.jpg 768w, https:\/\/losperiodistas.com.mx\/portal\/wp-content\/uploads\/2022\/09\/Captura-de-Pantalla-2022-09-15-a-las-9.24.33.jpg 1272w\" sizes=\"(max-width: 1024px) 100vw, 1024px\" \/><\/figure>\n\n\n\n<p>Cuenta<strong>&nbsp;la paradoja del asno de Burid\u00e1n<\/strong>, por ejemplo, que un burro que ten\u00eda mucha hambre no llegaba a decidirse entre dos sacos llenos de heno que ten\u00eda a su alcance, a su derecha y a su izquierda, pues ambos eran id\u00e9nticos e igualmente apetecibles. Lleg\u00f3 hasta tal punto su vacilaci\u00f3n que acab\u00f3 muriendo de hambre, incapaz de tomar una decisi\u00f3n.<\/p>\n\n\n\n<p>Desde esa narrativa,&nbsp;<strong>un extra\u00f1o sombrero para ni\u00f1os parec\u00eda predecir su futuro como el de los burros: atados a la voluntad de otros, por \u00abtontos\u00bb<\/strong>. Tonto, \u00abque carece de sentido o de motivo\u00bb, \u00abdicho de una persona: falta o escasa de entendimiento o de raz\u00f3n\u00bb, \u00abdicho de una persona: Que padece una deficiencia mental\u00bb, dice la Real Academia Espa\u00f1ola.<\/p>\n\n\n\n<h2 class=\"wp-block-heading\">De la sabidur\u00eda a la \u00abtontura\u00bb<\/h2>\n\n\n\n<p>Pero<strong>\u00a0el pasado de este elemento de castigo, en alg\u00fan momento, hab\u00eda sido otro: concretamente, el presente de un erudito, y luego del conocimiento y la sabidur\u00eda.\u00a0<\/strong>John Duns Scotus se hizo famoso a principios del siglo XIV por sus complejas teor\u00edas sobre la existencia y la religi\u00f3n, r\u00e1pidamente gan\u00f3 seguidores devotos entre sus compa\u00f1eros acad\u00e9micos. E incluso despu\u00e9s de la muerte de Scotus, estos \u00abDunsmen\u00bb continuaron adhiri\u00e9ndose a sus ense\u00f1anzas y usando los sombreros puntiagudos que se dec\u00eda que Scotus hab\u00eda favorecido.<\/p>\n\n\n\n<figure class=\"wp-block-image size-large is-style-default\"><img decoding=\"async\" width=\"1024\" height=\"680\" src=\"https:\/\/losperiodistas.com.mx\/portal\/wp-content\/uploads\/2022\/09\/Captura-de-Pantalla-2022-09-15-a-las-9.23.50-1024x680.jpg\" alt=\"\" class=\"wp-image-36901\" srcset=\"https:\/\/losperiodistas.com.mx\/portal\/wp-content\/uploads\/2022\/09\/Captura-de-Pantalla-2022-09-15-a-las-9.23.50-1024x680.jpg 1024w, https:\/\/losperiodistas.com.mx\/portal\/wp-content\/uploads\/2022\/09\/Captura-de-Pantalla-2022-09-15-a-las-9.23.50-300x199.jpg 300w, https:\/\/losperiodistas.com.mx\/portal\/wp-content\/uploads\/2022\/09\/Captura-de-Pantalla-2022-09-15-a-las-9.23.50-768x510.jpg 768w, https:\/\/losperiodistas.com.mx\/portal\/wp-content\/uploads\/2022\/09\/Captura-de-Pantalla-2022-09-15-a-las-9.23.50.jpg 1214w\" sizes=\"(max-width: 1024px) 100vw, 1024px\" \/><\/figure>\n\n\n\n<p>Fil\u00f3sofo y ling\u00fcista desde el plano religioso, John Duns Scotus era natural de Escocia. Naci\u00f3 cerca de la ciudad de Duns en alg\u00fan momento de 1265 o 1266. Con 26 a\u00f1os&nbsp;<strong>se conform\u00f3 como sacerdote franciscano, y m\u00e1s tarde llegar\u00eda a ser profesor en la Universidad de Par\u00eds.<\/strong>&nbsp;Entonces, se puso del lado de la Iglesia Cat\u00f3lica tras una disputa p\u00fablica de la instituci\u00f3n con el Rey de Francia sobre los impuestos a las propiedades que el pa\u00eds parec\u00eda deber perdonarle a aquella. Acab\u00f3 fuera, aunque de vez en cuando pod\u00eda regresar, y as\u00ed se convirti\u00f3 en Doctor en Teolog\u00eda antes de mudarse definitivamente a Colonia.<\/p>\n\n\n\n<p>Scotus populariz\u00f3 lo que resultaban como gorras elevadas y puntiagudas. En este sentido, algunos historiadores creen que se inspir\u00f3 en las ya habituales representaciones de personas que practicaban alg\u00fan tipo de lo que pasaron a denominar magia. A qui\u00e9n no le suenan los sombreros de bruja que no fueron tal y, eso s\u00ed, los\u00a0<strong>capirotes que, desde tiempos de la Edad Media, la Santa Inquisici\u00f3n obligaba a llevar\u00a0<\/strong>colocado sobre la cabeza a toda aquella persona a la que acusaba de alg\u00fan delito, pecado o herej\u00eda.<\/p>\n\n\n\n<figure class=\"wp-block-image size-large is-style-default\"><img loading=\"lazy\" decoding=\"async\" width=\"1024\" height=\"653\" src=\"https:\/\/losperiodistas.com.mx\/portal\/wp-content\/uploads\/2022\/09\/Captura-de-Pantalla-2022-09-15-a-las-9.22.58-1024x653.jpg\" alt=\"\" class=\"wp-image-36900\" srcset=\"https:\/\/losperiodistas.com.mx\/portal\/wp-content\/uploads\/2022\/09\/Captura-de-Pantalla-2022-09-15-a-las-9.22.58-1024x653.jpg 1024w, https:\/\/losperiodistas.com.mx\/portal\/wp-content\/uploads\/2022\/09\/Captura-de-Pantalla-2022-09-15-a-las-9.22.58-300x191.jpg 300w, https:\/\/losperiodistas.com.mx\/portal\/wp-content\/uploads\/2022\/09\/Captura-de-Pantalla-2022-09-15-a-las-9.22.58-768x489.jpg 768w, https:\/\/losperiodistas.com.mx\/portal\/wp-content\/uploads\/2022\/09\/Captura-de-Pantalla-2022-09-15-a-las-9.22.58.jpg 1296w\" sizes=\"(max-width: 1024px) 100vw, 1024px\" \/><\/figure>\n\n\n\n<h2 class=\"wp-block-heading\">Propia de personas \u00abatrasadas\u00bb<\/h2>\n\n\n\n<p>Seg\u00fan &#8216;Hats and Headwear Around the World: A Cultural Encyclopedia&#8217;, Scotus plante\u00f3 la hip\u00f3tesis de que la forma de un sombrero puntiagudo&nbsp;<strong>canalizar\u00eda el conocimiento del mundo exterior hacia la mente,&nbsp;<\/strong>y luego se extender\u00eda por todo el cerebro. Como resultado, Dunsmen comenz\u00f3 a usar la gorra puntiaguda, y pronto se convirti\u00f3 en un s\u00edmbolo no solo para los devotos estudiantes de Scotus, sino tambi\u00e9n para las personas inteligentes en general.<\/p>\n\n\n\n<p>Sin embargo, a medida que\u00a0<strong>floreci\u00f3 el Renacimiento y surgieron las teor\u00edas humanistas, los acad\u00e9micos comenzaron a ver a los hombres de Duns como personas que estaban atrasadas<\/strong>. Otros cre\u00edan que no eran lo suficientemente inteligentes como para mantenerse al d\u00eda con las visiones cambiantes del mundo, y esos sombreros eran simplemente tontos. As\u00ed naci\u00f3 el \u00abgorro de burro\u00bb.<\/p>\n\n\n\n<figure class=\"wp-block-image size-large is-style-default\"><img loading=\"lazy\" decoding=\"async\" width=\"1024\" height=\"630\" src=\"https:\/\/losperiodistas.com.mx\/portal\/wp-content\/uploads\/2022\/09\/Captura-de-Pantalla-2022-09-15-a-las-9.22.15-1024x630.jpg\" alt=\"\" class=\"wp-image-36899\" srcset=\"https:\/\/losperiodistas.com.mx\/portal\/wp-content\/uploads\/2022\/09\/Captura-de-Pantalla-2022-09-15-a-las-9.22.15-1024x630.jpg 1024w, https:\/\/losperiodistas.com.mx\/portal\/wp-content\/uploads\/2022\/09\/Captura-de-Pantalla-2022-09-15-a-las-9.22.15-300x184.jpg 300w, https:\/\/losperiodistas.com.mx\/portal\/wp-content\/uploads\/2022\/09\/Captura-de-Pantalla-2022-09-15-a-las-9.22.15-768x472.jpg 768w, https:\/\/losperiodistas.com.mx\/portal\/wp-content\/uploads\/2022\/09\/Captura-de-Pantalla-2022-09-15-a-las-9.22.15.jpg 1288w\" sizes=\"(max-width: 1024px) 100vw, 1024px\" \/><\/figure>\n\n\n\n<p>\u00abDurante sus estudios y ense\u00f1anzas, Escotus ide\u00f3, entre otras teor\u00edas, una enrevesada explicaci\u00f3n filos\u00f3fica de la existencia de un dios metaf\u00edsico, en oposici\u00f3n a un &#8216;Hombre en el Cielo&#8217; material. Quiz\u00e1s m\u00e1s famoso, tambi\u00e9n imagin\u00f3 una defensa de la inmaculada concepci\u00f3n de la misma virgen Mar\u00eda. Debido a la complejidad de sus teor\u00edas, Escotus recibi\u00f3 el fant\u00e1stico t\u00edtulo papal de &#8216;Doctor Subtilis&#8217; o &#8216;El Doctor Sutil&#8217;.&nbsp;<strong>Sus ense\u00f1anzas llegaron a conocerse como &#8216;escotismo&#8217;, mientras que sus estudiantes y seguidores m\u00e1s devotos eran conocidos como &#8216;Dunsmen'\u00bb<\/strong>, apunta Grundhauser.<\/p>\n\n\n\n<h2 class=\"wp-block-heading\">La llegada del Renacimiento<\/h2>\n\n\n\n<p>Cuando el pensador muri\u00f3 en 1308, explica la historiadora Jessica O\u2019connor en\u00a0<a href=\"https:\/\/allthatsinteresting.com\/dunce-cap\" target=\"_blank\" rel=\"noreferrer noopener\">&#8216;All that interesting&#8217;<\/a>,<strong>\u00a0sus seguidores continuaron usando gorros puntiagudos,\u00a0<\/strong>una forma de hacerse entender fieles a sus ideas. Mientras tanto, el Renacimiento se habr\u00eda paso y con \u00e9l daba lugar al aprendizaje humanista. Los an\u00e1lisis en torno al mundo y la existencia empezaron a superar las teor\u00edas m\u00e1s complicadas del pasado, as\u00ed que\u00a0<strong>\u00abdunsmen\u00bb era ya un t\u00e9rmino peyorativo<\/strong>. \u00abSe consideraba que aquellos que permanec\u00edan comprometidos con las ense\u00f1anzas de Escotus estaban atrasados, y las gorras puntiagudas se convirtieron en un s\u00edmbolo de incapacidad o falta de voluntad para aprender\u00bb.<\/p>\n\n\n\n<figure class=\"wp-block-image size-large is-style-default\"><img loading=\"lazy\" decoding=\"async\" width=\"1024\" height=\"630\" src=\"https:\/\/losperiodistas.com.mx\/portal\/wp-content\/uploads\/2022\/09\/Captura-de-Pantalla-2022-09-15-a-las-9.21.37-1024x630.jpg\" alt=\"\" class=\"wp-image-36898\" srcset=\"https:\/\/losperiodistas.com.mx\/portal\/wp-content\/uploads\/2022\/09\/Captura-de-Pantalla-2022-09-15-a-las-9.21.37-1024x630.jpg 1024w, https:\/\/losperiodistas.com.mx\/portal\/wp-content\/uploads\/2022\/09\/Captura-de-Pantalla-2022-09-15-a-las-9.21.37-300x185.jpg 300w, https:\/\/losperiodistas.com.mx\/portal\/wp-content\/uploads\/2022\/09\/Captura-de-Pantalla-2022-09-15-a-las-9.21.37-768x473.jpg 768w, https:\/\/losperiodistas.com.mx\/portal\/wp-content\/uploads\/2022\/09\/Captura-de-Pantalla-2022-09-15-a-las-9.21.37.jpg 1290w\" sizes=\"(max-width: 1024px) 100vw, 1024px\" \/><\/figure>\n\n\n\n<p>Hasta hace pocas d\u00e9cadas,&nbsp;<strong>el profesorado estaba de alguna manera autorizado a aplicar castigos a sus alumnos por la doctrina del \u00abIn loco parentis\u00bb,<\/strong>&nbsp;es decir, la concepci\u00f3n de que la autoridad que representaban los padres y las madres reca\u00eda absoluta en aquellos. De hecho, se consideraba que un profesor sustitu\u00eda a los progenitores en todo lo referente a la educaci\u00f3n de un ni\u00f1o en la escuela. As\u00ed, por ejemplo, en la Antigua Grecia y en la Antigua Roma se admit\u00eda el castigo f\u00edsico en las escuelas elementales, ya que se consideraba que contribu\u00eda a la aplicaci\u00f3n del alumno, en la Edad Media y el Renacimiento se siguieron aplicando castigos corporales en la ense\u00f1anza infantil.<\/p>\n\n\n\n<p>El asunto sigui\u00f3 y&nbsp;<strong>sigui\u00f3 hasta, al menos, finales del siglo XX<\/strong>, que se dice pronto. En este sentido, sostiene Grundhauser, \u00abel apogeo del gorro de burro parece haber sido la era victoriana (en el marco de la vida inglesa), cuando el uso del gorro de burro como s\u00edmbolo disciplinario despeg\u00f3 en Europa y Am\u00e9rica\u00bb.<\/p>\n\n\n\n<h2 class=\"wp-block-heading\">Un castigo aplicable a\u00fan en los 80<\/h2>\n\n\n\n<p>Manuel Ikaz, coautor junto a Jorge D\u00edaz del proyecto\u00a0<a href=\"https:\/\/yofuiaegb.com\/como-nos-castigaban-en-los-70-y-80\/\" target=\"_blank\" rel=\"noreferrer noopener\">&#8216;Yo fui a EGB&#8217;<\/a>, explica que,\u00a0<strong>durante las d\u00e9cadas de 1970 y 1980, en el manual del perfecto profesor aparec\u00eda este castigo como aplicable\u00a0<\/strong>cuando un alumno no se sab\u00eda la lecci\u00f3n, \u00abalgo tan habitual y com\u00fan que deb\u00eda tener aut\u00e9nticos sacos llenos de orejas de burro para poner a casi toda la clase\u00bb. La imagen cl\u00e1sica del castigo es la de un ni\u00f1o, a menudo de pie en un rinc\u00f3n, con un sombrero de cono b\u00e1sico (s\u00ed, como el de los nazarenos de semana santa) en el que a veces pod\u00eda leerse la palabra \u00abburro\u00bb o, si el profesor sacaba a relucir su creatividad, con unas orejas de papel pegadas simulando las de este animal.<\/p>\n\n\n\n<figure class=\"wp-block-image size-large is-style-default\"><img loading=\"lazy\" decoding=\"async\" width=\"1024\" height=\"624\" src=\"https:\/\/losperiodistas.com.mx\/portal\/wp-content\/uploads\/2022\/09\/Captura-de-Pantalla-2022-09-15-a-las-9.20.56-1024x624.jpg\" alt=\"\" class=\"wp-image-36897\" srcset=\"https:\/\/losperiodistas.com.mx\/portal\/wp-content\/uploads\/2022\/09\/Captura-de-Pantalla-2022-09-15-a-las-9.20.56-1024x624.jpg 1024w, https:\/\/losperiodistas.com.mx\/portal\/wp-content\/uploads\/2022\/09\/Captura-de-Pantalla-2022-09-15-a-las-9.20.56-300x183.jpg 300w, https:\/\/losperiodistas.com.mx\/portal\/wp-content\/uploads\/2022\/09\/Captura-de-Pantalla-2022-09-15-a-las-9.20.56-768x468.jpg 768w, https:\/\/losperiodistas.com.mx\/portal\/wp-content\/uploads\/2022\/09\/Captura-de-Pantalla-2022-09-15-a-las-9.20.56.jpg 1294w\" sizes=\"(max-width: 1024px) 100vw, 1024px\" \/><\/figure>\n\n\n\n<p>\u00abPor supuesto, este apodo se aplic\u00f3 a los ni\u00f1os que interrump\u00edan con frecuencia, a los bromistas y a los que no entend\u00edan alguna de la clase con tanta frecuencia como a los ni\u00f1os con problemas de aprendizaje,<strong>&nbsp;a los ni\u00f1os inmigrantes que intentaban mantenerse al d\u00eda en una clase en un idioma que no era el que conoc\u00edan y a los ni\u00f1os cuyas familias se dedicaban a labores del campo<\/strong>&nbsp;y que solo pod\u00edan asistir a la escuela unos meses del a\u00f1o\u00bb, se\u00f1ala O&#8217;Connor al respecto.<\/p>\n\n\n\n<p>El caso es que no fue el \u00fanico castigo violento, humillante y contraproducente con el que algunos profesores se cebaban. Desde<strong>\u00a0golpear los nudillos con un borrador, picar con una regla en los dedos, sostener libros en las manos<\/strong>\u00a0estando arrodillado hasta encerrar a los alumnos en un armario o cuarto oscuro.<\/p>\n\n\n\n<p>Fuente: https:\/\/www.elconfidencial.com\/alma-corazon-vida\/2022-09-15\/gorro-burro-de-sabiduria-a-castigo-escuelas_3489990\/<\/p>\n","protected":false},"excerpt":{"rendered":"<p>Siempre se ha dicho de los burros que son animales \u00abtontos\u00bb. Es su docilidad lo que los hac\u00eda f\u00e1ciles, lo [&hellip;]<\/p>\n","protected":false},"author":1,"featured_media":36896,"comment_status":"open","ping_status":"open","sticky":false,"template":"","format":"standard","meta":{"site-sidebar-layout":"default","site-content-layout":"","ast-site-content-layout":"default","site-content-style":"default","site-sidebar-style":"default","ast-global-header-display":"","ast-banner-title-visibility":"","ast-main-header-display":"","ast-hfb-above-header-display":"","ast-hfb-below-header-display":"","ast-hfb-mobile-header-display":"","site-post-title":"","ast-breadcrumbs-content":"","ast-featured-img":"","footer-sml-layout":"","theme-transparent-header-meta":"","adv-header-id-meta":"","stick-header-meta":"","header-above-stick-meta":"","header-main-stick-meta":"","header-below-stick-meta":"","astra-migrate-meta-layouts":"default","ast-page-background-enabled":"default","ast-page-background-meta":{"desktop":{"background-color":"var(--ast-global-color-4)","background-image":"","background-repeat":"repeat","background-position":"center center","background-size":"auto","background-attachment":"scroll","background-type":"","background-media":"","overlay-type":"","overlay-color":"","overlay-opacity":"","overlay-gradient":""},"tablet":{"background-color":"","background-image":"","background-repeat":"repeat","background-position":"center center","background-size":"auto","background-attachment":"scroll","background-type":"","background-media":"","overlay-type":"","overlay-color":"","overlay-opacity":"","overlay-gradient":""},"mobile":{"background-color":"","background-image":"","background-repeat":"repeat","background-position":"center center","background-size":"auto","background-attachment":"scroll","background-type":"","background-media":"","overlay-type":"","overlay-color":"","overlay-opacity":"","overlay-gradient":""}},"ast-content-background-meta":{"desktop":{"background-color":"var(--ast-global-color-5)","background-image":"","background-repeat":"repeat","background-position":"center center","background-size":"auto","background-attachment":"scroll","background-type":"","background-media":"","overlay-type":"","overlay-color":"","overlay-opacity":"","overlay-gradient":""},"tablet":{"background-color":"var(--ast-global-color-5)","background-image":"","background-repeat":"repeat","background-position":"center center","background-size":"auto","background-attachment":"scroll","background-type":"","background-media":"","overlay-type":"","overlay-color":"","overlay-opacity":"","overlay-gradient":""},"mobile":{"background-color":"var(--ast-global-color-5)","background-image":"","background-repeat":"repeat","background-position":"center center","background-size":"auto","background-attachment":"scroll","background-type":"","background-media":"","overlay-type":"","overlay-color":"","overlay-opacity":"","overlay-gradient":""}},"footnotes":""},"categories":[8],"tags":[12568,10808,12566,8018,12567],"class_list":["post-36895","post","type-post","status-publish","format-standard","has-post-thumbnail","hentry","category-noticias","tag-colegios","tag-educacion","tag-gorro-de-burro","tag-inquisicion","tag-sabiduria"],"_links":{"self":[{"href":"https:\/\/losperiodistas.com.mx\/portal\/wp-json\/wp\/v2\/posts\/36895","targetHints":{"allow":["GET"]}}],"collection":[{"href":"https:\/\/losperiodistas.com.mx\/portal\/wp-json\/wp\/v2\/posts"}],"about":[{"href":"https:\/\/losperiodistas.com.mx\/portal\/wp-json\/wp\/v2\/types\/post"}],"author":[{"embeddable":true,"href":"https:\/\/losperiodistas.com.mx\/portal\/wp-json\/wp\/v2\/users\/1"}],"replies":[{"embeddable":true,"href":"https:\/\/losperiodistas.com.mx\/portal\/wp-json\/wp\/v2\/comments?post=36895"}],"version-history":[{"count":1,"href":"https:\/\/losperiodistas.com.mx\/portal\/wp-json\/wp\/v2\/posts\/36895\/revisions"}],"predecessor-version":[{"id":36903,"href":"https:\/\/losperiodistas.com.mx\/portal\/wp-json\/wp\/v2\/posts\/36895\/revisions\/36903"}],"wp:featuredmedia":[{"embeddable":true,"href":"https:\/\/losperiodistas.com.mx\/portal\/wp-json\/wp\/v2\/media\/36896"}],"wp:attachment":[{"href":"https:\/\/losperiodistas.com.mx\/portal\/wp-json\/wp\/v2\/media?parent=36895"}],"wp:term":[{"taxonomy":"category","embeddable":true,"href":"https:\/\/losperiodistas.com.mx\/portal\/wp-json\/wp\/v2\/categories?post=36895"},{"taxonomy":"post_tag","embeddable":true,"href":"https:\/\/losperiodistas.com.mx\/portal\/wp-json\/wp\/v2\/tags?post=36895"}],"curies":[{"name":"wp","href":"https:\/\/api.w.org\/{rel}","templated":true}]}}