{"id":36883,"date":"2022-09-15T06:45:23","date_gmt":"2022-09-15T11:45:23","guid":{"rendered":"http:\/\/losperiodistas.com.mx\/portal\/?p=36883"},"modified":"2022-09-15T07:17:50","modified_gmt":"2022-09-15T12:17:50","slug":"las-manias-de-carlos-iii-de-llevar-su-propio-wc-de-viaje-a-los-cordones-de-zapatos-planchados-nius","status":"publish","type":"post","link":"https:\/\/losperiodistas.com.mx\/portal\/las-manias-de-carlos-iii-de-llevar-su-propio-wc-de-viaje-a-los-cordones-de-zapatos-planchados-nius\/","title":{"rendered":"Las man\u00edas de Carlos III: de llevar su propio WC de viaje a los cordones de zapatos planchados | NIUS"},"content":{"rendered":"\n<p class=\"has-medium-font-size\">Tras sus pol\u00e9micos gestos con el tintero, sale a la luz la exc\u00e9ntrica personalidad del nuevo rey de Inglaterra, de quien dicen que podr\u00eda sufrir TOC (trastorno obsesivo compulsivo)<\/p>\n\n\n\n<p><\/p>\n\n\n\n<figure class=\"wp-block-image size-large is-style-default\"><img fetchpriority=\"high\" decoding=\"async\" width=\"1024\" height=\"576\" src=\"https:\/\/losperiodistas.com.mx\/portal\/wp-content\/uploads\/2022\/09\/carlos-iii-nuevo-rey-de-inglaterra_aa4c-1024x576.jpg\" alt=\"\" class=\"wp-image-36884\" srcset=\"https:\/\/losperiodistas.com.mx\/portal\/wp-content\/uploads\/2022\/09\/carlos-iii-nuevo-rey-de-inglaterra_aa4c-1024x576.jpg 1024w, https:\/\/losperiodistas.com.mx\/portal\/wp-content\/uploads\/2022\/09\/carlos-iii-nuevo-rey-de-inglaterra_aa4c-300x169.jpg 300w, https:\/\/losperiodistas.com.mx\/portal\/wp-content\/uploads\/2022\/09\/carlos-iii-nuevo-rey-de-inglaterra_aa4c-768x432.jpg 768w, https:\/\/losperiodistas.com.mx\/portal\/wp-content\/uploads\/2022\/09\/carlos-iii-nuevo-rey-de-inglaterra_aa4c.jpg 1200w\" sizes=\"(max-width: 1024px) 100vw, 1024px\" \/><figcaption>Carlos III, nuevo rey de Inglaterra GETTY<\/figcaption><\/figure>\n\n\n\n<p class=\"has-vivid-cyan-blue-color has-text-color has-medium-font-size\">MIREYA MARR\u00d3N \/ NIUS<\/p>\n\n\n\n<p>Seis d\u00edas despu\u00e9s de la\u00a0<a href=\"https:\/\/www.niusdiario.es\/internacional\/europa\/20220908\/muere-reina-inglaterra-isabel-ii-tras-70-anos-reinado_18_07405178.html\" target=\"_blank\" rel=\"noreferrer noopener\"><strong>muerte de su madre, la reina Isabel II<\/strong><\/a><strong>,<\/strong>\u00a0y cuatro de su\u00a0<a href=\"https:\/\/www.niusdiario.es\/internacional\/europa\/20220910\/carlos-iii-proclamado-formalmente-rey-inglaterra_18_07418937.html\" target=\"_blank\" rel=\"noreferrer noopener\"><strong>proclamaci\u00f3n como rey Carlos III,\u00a0<\/strong><\/a>el nuevo monarca brit\u00e1nico est\u00e1 teniendo un<strong>\u00a0comienzo de reinado de lo m\u00e1s pol\u00e9mico y accidentado.\u00a0<\/strong>Apodado ya por las redes sociales como\u00a0<strong>\u201cCarlos, tintero\u201d<\/strong>,\u00a0<a href=\"https:\/\/www.niusdiario.es\/vida\/visto-oido\/20220909\/historia-carlos-camilla-amor-boda-hijos-hijo-secreto_18_07415673.html\" target=\"_blank\" rel=\"noreferrer noopener\"><strong>el marido de Camilla Parker Bowles<\/strong><\/a><strong>\u00a0est\u00e1 dejando al descubierto un car\u00e1cter irascible y autoritario,\u00a0<\/strong>con el\u00a0<a href=\"https:\/\/www.niusdiario.es\/internacional\/europa\/20220910\/gesto-autoritario-proclamacion-carlos-iii-rey-inglaterra-asistente-bandeja-plumas-tinteros_18_07420032.html\" target=\"_blank\" rel=\"noreferrer noopener\"><strong>gesto despectivo que tuvo con un asistente durante la firma de su proclamaci\u00f3n<\/strong><\/a><strong>,\u00a0<\/strong>a la ira que le provoc\u00f3 ayer\u00a0<strong>otro problema parecido con su pluma<\/strong>, cuando un\u00a0<a href=\"https:\/\/www.niusdiario.es\/internacional\/europa\/20220914\/nuevo-enfado-rey-carlos-problemas-pluma-firma-documento-irlanda-norte_18_07446339.html\" target=\"_blank\" rel=\"noreferrer noopener\"><strong>micro abierto hizo que todo el mundo le escuchara decir \u201cc\u00f3mo odia esto\u201d.<\/strong><\/a><\/p>\n\n\n\n<p><a href=\"https:\/\/www.niusdiario.es\/vida\/visto-oido\/20220914\/rey-carlos-iii-manias-personalidad-trastorno-obsesivo-compulsivo_18_07452411.html\">https:\/\/www.niusdiario.es\/vida\/visto-oido\/20220914\/rey-carlos-iii-manias-personalidad-trastorno-obsesivo-compulsivo_18_07452411.html<\/a><\/p>\n\n\n\n<figure class=\"wp-block-image is-style-default\"><img decoding=\"async\" src=\"https:\/\/album.mediaset.es\/eimg\/2022\/09\/14\/britain-royals-queen-king-pen-moment_b8d8.jpg?w=1024\" alt=\"As\u00ed ha sido el nuevo enfado del rey Carlos III por problemas con una  pluma durante una firma\"\/><\/figure>\n\n\n\n<p>As\u00ed ha sido el nuevo enfado del rey Carlos III por problemas con una pluma durante una firma<\/p>\n\n\n\n<p>A solo cinco d\u00edas para el funeral de la reina Isabel en la Abad\u00eda de Westminster, que reunir\u00e1 a los l\u00edderes pol\u00edticos y miembros de las casas reales de todo el mundo,\u00a0<strong>el nuevo rey brit\u00e1nico est\u00e1 en el punto de mira de los medios<\/strong>, que estos d\u00edas vuelven a hablar de su\u00a0<strong>exc\u00e9ntrica personalidad, llena de man\u00edas,<\/strong>\u00a0que ya fue\u00a0<strong>desvelada por el ex mayordomo de Lady Di, Paul Burrell, en el documental\u00a0<\/strong><em><strong>Serving the Royals: Inside the Firm\u00a0<\/strong><\/em>(Amazon)<\/p>\n\n\n\n<figure class=\"wp-block-embed is-type-video is-provider-youtube wp-block-embed-youtube wp-embed-aspect-16-9 wp-has-aspect-ratio\"><div class=\"wp-block-embed__wrapper\">\n<iframe title=\"Serving the Royals: Inside the Firm\" width=\"500\" height=\"281\" src=\"https:\/\/www.youtube.com\/embed\/dB4hXD4bceE?feature=oembed\" frameborder=\"0\" allow=\"accelerometer; autoplay; clipboard-write; encrypted-media; gyroscope; picture-in-picture; web-share\" referrerpolicy=\"strict-origin-when-cross-origin\" allowfullscreen><\/iframe>\n<\/div><\/figure>\n\n\n\n<p><strong>\u00abPetulante, extravagante y entrometido\u00bb,&nbsp;<\/strong>le define el periodista<strong>&nbsp;Tom Bower en su libro<\/strong><em><strong>&nbsp;El pr\u00edncipe rebelde<\/strong><\/em><strong>.<\/strong>&nbsp;Se cree que&nbsp;<strong>su obsesi\u00f3n por el orden podr\u00eda venir del dur\u00edsimo internado escoc\u00e9s en el que estudi\u00f3,<\/strong>&nbsp;con una f\u00e9rrea disciplina que inclu\u00eda incluso castigos f\u00edsicos. Algunos medios lleven a\u00f1os apuntando a que&nbsp;<strong>Carlos II podr\u00eda padecer TOC, trastorno obsesivo compulsivo<\/strong>. Estas son algunas de sus&nbsp;<strong>man\u00edas que m\u00e1s han llamado la atenci\u00f3n:<\/strong><\/p>\n\n\n\n<h3 class=\"wp-block-heading\">Plancha su pijama y los cordones de sus zapatos todos los d\u00edas<\/h3>\n\n\n\n<p>Carlos III, considerado como&nbsp;<strong>uno de los hombres m\u00e1s elegantes del mundo<\/strong>&nbsp;ya desde su \u00e9poca de Pr\u00edncipe de Gales, es especialmente cuidadoso con su ropa. No solo pide que&nbsp;<strong>\u00absu<\/strong>&nbsp;<strong>pijama se planche todas las ma\u00f1anas\u00bb, algo que puede ser normal para mucha gente, sino que tambi\u00e9n hace \u00abalisar con la misma plancha los cordones de sus zapatos\u00bb.<\/strong><\/p>\n\n\n\n<p>El nuevo rey de Inglaterra<strong>&nbsp;no se viste nunca sin ayuda de dos de sus hombres<\/strong>, revel\u00f3 el bi\u00f3grafo real Anthony Holden en el documental<em>&nbsp;The Madness of Prince Charles.<\/em>&nbsp;<strong>Adem\u00e1s, su ropa interior debe estar colocada siempre en el mismo sitio.<\/strong><\/p>\n\n\n\n<h3 class=\"wp-block-heading\">Le ponen la pasta en el cepillo de dientes<\/h3>\n\n\n\n<p>Respecto a su higiene,<strong>&nbsp;\u201cel tap\u00f3n del ba\u00f1o debe estar en cierta posici\u00f3n, su toalla de ba\u00f1o doblada a su gusto, y la temperatura del agua debe ser tibia, y la ba\u00f1era medio llena\u201d<\/strong>. Pero lo m\u00e1s sorprendente, es que<strong>&nbsp;no le gusta tocar la pasta de dientes, y<\/strong>&nbsp;<strong>hace que su propio personal se la ponga en el cepillo, siempre con una altura de 2,5 cent\u00edmetros.<\/strong><img decoding=\"async\" src=\"https:\/\/album.mediaset.es\/eimg\/2022\/09\/14\/recreacion-de-la-mania-de-carlos-iii-con-el-cepillo-de-dientes_1330.jpg?w=1024\" srcset=\"https:\/\/album.mediaset.es\/eimg\/2022\/09\/14\/recreacion-de-la-mania-de-carlos-iii-con-el-cepillo-de-dientes_1330.jpg?w=1024 1024w, https:\/\/album.mediaset.es\/eimg\/2022\/09\/14\/recreacion-de-la-mania-de-carlos-iii-con-el-cepillo-de-dientes_1330.jpg?w=800 800w, https:\/\/album.mediaset.es\/eimg\/2022\/09\/14\/recreacion-de-la-mania-de-carlos-iii-con-el-cepillo-de-dientes_1330.jpg?w=768 768w, https:\/\/album.mediaset.es\/eimg\/2022\/09\/14\/recreacion-de-la-mania-de-carlos-iii-con-el-cepillo-de-dientes_1330.jpg?w=640 640w, https:\/\/album.mediaset.es\/eimg\/2022\/09\/14\/recreacion-de-la-mania-de-carlos-iii-con-el-cepillo-de-dientes_1330.jpg?w=600 600w, https:\/\/album.mediaset.es\/eimg\/2022\/09\/14\/recreacion-de-la-mania-de-carlos-iii-con-el-cepillo-de-dientes_1330.jpg?w=480 480w, https:\/\/album.mediaset.es\/eimg\/2022\/09\/14\/recreacion-de-la-mania-de-carlos-iii-con-el-cepillo-de-dientes_1330.jpg?w=360 360w, https:\/\/album.mediaset.es\/eimg\/2022\/09\/14\/recreacion-de-la-mania-de-carlos-iii-con-el-cepillo-de-dientes_1330.jpg?w=320 320w\" alt=\"Recreaci\u00f3n de la man\u00eda de Carlos III con el cepillo de dientes\">Recreaci\u00f3n de la man\u00eda de Carlos III con el cepillo de dientesTODO ES MENTIRA (CUATRO)<\/p>\n\n\n\n<p>La periodista Pilar Eyre, experta en casas reales, apuntaba este lunes en<em>&nbsp;Todo es mentira<\/em>&nbsp;que el rey&nbsp;<strong>Alfonso XIII iba m\u00e1s lejos y \u00abped\u00eda a su dentista, a quien luego nombr\u00f3 Conde, que se los cepillara\u00bb.<\/strong><\/p>\n\n\n\n<h3 class=\"wp-block-heading\"><strong>Duerme con las ventanas abiertas en pleno invierno<\/strong><\/h3>\n\n\n\n<p>Carlos III tambi\u00e9n habr\u00eda adquirido en su etapa en el internado la man\u00eda de<strong>&nbsp;dormir con las ventanas abiertas de par en par, sin importar el tiempo que haga,<\/strong>&nbsp;aseguraba ayer en laSexta la periodista Ana Polo, autora de la biograf\u00eda sobre Isabel II&nbsp;<em>La Reina<\/em>. Dadas las bajas temperaturas de Londres en invierno, esperemos que Camilla no sea muy friolera, o que como es habitual en muchas monarqu\u00edas, duerman en habitaciones separadas.<\/p>\n\n\n\n<h3 class=\"wp-block-heading\">Pide ayuda para recoger un papel de una papelera<\/h3>\n\n\n\n<p>Seg\u00fan el amigo y ex mayordomo de Lady Di, Carlos III est\u00e1 acostumbrado a que le hagan absolutamente todo. \u201cEn una ocasi\u00f3n me llam\u00f3 desde su biblioteca y me dijo:&nbsp;<strong>&#8216;Oh, Paul, una carta de&nbsp;la Reina&nbsp;parece haber ca\u00eddo en mi papelera, \u00bfla recoger\u00edas?&#8217; \u201cTuve que agacharme en la papelera y sacar la carta y volver a ponerla en su escritorio\u201d<\/strong>, cont\u00f3 Burrell.<img decoding=\"async\" src=\"https:\/\/album.mediaset.es\/eimg\/2022\/09\/10\/el-rey-carlos-iii-de-inglaterra_cf0d.jpg?w=1024\" srcset=\"https:\/\/album.mediaset.es\/eimg\/2022\/09\/10\/el-rey-carlos-iii-de-inglaterra_cf0d.jpg?w=1024 1024w, https:\/\/album.mediaset.es\/eimg\/2022\/09\/10\/el-rey-carlos-iii-de-inglaterra_cf0d.jpg?w=800 800w, https:\/\/album.mediaset.es\/eimg\/2022\/09\/10\/el-rey-carlos-iii-de-inglaterra_cf0d.jpg?w=768 768w, https:\/\/album.mediaset.es\/eimg\/2022\/09\/10\/el-rey-carlos-iii-de-inglaterra_cf0d.jpg?w=640 640w, https:\/\/album.mediaset.es\/eimg\/2022\/09\/10\/el-rey-carlos-iii-de-inglaterra_cf0d.jpg?w=600 600w, https:\/\/album.mediaset.es\/eimg\/2022\/09\/10\/el-rey-carlos-iii-de-inglaterra_cf0d.jpg?w=480 480w, https:\/\/album.mediaset.es\/eimg\/2022\/09\/10\/el-rey-carlos-iii-de-inglaterra_cf0d.jpg?w=360 360w, https:\/\/album.mediaset.es\/eimg\/2022\/09\/10\/el-rey-carlos-iii-de-inglaterra_cf0d.jpg?w=320 320w\" alt=\"El rey Carlos III de Inglaterra\">El rey Carlos III de InglaterraJONATHAN BRADY\/PA WIRE\/DPA<\/p>\n\n\n\n<h3 class=\"wp-block-heading\">Su desayuno: pide dos ciruelas y devuelve una<\/h3>\n\n\n\n<p><strong>Darren McGrady,<\/strong>&nbsp;el que fuera durante muchos a\u00f1os<strong>&nbsp;chef de la Casa Real brit\u00e1nica<\/strong>, y que ya desvel\u00f3 la&nbsp;<a href=\"https:\/\/www.niusdiario.es\/vida\/visto-oido\/20220909\/isabel-ii-dieta-longevidad-que-comia-bebia_18_07412625.html\" target=\"_blank\" rel=\"noreferrer noopener\">dieta de la reina Isabel II con la que lleg\u00f3 a 96 a\u00f1os,<\/a>&nbsp;tambi\u00e9n dio alg\u00fan detalle sobre las<strong>&nbsp;man\u00edas de su hijo en lo que respecta al desayuno.<\/strong><\/p>\n\n\n\n<p>\u201cLa instrucci\u00f3n era colocar dos ciruelas y un poco de jugo en el taz\u00f3n y envi\u00e1rselo para el desayuno.<strong>&nbsp;Le mandaba dos ciruelas y \u00e9l dejaba una&nbsp;<\/strong>para que volviera a mis manos y yo la regresara al frasco. U<strong>na ma\u00f1ana pens\u00e9 en ponerle solo una. La envi\u00e9 al comedor, me mand\u00f3 a llamar y me pregunt\u00f3: \u2018\u00bfTienes dos, por favor?\u2019. As\u00ed que tuve que seguir envi\u00e1ndole dos cada ma\u00f1ana y me devolv\u00eda una\u201d<\/strong>, explic\u00f3 McGrady. Otra fuente real en MyLondon a\u00f1adi\u00f3 un detalle en su rutina diaria: al final de las comidas siempre pide&nbsp;<strong>queso y galletas, calentadas a una cierta temperatura.<\/strong><\/p>\n\n\n\n<h3 class=\"wp-block-heading\">Se lleva su cama y el inodoro cuando viaja<\/h3>\n\n\n\n<p><strong>Tina Brown<\/strong>&nbsp;cuenta en su<strong>&nbsp;libro&nbsp;<\/strong><em><strong>The Palace Papers<\/strong><\/em><strong>,<\/strong>&nbsp;que se publicar\u00e1 el pr\u00f3ximo mes, que el nuevo rey de Inglaterra<strong>&nbsp;hace llevar su cama, muebles e incluso fotos de adornos cuando viaja, en una furgoneta que llega un d\u00eda antes a su destino<\/strong>. \u00abLa \u00fanica confirmaci\u00f3n de su llegada a un acto es la llegada del&nbsp;<strong>cami\u00f3n con sus pertenencias, mientras este no llegue, uno no puede estar tranquilo\u00bb,&nbsp;<\/strong>dice la autora. Por ejemplo, cuando fue a<strong>&nbsp;Canad\u00e1<\/strong>&nbsp;por una de las actividades oficiales del&nbsp;Jubileo de Platino, tuvieron que<strong>&nbsp;trasladar all\u00ed la cama ortop\u00e9dica que utiliza, el asiento del inodoro y su papel higi\u00e9nico favorito, el&nbsp;Kleenex Velvet.<\/strong><\/p>\n\n\n\n<h3 class=\"wp-block-heading\"><strong>Solo come carne y pescado dos d\u00edas a la semana<\/strong><\/h3>\n\n\n\n<p>Hace un a\u00f1o revel\u00f3 que hab\u00eda&nbsp;<strong>reducido su consumo de carnes y l\u00e1cteos por el planeta.&nbsp;<\/strong>El entones pr\u00edncipe Carlos dio que&nbsp;<strong>ten\u00eda por norma comer carne y pescado solo dos d\u00edas a la semana,<\/strong>&nbsp;algo que lleva haciendo<strong>&nbsp;\u00abdurante a\u00f1os\u00bb.<\/strong><\/p>\n\n\n\n<h3 class=\"wp-block-heading\"><strong>\u00bfTienen man\u00edas los miembros de nuestra Casa Real?<\/strong><\/h3>\n\n\n\n<p>Es la pregunta que Risto Mejide trasladaba a la periodista Pilar Eyre, que sorprendi\u00f3 al recordar una an\u00e9cdota de la<strong>\u00a0reina Sof\u00eda<\/strong>\u00a0que ya ha contado otras veces en sus libros. \u00abAunque tiene fama de sencilla, es o era\u00a0<strong>muy severa con el servicio<\/strong>, y\u00a0<strong>cuando alguien le tra\u00eda una prenda que no estaba bien planchada, la cog\u00eda y la dejaba caer al suelo\u00bb<\/strong>\u00a0delante de la persona en cuesti\u00f3n, para hacerle ver que su trabajo no estaba bien hecho.<\/p>\n\n\n\n<p>Fuente: https:\/\/www.niusdiario.es\/vida\/visto-oido\/20220914\/rey-carlos-iii-manias-personalidad-trastorno-obsesivo-compulsivo_18_07452411.html<\/p>\n","protected":false},"excerpt":{"rendered":"<p>Tras sus pol\u00e9micos gestos con el tintero, sale a la luz la exc\u00e9ntrica personalidad del nuevo rey de Inglaterra, de [&hellip;]<\/p>\n","protected":false},"author":1,"featured_media":36884,"comment_status":"open","ping_status":"open","sticky":false,"template":"","format":"standard","meta":{"site-sidebar-layout":"default","site-content-layout":"","ast-site-content-layout":"default","site-content-style":"default","site-sidebar-style":"default","ast-global-header-display":"","ast-banner-title-visibility":"","ast-main-header-display":"","ast-hfb-above-header-display":"","ast-hfb-below-header-display":"","ast-hfb-mobile-header-display":"","site-post-title":"","ast-breadcrumbs-content":"","ast-featured-img":"","footer-sml-layout":"","theme-transparent-header-meta":"","adv-header-id-meta":"","stick-header-meta":"","header-above-stick-meta":"","header-main-stick-meta":"","header-below-stick-meta":"","astra-migrate-meta-layouts":"default","ast-page-background-enabled":"default","ast-page-background-meta":{"desktop":{"background-color":"var(--ast-global-color-4)","background-image":"","background-repeat":"repeat","background-position":"center center","background-size":"auto","background-attachment":"scroll","background-type":"","background-media":"","overlay-type":"","overlay-color":"","overlay-opacity":"","overlay-gradient":""},"tablet":{"background-color":"","background-image":"","background-repeat":"repeat","background-position":"center center","background-size":"auto","background-attachment":"scroll","background-type":"","background-media":"","overlay-type":"","overlay-color":"","overlay-opacity":"","overlay-gradient":""},"mobile":{"background-color":"","background-image":"","background-repeat":"repeat","background-position":"center center","background-size":"auto","background-attachment":"scroll","background-type":"","background-media":"","overlay-type":"","overlay-color":"","overlay-opacity":"","overlay-gradient":""}},"ast-content-background-meta":{"desktop":{"background-color":"var(--ast-global-color-5)","background-image":"","background-repeat":"repeat","background-position":"center center","background-size":"auto","background-attachment":"scroll","background-type":"","background-media":"","overlay-type":"","overlay-color":"","overlay-opacity":"","overlay-gradient":""},"tablet":{"background-color":"var(--ast-global-color-5)","background-image":"","background-repeat":"repeat","background-position":"center center","background-size":"auto","background-attachment":"scroll","background-type":"","background-media":"","overlay-type":"","overlay-color":"","overlay-opacity":"","overlay-gradient":""},"mobile":{"background-color":"var(--ast-global-color-5)","background-image":"","background-repeat":"repeat","background-position":"center center","background-size":"auto","background-attachment":"scroll","background-type":"","background-media":"","overlay-type":"","overlay-color":"","overlay-opacity":"","overlay-gradient":""}},"footnotes":""},"categories":[8],"tags":[12562,12465,12563],"class_list":["post-36883","post","type-post","status-publish","format-standard","has-post-thumbnail","hentry","category-noticias","tag-mania-carlos-iii","tag-rey-carlos-iii","tag-toc"],"_links":{"self":[{"href":"https:\/\/losperiodistas.com.mx\/portal\/wp-json\/wp\/v2\/posts\/36883","targetHints":{"allow":["GET"]}}],"collection":[{"href":"https:\/\/losperiodistas.com.mx\/portal\/wp-json\/wp\/v2\/posts"}],"about":[{"href":"https:\/\/losperiodistas.com.mx\/portal\/wp-json\/wp\/v2\/types\/post"}],"author":[{"embeddable":true,"href":"https:\/\/losperiodistas.com.mx\/portal\/wp-json\/wp\/v2\/users\/1"}],"replies":[{"embeddable":true,"href":"https:\/\/losperiodistas.com.mx\/portal\/wp-json\/wp\/v2\/comments?post=36883"}],"version-history":[{"count":1,"href":"https:\/\/losperiodistas.com.mx\/portal\/wp-json\/wp\/v2\/posts\/36883\/revisions"}],"predecessor-version":[{"id":36885,"href":"https:\/\/losperiodistas.com.mx\/portal\/wp-json\/wp\/v2\/posts\/36883\/revisions\/36885"}],"wp:featuredmedia":[{"embeddable":true,"href":"https:\/\/losperiodistas.com.mx\/portal\/wp-json\/wp\/v2\/media\/36884"}],"wp:attachment":[{"href":"https:\/\/losperiodistas.com.mx\/portal\/wp-json\/wp\/v2\/media?parent=36883"}],"wp:term":[{"taxonomy":"category","embeddable":true,"href":"https:\/\/losperiodistas.com.mx\/portal\/wp-json\/wp\/v2\/categories?post=36883"},{"taxonomy":"post_tag","embeddable":true,"href":"https:\/\/losperiodistas.com.mx\/portal\/wp-json\/wp\/v2\/tags?post=36883"}],"curies":[{"name":"wp","href":"https:\/\/api.w.org\/{rel}","templated":true}]}}