{"id":36877,"date":"2022-09-15T06:43:30","date_gmt":"2022-09-15T11:43:30","guid":{"rendered":"http:\/\/losperiodistas.com.mx\/portal\/?p=36877"},"modified":"2022-09-15T06:43:32","modified_gmt":"2022-09-15T11:43:32","slug":"editorial-el-pais","status":"publish","type":"post","link":"https:\/\/losperiodistas.com.mx\/portal\/editorial-el-pais\/","title":{"rendered":"EDITORIAL | El Pa\u00eds"},"content":{"rendered":"\n<h1 class=\"wp-block-heading\">El PRI se deshace<\/h1>\n\n\n\n<h2 class=\"wp-block-heading\">Las acusaciones de corrupci\u00f3n contra el presidente del partido, Alejandro Moreno, abocan a la formaci\u00f3n a la peor crisis de su historia<\/h2>\n\n\n\n<figure class=\"wp-block-image is-style-default\"><img decoding=\"async\" src=\"https:\/\/imagenes.elpais.com\/resizer\/8VM0ZQqvjgX4Krozc77a_7BQU8w=\/414x0\/filters:focal(2305x1460:2315x1470)\/cloudfront-eu-central-1.images.arcpublishing.com\/prisa\/4PBYNCKKBFBN3OJJG2ROVOIJ3Q.jpeg\" alt=\"El presidente del PRI, Alejandro Moreno, el 28 de junio en una conferencia de prensa en la sede del partido en Ciudad de M\u00e9xico.\"\/><figcaption>El presidente del PRI, Alejandro Moreno, el 28 de junio en una conferencia de prensa en la sede del partido en Ciudad de M\u00e9xico.MOIS\u00c9S PABLO (CUARTOSCURO)<\/figcaption><\/figure>\n\n\n\n<p class=\"has-vivid-cyan-blue-color has-text-color has-medium-font-size\">EL PA\u00cdS<\/p>\n\n\n\n<p>La descomposici\u00f3n del Partido Revolucionario Institucional (PRI)&nbsp;<a href=\"https:\/\/elpais.com\/mexico\/2022-09-13\/el-abrazo-del-oso-que-asfixia-al-pri.html\" target=\"_blank\" rel=\"noreferrer noopener\">ha empezado a la vista de todos sin que nadie sepa&nbsp;<\/a>a ciencia cierta d\u00f3nde estar\u00e1 su final. Gobern\u00f3 M\u00e9xico durante m\u00e1s de 70 a\u00f1os consecutivos, hasta que perdi\u00f3 su poder con la llegada del siglo XXI. Desde el mandato de Enrique Pe\u00f1a Nieto, entre 2012 y 2018, el PRI no ha dejado de vaciarse en las urnas. La transfusi\u00f3n de militantes y cargos p\u00fablicos hacia las filas del actual Gobierno est\u00e1 desangrando al partido.&nbsp;<a href=\"https:\/\/elpais.com\/mexico\/2022-09-14\/lopez-obrador-consolida-su-estrategia-contra-la-oposicion-al-nombrar-exgobernadores-del-pri-como-embajadores.html\" target=\"_blank\" rel=\"noreferrer noopener\">Los que no se integran en Morena,<\/a>&nbsp;la formaci\u00f3n del presidente Andr\u00e9s Manuel L\u00f3pez Obrador, se refugian en&nbsp;<a href=\"https:\/\/elpais.com\/mexico\/2022-09-07\/cisma-en-la-oposicion-mexicana-el-pan-y-el-prd-suspenden-su-alianza-con-el-pri.html\" target=\"_blank\" rel=\"noreferrer noopener\">una alianza opositora que no logra sacar cabeza.<\/a>&nbsp;La difusa ideolog\u00eda del PRI propicia esta doble di\u00e1spora que manda a unos a la izquierda y a otros al lado del conservador Partido de Acci\u00f3n Nacional, su eterno rival y ahora aliado. Esa divisi\u00f3n interna es&nbsp;<a href=\"https:\/\/elpais.com\/mexico\/2022-07-10\/escandalos-corrupcion-y-la-irrelevancia-politica-el-pri-que-se-extingue.html\" target=\"_blank\" rel=\"noreferrer noopener\">la puntilla para el gran paquebote que naci\u00f3 de la revoluci\u00f3n<\/a>&nbsp;mexicana y ejerci\u00f3 un poder hegem\u00f3nico durante d\u00e9cadas, gracias a su f\u00e9rreo sistema de sucesi\u00f3n presidencial.<\/p>\n\n\n\n<p>Hasta hace una d\u00e9cada, el partido manten\u00eda firme su poder territorial, con una veintena de los 32 Estados mexicanos bajo su bandera. Las redes caciquiles atrapaban entonces el voto de dos tercios de la poblaci\u00f3n. Pero el poder territorial se ha ido apagando elecci\u00f3n a elecci\u00f3n. Hoy, solo conserva Coahuila y el Estado de M\u00e9xico, la joya de la corona, emblema y cantera de presidentes.<\/p>\n\n\n\n<p>Las \u00faltimas semanas no han dado tregua al partido.&nbsp;<a href=\"https:\/\/elpais.com\/mexico\/2022-06-15\/la-justicia-y-los-pesos-pesados-del-pri-estrechan-el-cerco-sobre-el-presidente-del-partido.html\" target=\"_blank\" rel=\"noreferrer noopener\">Acorralado por la justicia debido a un presunto enriquecimiento il\u00edcito,<\/a>&nbsp;el presidente del PRI, Alejandro Moreno, ha metido la cabeza en las fauces del le\u00f3n. Los suyos y los adversarios dan por buena la tesis de que&nbsp;<a href=\"https:\/\/elpais.com\/mexico\/elecciones-mexicanas\/2021-06-12\/la-doble-cara-del-pri-en-su-batalla-por-la-supervivencia.html\" target=\"_blank\" rel=\"noreferrer noopener\">ha negociado un arreglo con el partido del Gobierno<\/a>&nbsp;para no quedar en manos de los tribunales. A cambio, ya ha tenido gestos a favor de las pol\u00edticas que defiende el presidente, lo que ha profundizado a\u00fan m\u00e1s la brecha que divide al partido y le ha granjeado amenazas de ruptura en la alianza opositora con la que pretenden concurrir a las elecciones.<\/p>\n\n\n\n<p>Nadie puede saber con certeza qu\u00e9 pasar\u00e1 con el PRI, pero un cambio en la presidencia no ser\u00e1 suficiente para alzarse de nuevo como un partido de gobierno. En las \u00faltimas elecciones presidenciales fue la tercera fuerza pol\u00edtica y el enorme arrastre de votos que todav\u00eda gestiona Morena mantiene a la oposici\u00f3n con la cabeza debajo del agua. La corrupci\u00f3n que lastra al PRI en nada ayuda. No son pocos los cargos del \u00faltimo Ejecutivo de\u00a0<a href=\"https:\/\/elpais.com\/mexico\/2022-07-07\/la-fiscalia-investiga-al-expresidente-enrique-pena-nieto-por-recibir-26-millones-de-pesos-en-transferencias-irregulares-en-el-extranjero.html\" target=\"_blank\" rel=\"noreferrer noopener\">Pe\u00f1a Nieto<\/a>\u00a0que est\u00e1n presos, procesados o huidos de la justicia. El PRI pas\u00f3 de ser el partido que\u00a0<a href=\"https:\/\/elpais.com\/internacional\/2013\/08\/27\/actualidad\/1377624050_580184.html\" target=\"_blank\" rel=\"noreferrer noopener\">nacionaliz\u00f3 el petr\u00f3leo con L\u00e1zaro C\u00e1rdenas<\/a>\u00a0a constituirse en el imaginario colectivo de los mexicanos como el que arruinaba al pa\u00eds a base de saquear la gran petrolera estatal. Sea cual que sea la salida a la actual crisis, sus constantes vitales est\u00e1n maltrechas.<\/p>\n\n\n\n<p>Fuente: https:\/\/elpais.com\/opinion\/2022-09-15\/el-pri-se-deshace.html<\/p>\n","protected":false},"excerpt":{"rendered":"<p>El PRI se deshace Las acusaciones de corrupci\u00f3n contra el presidente del partido, Alejandro Moreno, abocan a la formaci\u00f3n a [&hellip;]<\/p>\n","protected":false},"author":1,"featured_media":36878,"comment_status":"open","ping_status":"open","sticky":false,"template":"","format":"standard","meta":{"site-sidebar-layout":"default","site-content-layout":"","ast-site-content-layout":"default","site-content-style":"default","site-sidebar-style":"default","ast-global-header-display":"","ast-banner-title-visibility":"","ast-main-header-display":"","ast-hfb-above-header-display":"","ast-hfb-below-header-display":"","ast-hfb-mobile-header-display":"","site-post-title":"","ast-breadcrumbs-content":"","ast-featured-img":"","footer-sml-layout":"","theme-transparent-header-meta":"","adv-header-id-meta":"","stick-header-meta":"","header-above-stick-meta":"","header-main-stick-meta":"","header-below-stick-meta":"","astra-migrate-meta-layouts":"default","ast-page-background-enabled":"default","ast-page-background-meta":{"desktop":{"background-color":"var(--ast-global-color-4)","background-image":"","background-repeat":"repeat","background-position":"center center","background-size":"auto","background-attachment":"scroll","background-type":"","background-media":"","overlay-type":"","overlay-color":"","overlay-opacity":"","overlay-gradient":""},"tablet":{"background-color":"","background-image":"","background-repeat":"repeat","background-position":"center center","background-size":"auto","background-attachment":"scroll","background-type":"","background-media":"","overlay-type":"","overlay-color":"","overlay-opacity":"","overlay-gradient":""},"mobile":{"background-color":"","background-image":"","background-repeat":"repeat","background-position":"center center","background-size":"auto","background-attachment":"scroll","background-type":"","background-media":"","overlay-type":"","overlay-color":"","overlay-opacity":"","overlay-gradient":""}},"ast-content-background-meta":{"desktop":{"background-color":"var(--ast-global-color-5)","background-image":"","background-repeat":"repeat","background-position":"center center","background-size":"auto","background-attachment":"scroll","background-type":"","background-media":"","overlay-type":"","overlay-color":"","overlay-opacity":"","overlay-gradient":""},"tablet":{"background-color":"var(--ast-global-color-5)","background-image":"","background-repeat":"repeat","background-position":"center center","background-size":"auto","background-attachment":"scroll","background-type":"","background-media":"","overlay-type":"","overlay-color":"","overlay-opacity":"","overlay-gradient":""},"mobile":{"background-color":"var(--ast-global-color-5)","background-image":"","background-repeat":"repeat","background-position":"center center","background-size":"auto","background-attachment":"scroll","background-type":"","background-media":"","overlay-type":"","overlay-color":"","overlay-opacity":"","overlay-gradient":""}},"footnotes":""},"categories":[8],"tags":[10782,1978],"class_list":["post-36877","post","type-post","status-publish","format-standard","has-post-thumbnail","hentry","category-noticias","tag-alito-moreno","tag-pri"],"_links":{"self":[{"href":"https:\/\/losperiodistas.com.mx\/portal\/wp-json\/wp\/v2\/posts\/36877","targetHints":{"allow":["GET"]}}],"collection":[{"href":"https:\/\/losperiodistas.com.mx\/portal\/wp-json\/wp\/v2\/posts"}],"about":[{"href":"https:\/\/losperiodistas.com.mx\/portal\/wp-json\/wp\/v2\/types\/post"}],"author":[{"embeddable":true,"href":"https:\/\/losperiodistas.com.mx\/portal\/wp-json\/wp\/v2\/users\/1"}],"replies":[{"embeddable":true,"href":"https:\/\/losperiodistas.com.mx\/portal\/wp-json\/wp\/v2\/comments?post=36877"}],"version-history":[{"count":1,"href":"https:\/\/losperiodistas.com.mx\/portal\/wp-json\/wp\/v2\/posts\/36877\/revisions"}],"predecessor-version":[{"id":36879,"href":"https:\/\/losperiodistas.com.mx\/portal\/wp-json\/wp\/v2\/posts\/36877\/revisions\/36879"}],"wp:featuredmedia":[{"embeddable":true,"href":"https:\/\/losperiodistas.com.mx\/portal\/wp-json\/wp\/v2\/media\/36878"}],"wp:attachment":[{"href":"https:\/\/losperiodistas.com.mx\/portal\/wp-json\/wp\/v2\/media?parent=36877"}],"wp:term":[{"taxonomy":"category","embeddable":true,"href":"https:\/\/losperiodistas.com.mx\/portal\/wp-json\/wp\/v2\/categories?post=36877"},{"taxonomy":"post_tag","embeddable":true,"href":"https:\/\/losperiodistas.com.mx\/portal\/wp-json\/wp\/v2\/tags?post=36877"}],"curies":[{"name":"wp","href":"https:\/\/api.w.org\/{rel}","templated":true}]}}