{"id":36874,"date":"2022-09-15T06:34:29","date_gmt":"2022-09-15T11:34:29","guid":{"rendered":"http:\/\/losperiodistas.com.mx\/portal\/?p=36874"},"modified":"2022-09-15T06:34:31","modified_gmt":"2022-09-15T11:34:31","slug":"se-registra-otro-incidente-aereo-ahora-en-el-aifa-forbes","status":"publish","type":"post","link":"https:\/\/losperiodistas.com.mx\/portal\/se-registra-otro-incidente-aereo-ahora-en-el-aifa-forbes\/","title":{"rendered":"Se registra otro incidente a\u00e9reo\u2026 ahora en el AIFA | Forbes"},"content":{"rendered":"\n<p class=\"has-medium-font-size\"><em>El piloto de un avi\u00f3n de Aerom\u00e9xico abort\u00f3 el despegue en el AIFA luego de ver maniobras de 3 aeronaves de la Fuerza A\u00e9rea Mexicana.<\/em><\/p>\n\n\n\n<p><\/p>\n\n\n\n<figure class=\"wp-block-image size-large is-style-default\"><img fetchpriority=\"high\" decoding=\"async\" width=\"1024\" height=\"576\" src=\"https:\/\/losperiodistas.com.mx\/portal\/wp-content\/uploads\/2022\/09\/2522e705-9180-426a-8d19-3916c8cd422f-1280x720-1-1024x576.jpeg\" alt=\"\" class=\"wp-image-36875\" srcset=\"https:\/\/losperiodistas.com.mx\/portal\/wp-content\/uploads\/2022\/09\/2522e705-9180-426a-8d19-3916c8cd422f-1280x720-1-1024x576.jpeg 1024w, https:\/\/losperiodistas.com.mx\/portal\/wp-content\/uploads\/2022\/09\/2522e705-9180-426a-8d19-3916c8cd422f-1280x720-1-300x169.jpeg 300w, https:\/\/losperiodistas.com.mx\/portal\/wp-content\/uploads\/2022\/09\/2522e705-9180-426a-8d19-3916c8cd422f-1280x720-1-768x432.jpeg 768w, https:\/\/losperiodistas.com.mx\/portal\/wp-content\/uploads\/2022\/09\/2522e705-9180-426a-8d19-3916c8cd422f-1280x720-1.jpeg 1280w\" sizes=\"(max-width: 1024px) 100vw, 1024px\" \/><figcaption><em>Aeropuerto Internacional Felipe \u00c1ngeles. Foto: Fernando Luna.<\/em><\/figcaption><\/figure>\n\n\n\n<p class=\"has-vivid-cyan-blue-color has-text-color has-medium-font-size\">EMMANUEL CARRILLO \/ FORBES<\/p>\n\n\n\n<p>Un nuevo incidente se registr\u00f3 en el espacio a\u00e9reo mexicano, ahora en el Aeropuerto Internacional Felipe \u00c1ngeles (AIFA), donde un vuelo de Aerom\u00e9xico tuvo que suspender su despegue luego de encontrarse con tres helic\u00f3pteros que realizaban ejercicios para el desfile militar del 16 de septiembre.<\/p>\n\n\n\n<p>Se trat\u00f3 del vuelo de Aerom\u00e9xico 874, que ten\u00eda como destino la ciudad de M\u00e9rida, Yucat\u00e1n, sin embargo, el piloto abort\u00f3 el despegue luego de que visualiz\u00f3 maniobras de tres aeronaves de la Fuerza A\u00e9rea Mexicana en el Base Militar de Santa Luc\u00eda, en el Estado de M\u00e9xico.<\/p>\n\n\n\n<p>Al respecto, la oficina de Servicios de Navegaci\u00f3n en el Espacio Mexicano (Senam) explic\u00f3 que el piloto de Aeromexico no tuvo autorizaci\u00f3n de la torre de control para iniciar el despegue.<\/p>\n\n\n\n<p>Se\u00f1al\u00f3 que el capit\u00e1n del aeronave emprendi\u00f3 las acciones para levantar el vuelo, pero cuando se percat\u00f3 de el obst\u00e1culo, suspendi\u00f3 las maniobras<\/p>\n\n\n\n<p>De acuerdo con la dependencia, se iniciaron las investigaciones correspondientes para determinar lo que sucedi\u00f3 en el incidente.<\/p>\n\n\n\n<figure class=\"wp-block-embed is-type-rich is-provider-twitter wp-block-embed-twitter\"><div class=\"wp-block-embed__wrapper\">\n<blockquote class=\"twitter-tweet\" data-width=\"500\" data-dnt=\"true\"><p lang=\"es\" dir=\"ltr\">Ya se iniciaron las investigaciones correspondientes de parte de la autoridad a\u00e9rea y se seguir\u00e1n los protocolos.<\/p>&mdash; SENEAM (@SENEAM_mx) <a href=\"https:\/\/twitter.com\/SENEAM_mx\/status\/1570199468418695174?ref_src=twsrc%5Etfw\">September 14, 2022<\/a><\/blockquote><script async src=\"https:\/\/platform.twitter.com\/widgets.js\" charset=\"utf-8\"><\/script>\n<\/div><\/figure>\n\n\n\n<p><\/p>\n\n\n\n<p>Fuente: https:\/\/www.forbes.com.mx\/se-registra-otro-incidente-aereo-ahora-en-el-aifa\/<\/p>\n","protected":false},"excerpt":{"rendered":"<p>El piloto de un avi\u00f3n de Aerom\u00e9xico abort\u00f3 el despegue en el AIFA luego de ver maniobras de 3 aeronaves [&hellip;]<\/p>\n","protected":false},"author":1,"featured_media":36875,"comment_status":"open","ping_status":"open","sticky":false,"template":"","format":"standard","meta":{"site-sidebar-layout":"default","site-content-layout":"","ast-site-content-layout":"default","site-content-style":"default","site-sidebar-style":"default","ast-global-header-display":"","ast-banner-title-visibility":"","ast-main-header-display":"","ast-hfb-above-header-display":"","ast-hfb-below-header-display":"","ast-hfb-mobile-header-display":"","site-post-title":"","ast-breadcrumbs-content":"","ast-featured-img":"","footer-sml-layout":"","theme-transparent-header-meta":"","adv-header-id-meta":"","stick-header-meta":"","header-above-stick-meta":"","header-main-stick-meta":"","header-below-stick-meta":"","astra-migrate-meta-layouts":"default","ast-page-background-enabled":"default","ast-page-background-meta":{"desktop":{"background-color":"var(--ast-global-color-4)","background-image":"","background-repeat":"repeat","background-position":"center center","background-size":"auto","background-attachment":"scroll","background-type":"","background-media":"","overlay-type":"","overlay-color":"","overlay-opacity":"","overlay-gradient":""},"tablet":{"background-color":"","background-image":"","background-repeat":"repeat","background-position":"center center","background-size":"auto","background-attachment":"scroll","background-type":"","background-media":"","overlay-type":"","overlay-color":"","overlay-opacity":"","overlay-gradient":""},"mobile":{"background-color":"","background-image":"","background-repeat":"repeat","background-position":"center center","background-size":"auto","background-attachment":"scroll","background-type":"","background-media":"","overlay-type":"","overlay-color":"","overlay-opacity":"","overlay-gradient":""}},"ast-content-background-meta":{"desktop":{"background-color":"var(--ast-global-color-5)","background-image":"","background-repeat":"repeat","background-position":"center center","background-size":"auto","background-attachment":"scroll","background-type":"","background-media":"","overlay-type":"","overlay-color":"","overlay-opacity":"","overlay-gradient":""},"tablet":{"background-color":"var(--ast-global-color-5)","background-image":"","background-repeat":"repeat","background-position":"center center","background-size":"auto","background-attachment":"scroll","background-type":"","background-media":"","overlay-type":"","overlay-color":"","overlay-opacity":"","overlay-gradient":""},"mobile":{"background-color":"var(--ast-global-color-5)","background-image":"","background-repeat":"repeat","background-position":"center center","background-size":"auto","background-attachment":"scroll","background-type":"","background-media":"","overlay-type":"","overlay-color":"","overlay-opacity":"","overlay-gradient":""}},"footnotes":""},"categories":[8],"tags":[12558,391,12559],"class_list":["post-36874","post","type-post","status-publish","format-standard","has-post-thumbnail","hentry","category-noticias","tag-aborto-vuelo-aeromexico-874","tag-aifa","tag-maniobras-militares"],"_links":{"self":[{"href":"https:\/\/losperiodistas.com.mx\/portal\/wp-json\/wp\/v2\/posts\/36874","targetHints":{"allow":["GET"]}}],"collection":[{"href":"https:\/\/losperiodistas.com.mx\/portal\/wp-json\/wp\/v2\/posts"}],"about":[{"href":"https:\/\/losperiodistas.com.mx\/portal\/wp-json\/wp\/v2\/types\/post"}],"author":[{"embeddable":true,"href":"https:\/\/losperiodistas.com.mx\/portal\/wp-json\/wp\/v2\/users\/1"}],"replies":[{"embeddable":true,"href":"https:\/\/losperiodistas.com.mx\/portal\/wp-json\/wp\/v2\/comments?post=36874"}],"version-history":[{"count":1,"href":"https:\/\/losperiodistas.com.mx\/portal\/wp-json\/wp\/v2\/posts\/36874\/revisions"}],"predecessor-version":[{"id":36876,"href":"https:\/\/losperiodistas.com.mx\/portal\/wp-json\/wp\/v2\/posts\/36874\/revisions\/36876"}],"wp:featuredmedia":[{"embeddable":true,"href":"https:\/\/losperiodistas.com.mx\/portal\/wp-json\/wp\/v2\/media\/36875"}],"wp:attachment":[{"href":"https:\/\/losperiodistas.com.mx\/portal\/wp-json\/wp\/v2\/media?parent=36874"}],"wp:term":[{"taxonomy":"category","embeddable":true,"href":"https:\/\/losperiodistas.com.mx\/portal\/wp-json\/wp\/v2\/categories?post=36874"},{"taxonomy":"post_tag","embeddable":true,"href":"https:\/\/losperiodistas.com.mx\/portal\/wp-json\/wp\/v2\/tags?post=36874"}],"curies":[{"name":"wp","href":"https:\/\/api.w.org\/{rel}","templated":true}]}}