{"id":36871,"date":"2022-09-15T06:08:17","date_gmt":"2022-09-15T11:08:17","guid":{"rendered":"http:\/\/losperiodistas.com.mx\/portal\/?p=36871"},"modified":"2022-09-15T06:08:19","modified_gmt":"2022-09-15T11:08:19","slug":"logra-primor-mayoria-en-san-lazaro-por-dos-votos-mural","status":"publish","type":"post","link":"https:\/\/losperiodistas.com.mx\/portal\/logra-primor-mayoria-en-san-lazaro-por-dos-votos-mural\/","title":{"rendered":"Logra PRIMOR mayor\u00eda en San L\u00e1zaro \u00a1por dos votos!\u00a0| Mural"},"content":{"rendered":"\n<figure class=\"wp-block-image size-full is-style-default\"><img fetchpriority=\"high\" decoding=\"async\" width=\"960\" height=\"640\" src=\"https:\/\/losperiodistas.com.mx\/portal\/wp-content\/uploads\/2022\/09\/5333598.jpeg\" alt=\"\" class=\"wp-image-36872\" srcset=\"https:\/\/losperiodistas.com.mx\/portal\/wp-content\/uploads\/2022\/09\/5333598.jpeg 960w, https:\/\/losperiodistas.com.mx\/portal\/wp-content\/uploads\/2022\/09\/5333598-300x200.jpeg 300w, https:\/\/losperiodistas.com.mx\/portal\/wp-content\/uploads\/2022\/09\/5333598-768x512.jpeg 768w\" sizes=\"(max-width: 960px) 100vw, 960px\" \/><figcaption>Foto: V\u00edctor Zubieta.<\/figcaption><\/figure>\n\n\n\n<p class=\"has-vivid-cyan-blue-color has-text-color has-medium-font-size\">MARTHA MART\u00cdNEZ \/ CLAUDIA SALAZAR \/ MURAL<\/p>\n\n\n\n<p><strong>Cd. de M\u00e9xico\u00a0(15 septiembre 2022).-\u00a0<\/strong>La\u00a0<strong>nueva alianzaPRI-Morena<\/strong>\u00a0aprob\u00f3 de manera apretada la reforma constitucional que ampl\u00eda la presencia\u00a0<strong>militar<\/strong>\u00a0en l<strong>abores de seguridad p\u00fablica<\/strong>\u00a0hasta\u00a0<strong>2028<\/strong>, y no hasta 2029, como suger\u00eda la propuesta a discusi\u00f3n.<\/p>\n\n\n\n<p>Notas Relacionadas<\/p>\n\n\n\n<figure class=\"wp-block-image is-style-default\"><img decoding=\"async\" src=\"https:\/\/img.gruporeforma.com\/\/imagenes\/elementorelacionado\/11\/273\/10272870.jpg\" alt=\"\"\/><\/figure>\n\n\n\n<p><a href=\"https:\/\/www.mural.com.mx\/definiran-ruptura-con-pri-cuando-senado-resuelva-iniciativa\/ar2470607?v=2\">Definir\u00e1n ruptura con PRI cuando Senado resuelva iniciativa<\/a><\/p>\n\n\n\n<p>Por ser una reforma a la&nbsp;<strong>Constituci\u00f3n<\/strong>, eran necesarios 334 votos que por s\u00ed sola la&nbsp;<strong>mayor\u00eda<\/strong>&nbsp;oficialista (<strong>Morena-PT-Verde<\/strong>) no obten\u00eda, pues suma 271 legisladores. El&nbsp;<strong>PRI<\/strong>, promotor de la iniciativa de ampliaci\u00f3n de la presencia castrense en las calles, pod\u00eda aportar 69 votos y con ello garantizar las dos terceras partes de votos necesarios para su aprobaci\u00f3n.<\/p>\n\n\n\n<p>Pero cinco de los 69 legisladores priistas desobedecieron a su l\u00edder&nbsp;<strong>Alejandro Moreno<\/strong>. Dos de esos cinco votaron en contra. Una diputada se abstuvo y dos m\u00e1s se ausentaron. En&nbsp;<strong>Morena<\/strong>&nbsp;una legisladora rechaz\u00f3 apoyar la propuesta tricolor.&nbsp;<strong>PAN, PRD y Movimiento Ciudadano<\/strong>&nbsp;votaron en contra.<\/p>\n\n\n\n<p>Al final, el pleno de&nbsp;<strong>San L\u00e1zaro<\/strong>&nbsp;aval\u00f3 con 335 votos a favor, 152 en contra y una abstenci\u00f3n modificaciones al art\u00edculo quinto transitorio constitucional para ampliar de 5 a 9 a\u00f1os la presencia del Ej\u00e9rcito en las calles.<\/p>\n\n\n\n<p>Los diputados aprobaron una reserva presentada por el&nbsp;<strong>PT<\/strong>, que propuso reducir de 10 a 9 a\u00f1os el periodo en el que el Presidente podr\u00e1 disponer de manera extraordinaria del Ej\u00e9rcito, y regresar a la redacci\u00f3n propuesta por la priista Yolanda de la Torre.<\/p>\n\n\n\n<p>Durante la discusi\u00f3n que dur\u00f3 cerca de nueve horas,&nbsp;<strong>PAN y PRD<\/strong>&nbsp;condenaron la reforma, pero fueron cuidadosos en no se\u00f1alar directamente al&nbsp;<strong>PRI<\/strong>, pues establecieron un acuerdo interno de no atacarse con el fin de preservar la alianza opositora.<\/p>\n\n\n\n<p>Las cr\u00edticas se centraron en el Gobierno de la&nbsp;<strong>4T<\/strong>.<\/p>\n\n\n\n<p>El priista&nbsp;<strong>Alejandro Moreno<\/strong>&nbsp;asegur\u00f3 que los ciudadanos demandan que una instituci\u00f3n s\u00f3lida como las Fuerzas Armadas coadyuve para garantizar la paz, la armon\u00eda y la seguridad.<\/p>\n\n\n\n<p>Tras el proceso, el&nbsp;<strong>PAN y el PRD<\/strong>&nbsp;informaron que esperar\u00e1n la votaci\u00f3n final en el Senado para evaluar si mantienen la alianza \u00ab<strong>Va por M\u00e9xico<\/strong>\u00bb con el&nbsp;<strong>PRI<\/strong>.<\/p>\n\n\n\n<p>\u00abLa dirigencia del&nbsp;<strong>PRI<\/strong>&nbsp;y sus diputados han faltado a la palabra, a los compromisos firmados y les han dado la espalda a las y los ciudadanos que en 2021 votaron por ellos, precisamente para que impidieran este tipo de reformas antidemocr\u00e1ticas, atentatorias contra las libertades y los derechos humanos\u00bb, dijeron en un comunicado conjunto.<\/p>\n\n\n\n<p>El l\u00edder del&nbsp;<strong>PRD<\/strong>,&nbsp;<strong>Jes\u00fas Zambrano<\/strong>, declar\u00f3 que&nbsp;<strong>Alito<\/strong>&nbsp;ya no es confiable como interlocutor. \u00abCon&nbsp;<strong>Alito<\/strong>&nbsp;no m\u00e1s.<\/p>\n\n\n\n<p>Yo no me siento ya con \u00e9l para construir acuerdos. Es inconfiable\u00bb, dijo a REFORMA.<\/p>\n\n\n\n<p>La reforma fue enviada anoche al&nbsp;<strong>Senado<\/strong>, pero ser\u00e1 discutida hasta el martes 20.<\/p>\n\n\n\n<p>Ayer, el coordinador de Senadores de Morena,\u00a0<strong>Ricardo Monreal<\/strong>, reconoci\u00f3 que todav\u00eda no cuentan con los votos para garantizar su aprobaci\u00f3n.<br>Hora de publicaci\u00f3n: 05:00 hrs.<\/p>\n\n\n\n<p>Fuente: https:\/\/www.mural.com.mx\/logra-primor-mayoria-en-san-lazaro-por-dos-votos\/ar2470721<\/p>\n","protected":false},"excerpt":{"rendered":"<p>MARTHA MART\u00cdNEZ \/ CLAUDIA SALAZAR \/ MURAL Cd. de M\u00e9xico\u00a0(15 septiembre 2022).-\u00a0La\u00a0nueva alianzaPRI-Morena\u00a0aprob\u00f3 de manera apretada la reforma constitucional que [&hellip;]<\/p>\n","protected":false},"author":1,"featured_media":36872,"comment_status":"open","ping_status":"open","sticky":false,"template":"","format":"standard","meta":{"site-sidebar-layout":"default","site-content-layout":"","ast-site-content-layout":"default","site-content-style":"default","site-sidebar-style":"default","ast-global-header-display":"","ast-banner-title-visibility":"","ast-main-header-display":"","ast-hfb-above-header-display":"","ast-hfb-below-header-display":"","ast-hfb-mobile-header-display":"","site-post-title":"","ast-breadcrumbs-content":"","ast-featured-img":"","footer-sml-layout":"","theme-transparent-header-meta":"","adv-header-id-meta":"","stick-header-meta":"","header-above-stick-meta":"","header-main-stick-meta":"","header-below-stick-meta":"","astra-migrate-meta-layouts":"default","ast-page-background-enabled":"default","ast-page-background-meta":{"desktop":{"background-color":"var(--ast-global-color-4)","background-image":"","background-repeat":"repeat","background-position":"center center","background-size":"auto","background-attachment":"scroll","background-type":"","background-media":"","overlay-type":"","overlay-color":"","overlay-opacity":"","overlay-gradient":""},"tablet":{"background-color":"","background-image":"","background-repeat":"repeat","background-position":"center center","background-size":"auto","background-attachment":"scroll","background-type":"","background-media":"","overlay-type":"","overlay-color":"","overlay-opacity":"","overlay-gradient":""},"mobile":{"background-color":"","background-image":"","background-repeat":"repeat","background-position":"center center","background-size":"auto","background-attachment":"scroll","background-type":"","background-media":"","overlay-type":"","overlay-color":"","overlay-opacity":"","overlay-gradient":""}},"ast-content-background-meta":{"desktop":{"background-color":"var(--ast-global-color-5)","background-image":"","background-repeat":"repeat","background-position":"center center","background-size":"auto","background-attachment":"scroll","background-type":"","background-media":"","overlay-type":"","overlay-color":"","overlay-opacity":"","overlay-gradient":""},"tablet":{"background-color":"var(--ast-global-color-5)","background-image":"","background-repeat":"repeat","background-position":"center center","background-size":"auto","background-attachment":"scroll","background-type":"","background-media":"","overlay-type":"","overlay-color":"","overlay-opacity":"","overlay-gradient":""},"mobile":{"background-color":"var(--ast-global-color-5)","background-image":"","background-repeat":"repeat","background-position":"center center","background-size":"auto","background-attachment":"scroll","background-type":"","background-media":"","overlay-type":"","overlay-color":"","overlay-opacity":"","overlay-gradient":""}},"footnotes":""},"categories":[8],"tags":[2127,12011,12557],"class_list":["post-36871","post","type-post","status-publish","format-standard","has-post-thumbnail","hentry","category-noticias","tag-guardia-nacional","tag-militarizacion-mexico","tag-primor"],"_links":{"self":[{"href":"https:\/\/losperiodistas.com.mx\/portal\/wp-json\/wp\/v2\/posts\/36871","targetHints":{"allow":["GET"]}}],"collection":[{"href":"https:\/\/losperiodistas.com.mx\/portal\/wp-json\/wp\/v2\/posts"}],"about":[{"href":"https:\/\/losperiodistas.com.mx\/portal\/wp-json\/wp\/v2\/types\/post"}],"author":[{"embeddable":true,"href":"https:\/\/losperiodistas.com.mx\/portal\/wp-json\/wp\/v2\/users\/1"}],"replies":[{"embeddable":true,"href":"https:\/\/losperiodistas.com.mx\/portal\/wp-json\/wp\/v2\/comments?post=36871"}],"version-history":[{"count":1,"href":"https:\/\/losperiodistas.com.mx\/portal\/wp-json\/wp\/v2\/posts\/36871\/revisions"}],"predecessor-version":[{"id":36873,"href":"https:\/\/losperiodistas.com.mx\/portal\/wp-json\/wp\/v2\/posts\/36871\/revisions\/36873"}],"wp:featuredmedia":[{"embeddable":true,"href":"https:\/\/losperiodistas.com.mx\/portal\/wp-json\/wp\/v2\/media\/36872"}],"wp:attachment":[{"href":"https:\/\/losperiodistas.com.mx\/portal\/wp-json\/wp\/v2\/media?parent=36871"}],"wp:term":[{"taxonomy":"category","embeddable":true,"href":"https:\/\/losperiodistas.com.mx\/portal\/wp-json\/wp\/v2\/categories?post=36871"},{"taxonomy":"post_tag","embeddable":true,"href":"https:\/\/losperiodistas.com.mx\/portal\/wp-json\/wp\/v2\/tags?post=36871"}],"curies":[{"name":"wp","href":"https:\/\/api.w.org\/{rel}","templated":true}]}}