{"id":36863,"date":"2022-09-15T05:20:10","date_gmt":"2022-09-15T10:20:10","guid":{"rendered":"http:\/\/losperiodistas.com.mx\/portal\/?p=36863"},"modified":"2022-09-15T05:20:12","modified_gmt":"2022-09-15T10:20:12","slug":"avanza-militarizacion-como-politica-de-estado-integralia-consultores-etcetera","status":"publish","type":"post","link":"https:\/\/losperiodistas.com.mx\/portal\/avanza-militarizacion-como-politica-de-estado-integralia-consultores-etcetera\/","title":{"rendered":"Avanza militarizaci\u00f3n como pol\u00edtica de Estado: Integralia Consultores\u00a0| Etc\u00e9tera"},"content":{"rendered":"\n<figure class=\"wp-block-image size-full is-style-default\"><img fetchpriority=\"high\" decoding=\"async\" width=\"617\" height=\"347\" src=\"https:\/\/losperiodistas.com.mx\/portal\/wp-content\/uploads\/2022\/09\/militarizacio\u0301n-poli\u0301tica-617x347-1.jpg\" alt=\"\" class=\"wp-image-36864\" srcset=\"https:\/\/losperiodistas.com.mx\/portal\/wp-content\/uploads\/2022\/09\/militarizacio\u0301n-poli\u0301tica-617x347-1.jpg 617w, https:\/\/losperiodistas.com.mx\/portal\/wp-content\/uploads\/2022\/09\/militarizacio\u0301n-poli\u0301tica-617x347-1-300x169.jpg 300w\" sizes=\"(max-width: 617px) 100vw, 617px\" \/><\/figure>\n\n\n\n<p><\/p>\n\n\n\n<p class=\"has-vivid-cyan-blue-color has-text-color has-medium-font-size\">ETC\u00c9TERA<\/p>\n\n\n\n<p><strong>En el pa\u00eds avanza y se consolida la militarizaci\u00f3n como una pol\u00edtica de Estado, proceso iniciado en 2006, la que genera problemas como concentraci\u00f3n del poder, politizaci\u00f3n, violaciones a derechos humanos y un mayor peso castrense sobre las decisiones gubernamentales, se\u00f1ala Integralia Consultores.<\/strong><\/p>\n\n\n\n<p>En el reporte&nbsp;<em>La militarizaci\u00f3n en M\u00e9xico. Hacia la consolidaci\u00f3n de una pol\u00edtica de Estado 2006-2022<\/em>, Integralia Consultores detalla el avance de ese proceso que inici\u00f3 desde el gobierno de Felipe Calder\u00f3n y que se ha profundizado notablemente en el de Andr\u00e9s Manuel Lopez Obrador.<\/p>\n\n\n\n<p>Entre las principales l\u00edneas de la militarizaci\u00f3n se se\u00f1ala en el documento a l<strong>a Guardia Nacional, la que en realidad \u201cha sido una extensi\u00f3n material y operativa de las fuerzas armadas\u201d<\/strong>, ya que la mayor\u00eda de sus integrantes tienen plaza o sueldo de la Sedena y de la Secretar\u00eda de Marina.<\/p>\n\n\n\n<p>Otro indicador preocupante del crecimiento de la influencia castrense en el gobierno es que durante la administraci\u00f3n de L\u00f3pez Obrador&nbsp;<strong>las fuerzas armadas han asumido el control operativo y directivo de diversas funciones que anta\u00f1o no ten\u00edan<\/strong>, como la construcci\u00f3n de infraestructura civil, la administraci\u00f3n de aduanas mar\u00edtimas y la operaci\u00f3n de programas sociales.<\/p>\n\n\n\n<p>Un dato que deja ver la militarizaci\u00f3n en pleno es el impresionante crecimiento de los recursos que se le han asignado a las fuerzas armadas entre 2007 y 2020, que ha sido de 60.5 por ciento en t\u00e9rminos reales.<\/p>\n\n\n\n<p>Pero Integralia Consultores se\u00f1ala que pese a ese crecimiento de funciones, responsabilidades y recursos de las fuerzas armadas, tambi\u00e9n se ha registrado&nbsp;<strong>un incremento en la incidencia de delitos como la extorsi\u00f3n, el narcomenudeo y el feminicidio.<\/strong><\/p>\n\n\n\n<p>El documento se\u00f1ala otro par de asuntos relevantes sobre el funcionamiento actual de las fuerzas armadas son las autoridades con m\u00e1s quejas por violaciones a derechos humanos, y la opacidad con la que desarrollan sus actividades.<\/p>\n\n\n\n<p>Acerca de la profundizaci\u00f3n de la militarizaci\u00f3n en el actual gobierno, Integralia menciona que los esfuerzos de L\u00f3pez Obrador apuntan \u201chacia la permanencia de las fuerzas armadas y la consolidaci\u00f3n de la militarizaci\u00f3n de la Guardia Nacional y de las tareas de seguridad\u201d.<\/p>\n\n\n\n<p>Integralia Consultores se\u00f1ala que la militarizaci\u00f3n da lugar a diversos problemas, entre los que est\u00e1n el aumento del peso del Ej\u00e9rcito en las decisiones gubernamentales y en el dise\u00f1o y la ejecuci\u00f3n de pol\u00edticas p\u00fablicas, concentraci\u00f3n del poder, se desplaza la formaci\u00f3n de polic\u00edas locales y estatales, continuaci\u00f3n de violaciones a los derechos humanos, una d\u00e9bil vigilancia y rendici\u00f3n de cuentas, adem\u00e1s de que se pueden politizar y tambi\u00e9n adquirir una l\u00f3gica empresarial.<\/p>\n\n\n\n<p>Fuente: https:\/\/www.etcetera.com.mx\/nacional\/avanza-militarizacion-politica-estado-integralia-consultores\/<\/p>\n\n\n\n<hr class=\"wp-block-separator\"\/>\n\n\n\n<p>EL REPORTE COMPLETO PUEDE LEERSE EN: <\/p>\n\n\n\n<figure class=\"wp-block-embed is-type-wp-embed is-provider-integralia wp-block-embed-integralia\"><div class=\"wp-block-embed__wrapper\">\n<blockquote class=\"wp-embedded-content\" data-secret=\"X1dcIWmDj4\"><a href=\"https:\/\/integralia.com.mx\/web\/reporte-especial-la-militarizacion-en-mexico-hacia-la-consolidacion-de-una-politica-de-estado-2006-2022\/\">Reporte especial: La militarizaci\u00f3n en M\u00e9xico. Hacia la consolidaci\u00f3n de una Pol\u00edtica de Estado 2006-2022<\/a><\/blockquote><iframe class=\"wp-embedded-content\" sandbox=\"allow-scripts\" security=\"restricted\" style=\"position: absolute; visibility: hidden;\" title=\"&#8220;Reporte especial: La militarizaci\u00f3n en M\u00e9xico. Hacia la consolidaci\u00f3n de una Pol\u00edtica de Estado 2006-2022&#8221; &#8212; Integralia\" src=\"https:\/\/integralia.com.mx\/web\/reporte-especial-la-militarizacion-en-mexico-hacia-la-consolidacion-de-una-politica-de-estado-2006-2022\/embed\/#?secret=8jyxYPf78H#?secret=X1dcIWmDj4\" data-secret=\"X1dcIWmDj4\" width=\"500\" height=\"282\" frameborder=\"0\" marginwidth=\"0\" marginheight=\"0\" scrolling=\"no\"><\/iframe>\n<\/div><\/figure>\n","protected":false},"excerpt":{"rendered":"<p>ETC\u00c9TERA En el pa\u00eds avanza y se consolida la militarizaci\u00f3n como una pol\u00edtica de Estado, proceso iniciado en 2006, la [&hellip;]<\/p>\n","protected":false},"author":1,"featured_media":36864,"comment_status":"open","ping_status":"open","sticky":false,"template":"","format":"standard","meta":{"site-sidebar-layout":"default","site-content-layout":"","ast-site-content-layout":"default","site-content-style":"default","site-sidebar-style":"default","ast-global-header-display":"","ast-banner-title-visibility":"","ast-main-header-display":"","ast-hfb-above-header-display":"","ast-hfb-below-header-display":"","ast-hfb-mobile-header-display":"","site-post-title":"","ast-breadcrumbs-content":"","ast-featured-img":"","footer-sml-layout":"","theme-transparent-header-meta":"","adv-header-id-meta":"","stick-header-meta":"","header-above-stick-meta":"","header-main-stick-meta":"","header-below-stick-meta":"","astra-migrate-meta-layouts":"default","ast-page-background-enabled":"default","ast-page-background-meta":{"desktop":{"background-color":"var(--ast-global-color-4)","background-image":"","background-repeat":"repeat","background-position":"center center","background-size":"auto","background-attachment":"scroll","background-type":"","background-media":"","overlay-type":"","overlay-color":"","overlay-opacity":"","overlay-gradient":""},"tablet":{"background-color":"","background-image":"","background-repeat":"repeat","background-position":"center center","background-size":"auto","background-attachment":"scroll","background-type":"","background-media":"","overlay-type":"","overlay-color":"","overlay-opacity":"","overlay-gradient":""},"mobile":{"background-color":"","background-image":"","background-repeat":"repeat","background-position":"center center","background-size":"auto","background-attachment":"scroll","background-type":"","background-media":"","overlay-type":"","overlay-color":"","overlay-opacity":"","overlay-gradient":""}},"ast-content-background-meta":{"desktop":{"background-color":"var(--ast-global-color-5)","background-image":"","background-repeat":"repeat","background-position":"center center","background-size":"auto","background-attachment":"scroll","background-type":"","background-media":"","overlay-type":"","overlay-color":"","overlay-opacity":"","overlay-gradient":""},"tablet":{"background-color":"var(--ast-global-color-5)","background-image":"","background-repeat":"repeat","background-position":"center center","background-size":"auto","background-attachment":"scroll","background-type":"","background-media":"","overlay-type":"","overlay-color":"","overlay-opacity":"","overlay-gradient":""},"mobile":{"background-color":"var(--ast-global-color-5)","background-image":"","background-repeat":"repeat","background-position":"center center","background-size":"auto","background-attachment":"scroll","background-type":"","background-media":"","overlay-type":"","overlay-color":"","overlay-opacity":"","overlay-gradient":""}},"footnotes":""},"categories":[8],"tags":[12554,12011],"class_list":["post-36863","post","type-post","status-publish","format-standard","has-post-thumbnail","hentry","category-noticias","tag-integralia","tag-militarizacion-mexico"],"_links":{"self":[{"href":"https:\/\/losperiodistas.com.mx\/portal\/wp-json\/wp\/v2\/posts\/36863","targetHints":{"allow":["GET"]}}],"collection":[{"href":"https:\/\/losperiodistas.com.mx\/portal\/wp-json\/wp\/v2\/posts"}],"about":[{"href":"https:\/\/losperiodistas.com.mx\/portal\/wp-json\/wp\/v2\/types\/post"}],"author":[{"embeddable":true,"href":"https:\/\/losperiodistas.com.mx\/portal\/wp-json\/wp\/v2\/users\/1"}],"replies":[{"embeddable":true,"href":"https:\/\/losperiodistas.com.mx\/portal\/wp-json\/wp\/v2\/comments?post=36863"}],"version-history":[{"count":1,"href":"https:\/\/losperiodistas.com.mx\/portal\/wp-json\/wp\/v2\/posts\/36863\/revisions"}],"predecessor-version":[{"id":36865,"href":"https:\/\/losperiodistas.com.mx\/portal\/wp-json\/wp\/v2\/posts\/36863\/revisions\/36865"}],"wp:featuredmedia":[{"embeddable":true,"href":"https:\/\/losperiodistas.com.mx\/portal\/wp-json\/wp\/v2\/media\/36864"}],"wp:attachment":[{"href":"https:\/\/losperiodistas.com.mx\/portal\/wp-json\/wp\/v2\/media?parent=36863"}],"wp:term":[{"taxonomy":"category","embeddable":true,"href":"https:\/\/losperiodistas.com.mx\/portal\/wp-json\/wp\/v2\/categories?post=36863"},{"taxonomy":"post_tag","embeddable":true,"href":"https:\/\/losperiodistas.com.mx\/portal\/wp-json\/wp\/v2\/tags?post=36863"}],"curies":[{"name":"wp","href":"https:\/\/api.w.org\/{rel}","templated":true}]}}