{"id":36393,"date":"2022-09-09T05:50:33","date_gmt":"2022-09-09T10:50:33","guid":{"rendered":"http:\/\/losperiodistas.com.mx\/portal\/?p=36393"},"modified":"2022-09-09T07:03:56","modified_gmt":"2022-09-09T12:03:56","slug":"piden-investigar-gasto-del-inah-puebla","status":"publish","type":"post","link":"https:\/\/losperiodistas.com.mx\/portal\/piden-investigar-gasto-del-inah-puebla\/","title":{"rendered":"Piden investigar gasto del INAH Puebla"},"content":{"rendered":"\n<p class=\"has-medium-font-size\">*El colectivo Opci\u00f3n Ciudadana hizo la petici\u00f3n a la UIF de Hacienda<\/p>\n\n\n\n<p><\/p>\n\n\n\n<figure class=\"wp-block-image size-full is-style-default\"><img fetchpriority=\"high\" decoding=\"async\" width=\"720\" height=\"454\" src=\"https:\/\/losperiodistas.com.mx\/portal\/wp-content\/uploads\/2022\/09\/PIDEN-INVESTIGACIO\u0301N-AL-INAH.jpeg\" alt=\"\" class=\"wp-image-36395\" srcset=\"https:\/\/losperiodistas.com.mx\/portal\/wp-content\/uploads\/2022\/09\/PIDEN-INVESTIGACIO\u0301N-AL-INAH.jpeg 720w, https:\/\/losperiodistas.com.mx\/portal\/wp-content\/uploads\/2022\/09\/PIDEN-INVESTIGACIO\u0301N-AL-INAH-300x189.jpeg 300w\" sizes=\"(max-width: 720px) 100vw, 720px\" \/><\/figure>\n\n\n\n<p class=\"has-vivid-cyan-blue-color has-text-color\" style=\"font-size:26px\"><strong><em>Por Ra\u00fal Torres Salmer\u00f3n<\/em><\/strong><\/p>\n\n\n\n<p>El colectivo Opci\u00f3n Ciudadana Puebla solicit\u00f3 de manera formal al titular de la Unidad de Inteligencia Financiera (UIF), de la Secretar\u00eda de Hacienda y Cr\u00e9dito P\u00fablico, Pablo G\u00f3mez \u00c1lvarez, una investigaci\u00f3n para conocer el destino de una suma millonaria destinada a la reparaci\u00f3n de los 621 templos y edificios antiguos de gran valor que resultaron da\u00f1ados en el temblor del 19 de septiembre de 2017 y que estuvo a cargo del Centro INAH de Puebla.<\/p>\n\n\n\n<p>La petici\u00f3n del colectivo fue presentada por el Coordinador Ejecutivo Ernesto Garc\u00eda Hern\u00e1ndez en las oficinas de la Unidad, en la avenida Constituyentes 1001, Bel\u00e9n de Las Flores en la Ciudad de M\u00e9xico.<\/p>\n\n\n\n<p>Las partes medulares del escrito son las siguientes:<\/p>\n\n\n\n<p>-Han pasado cinco a\u00f1os y la verdad es que nadie sabe con certeza el monto exacto del dinero que se etiquet\u00f3 para la reparaci\u00f3n de los inmuebles da\u00f1ados, qui\u00e9n los ha ejercido, qu\u00e9 proyectos ya est\u00e1n concluidos y cu\u00e1les faltan.<\/p>\n\n\n\n<p>-En el a\u00f1o 2020 de Ambrosio Guzm\u00e1n \u00c1lvarez, titular del INAH Puebla, inform\u00f3 que en Puebla hubo 621 inmuebles afectados y s\u00f3lo se ha intervenido el 52 por ciento, otro 32 por ciento estaba en proceso y 16 por ciento en estudio, lo cual se traduce en 325 obras terminadas, 196 en proceso y 100 se encontraban en proceso inicial.<\/p>\n\n\n\n<p>-Realizar la investigaci\u00f3n correspondiente al manejo, ejercicio y aplicaci\u00f3n irregular de los recursos econ\u00f3micos destinados a la restauraci\u00f3n para conservaci\u00f3n de los inmuebles representan un valor hist\u00f3rico incalculable que merece ser atendido debidamente, ya que hasta la fecha no ha sido completada en su totalidad.<\/p>\n\n\n\n<p>-Existen una serie de exigencias y denuncias por parte de ciudadanos en torno a la desatenci\u00f3n del patrimonio edificado poblano y de conducta delictiva en el manejo de recursos presupuestales destinados a la acci\u00f3n institucional para restauraci\u00f3n del patrimonio edificado.<\/p>\n\n\n\n<p>-Consideran que una vez determinada la evaluaci\u00f3n conforme a derecho al interior de la UIF, esta oficina proceda con las denuncias conducentes ante las instancias correspondientes, como el Ministerio P\u00fablico Federal.<\/p>\n\n\n\n<p>-Ambrosio Guzm\u00e1n \u00c1lvarez, titular del Centro INAH Puebla, en el a\u00f1o 2020 evidenci\u00f3 una serie de irregularidades, como una cadena de corrupci\u00f3n entre los arquitectos peritos en la aplicaci\u00f3n de los recursos econ\u00f3micos destinados a la reconstrucci\u00f3n.<\/p>\n\n\n\n<p>-En virtud de lo anterior, se solicita de esta instancia se investigue a la autoridad encargada del ejercicio presupuestal destinado a la reconstrucci\u00f3n, restauraci\u00f3n y conservaci\u00f3n.<\/p>\n\n\n\n<p>Firman el escrito Ricardo Villa Escalera, Carlos Meza Guti\u00e9rrez, Bertha de Uriarte Garc\u00eda de Acevedo, Octaviano Miguel Contreras M\u00e1rquez, Federico Chill\u00e1n Ordu\u00f1a, Mar\u00eda Leticia Olano S\u00e1nchez, Daniel Alc\u00e1ntara Le\u00f3n, Jaime Rodoreda Artas\u00e1nchez, Ernesto Garc\u00eda Hern\u00e1ndez, Antonio Tenorio Adame, Juan Manuel Romero Garc\u00eda, Jorge Alejandro Torres Jaramillo, Jos\u00e9 Guillermo Medina \u00c1lvarez, Israel Trujillo L\u00f3pez, Humberto Morales Moreno y Jaime Cid Monjaraz.<\/p>\n\n\n\n<p>La petici\u00f3n est\u00e1 basada en los t\u00e9rminos de la Constituci\u00f3n Pol\u00edtica de los Estados Unidos Mexicanos, la Ley General de Responsabilidades Administrativas, el Reglamento Interior de la Secretaria de Hacienda y Cr\u00e9dito P\u00fablico, la Ley Federal para la Prevenci\u00f3n e Identificaci\u00f3n de Operaciones con Recursos de Procedencia Il\u00edcita, as\u00ed como tratados y convenios internacionales que ha suscrito M\u00e9xico.<\/p>\n\n\n\n<p>En fin, como escribi\u00f3 Octavio Paz (M\u00e9xico, 1914-1988), en su poema Ret\u00f3rica:<\/p>\n\n\n\n<p>Cantan los p\u00e1jaros, cantan<\/p>\n\n\n\n<p>sin saber lo que cantan:<\/p>\n\n\n\n<p>todo su entendimiento es su garganta.<\/p>\n\n\n\n<p>La forma que se ajusta al movimiento<\/p>\n\n\n\n<p>no es prisi\u00f3n sino piel del pensamiento.<\/p>\n\n\n\n<p>La claridad del cristal transparente<\/p>\n\n\n\n<p>no es claridad para m\u00ed suficiente:<\/p>\n\n\n\n<p>el agua clara es el agua corriente.<\/p>\n\n\n\n<p>raultorress@hotmail.com<\/p>\n","protected":false},"excerpt":{"rendered":"<p>*El colectivo Opci\u00f3n Ciudadana hizo la petici\u00f3n a la UIF de Hacienda Por Ra\u00fal Torres Salmer\u00f3n El colectivo Opci\u00f3n Ciudadana [&hellip;]<\/p>\n","protected":false},"author":1,"featured_media":36395,"comment_status":"open","ping_status":"open","sticky":false,"template":"","format":"standard","meta":{"site-sidebar-layout":"default","site-content-layout":"","ast-site-content-layout":"default","site-content-style":"default","site-sidebar-style":"default","ast-global-header-display":"","ast-banner-title-visibility":"","ast-main-header-display":"","ast-hfb-above-header-display":"","ast-hfb-below-header-display":"","ast-hfb-mobile-header-display":"","site-post-title":"","ast-breadcrumbs-content":"","ast-featured-img":"","footer-sml-layout":"","theme-transparent-header-meta":"","adv-header-id-meta":"","stick-header-meta":"","header-above-stick-meta":"","header-main-stick-meta":"","header-below-stick-meta":"","astra-migrate-meta-layouts":"default","ast-page-background-enabled":"default","ast-page-background-meta":{"desktop":{"background-color":"var(--ast-global-color-4)","background-image":"","background-repeat":"repeat","background-position":"center center","background-size":"auto","background-attachment":"scroll","background-type":"","background-media":"","overlay-type":"","overlay-color":"","overlay-opacity":"","overlay-gradient":""},"tablet":{"background-color":"","background-image":"","background-repeat":"repeat","background-position":"center center","background-size":"auto","background-attachment":"scroll","background-type":"","background-media":"","overlay-type":"","overlay-color":"","overlay-opacity":"","overlay-gradient":""},"mobile":{"background-color":"","background-image":"","background-repeat":"repeat","background-position":"center center","background-size":"auto","background-attachment":"scroll","background-type":"","background-media":"","overlay-type":"","overlay-color":"","overlay-opacity":"","overlay-gradient":""}},"ast-content-background-meta":{"desktop":{"background-color":"var(--ast-global-color-5)","background-image":"","background-repeat":"repeat","background-position":"center center","background-size":"auto","background-attachment":"scroll","background-type":"","background-media":"","overlay-type":"","overlay-color":"","overlay-opacity":"","overlay-gradient":""},"tablet":{"background-color":"var(--ast-global-color-5)","background-image":"","background-repeat":"repeat","background-position":"center center","background-size":"auto","background-attachment":"scroll","background-type":"","background-media":"","overlay-type":"","overlay-color":"","overlay-opacity":"","overlay-gradient":""},"mobile":{"background-color":"var(--ast-global-color-5)","background-image":"","background-repeat":"repeat","background-position":"center center","background-size":"auto","background-attachment":"scroll","background-type":"","background-media":"","overlay-type":"","overlay-color":"","overlay-opacity":"","overlay-gradient":""}},"footnotes":""},"categories":[8,19],"tags":[12451,1503,12450,3255],"class_list":["post-36393","post","type-post","status-publish","format-standard","has-post-thumbnail","hentry","category-noticias","category-sin-limites-2","tag-iglesias-destruidas-puebla","tag-inah-puebla","tag-malversacion-fondos","tag-uif"],"_links":{"self":[{"href":"https:\/\/losperiodistas.com.mx\/portal\/wp-json\/wp\/v2\/posts\/36393","targetHints":{"allow":["GET"]}}],"collection":[{"href":"https:\/\/losperiodistas.com.mx\/portal\/wp-json\/wp\/v2\/posts"}],"about":[{"href":"https:\/\/losperiodistas.com.mx\/portal\/wp-json\/wp\/v2\/types\/post"}],"author":[{"embeddable":true,"href":"https:\/\/losperiodistas.com.mx\/portal\/wp-json\/wp\/v2\/users\/1"}],"replies":[{"embeddable":true,"href":"https:\/\/losperiodistas.com.mx\/portal\/wp-json\/wp\/v2\/comments?post=36393"}],"version-history":[{"count":1,"href":"https:\/\/losperiodistas.com.mx\/portal\/wp-json\/wp\/v2\/posts\/36393\/revisions"}],"predecessor-version":[{"id":36396,"href":"https:\/\/losperiodistas.com.mx\/portal\/wp-json\/wp\/v2\/posts\/36393\/revisions\/36396"}],"wp:featuredmedia":[{"embeddable":true,"href":"https:\/\/losperiodistas.com.mx\/portal\/wp-json\/wp\/v2\/media\/36395"}],"wp:attachment":[{"href":"https:\/\/losperiodistas.com.mx\/portal\/wp-json\/wp\/v2\/media?parent=36393"}],"wp:term":[{"taxonomy":"category","embeddable":true,"href":"https:\/\/losperiodistas.com.mx\/portal\/wp-json\/wp\/v2\/categories?post=36393"},{"taxonomy":"post_tag","embeddable":true,"href":"https:\/\/losperiodistas.com.mx\/portal\/wp-json\/wp\/v2\/tags?post=36393"}],"curies":[{"name":"wp","href":"https:\/\/api.w.org\/{rel}","templated":true}]}}