{"id":36389,"date":"2022-09-09T06:55:53","date_gmt":"2022-09-09T11:55:53","guid":{"rendered":"http:\/\/losperiodistas.com.mx\/portal\/?p=36389"},"modified":"2022-09-09T06:55:57","modified_gmt":"2022-09-09T11:55:57","slug":"frenan-huelga-en-volkswagen-para-renegociar-en-5-dias-e-consulta","status":"publish","type":"post","link":"https:\/\/losperiodistas.com.mx\/portal\/frenan-huelga-en-volkswagen-para-renegociar-en-5-dias-e-consulta\/","title":{"rendered":"Frenan huelga en Volkswagen para renegociar en 5 d\u00edas\u00a0| E-Consulta"},"content":{"rendered":"\n<p class=\"has-medium-font-size\"><strong>La huelga en Volkswagen no estallar\u00e1 este viernes porque acord\u00f3 renegociar el alza salarial con el sindicato<\/strong><\/p>\n\n\n\n<p><\/p>\n\n\n\n<figure class=\"wp-block-image size-full is-style-default\"><img fetchpriority=\"high\" decoding=\"async\" width=\"640\" height=\"427\" src=\"https:\/\/losperiodistas.com.mx\/portal\/wp-content\/uploads\/2022\/09\/b0fec5b4-f48a-44c8-b6da-f021ed4d908f.jpg\" alt=\"\" class=\"wp-image-36390\" srcset=\"https:\/\/losperiodistas.com.mx\/portal\/wp-content\/uploads\/2022\/09\/b0fec5b4-f48a-44c8-b6da-f021ed4d908f.jpg 640w, https:\/\/losperiodistas.com.mx\/portal\/wp-content\/uploads\/2022\/09\/b0fec5b4-f48a-44c8-b6da-f021ed4d908f-300x200.jpg 300w\" sizes=\"(max-width: 640px) 100vw, 640px\" \/><figcaption><em>Foto \/ Agencia Enfoque<\/em><\/figcaption><\/figure>\n\n\n\n<p class=\"has-vivid-cyan-blue-color has-text-color has-medium-font-size\">FERNANDA POTENCIANO \/ E-CONSULTA<\/p>\n\n\n\n<p>La&nbsp;<strong>huelga en Volkswagen en Puebla<\/strong>&nbsp;no estallar\u00e1 este viernes porque acord\u00f3&nbsp;<strong>renegociar el aumento salarial&nbsp;<\/strong>con el sindicato cinco d\u00edas m\u00e1s, y el nuevo plazo&nbsp;<strong>vencer\u00e1 el 14 de septiembre.<\/strong><\/p>\n\n\n\n<p>El Sindicato Independiente de Trabajadores de Volkswagen (Sitiavw) obtuvo la renegociaci\u00f3n<strong>&nbsp;tras la audiencia en la Ciudad de M\u00e9xico,&nbsp;<\/strong>celebrada este jueves el Tribunal Laboral Federal de Asuntos Colectivos.<\/p>\n\n\n\n<p>En un comunicado se dio a conocer que tanto el sindicato como la empresa fueron citados este viernes en la\u00a0<strong>Secretar\u00eda del Trabajo y Previsi\u00f3n Social (STYPS)\u00a0<\/strong>para continuar con las negociaciones.<\/p>\n\n\n\n<figure class=\"wp-block-embed is-type-rich is-provider-twitter wp-block-embed-twitter\"><div class=\"wp-block-embed__wrapper\">\n<blockquote class=\"twitter-tweet\" data-width=\"500\" data-dnt=\"true\"><p lang=\"es\" dir=\"ltr\"><a href=\"https:\/\/twitter.com\/hashtag\/%C3%9AItimaHora?src=hash&amp;ref_src=twsrc%5Etfw\">#\u00daItimaHora<\/a>  \ud83d\udde3\ud83d\udce3 Se retras\u00f3 la huelga en <a href=\"https:\/\/twitter.com\/hashtag\/Volkswagen?src=hash&amp;ref_src=twsrc%5Etfw\">#Volkswagen<\/a>, tanto el <a href=\"https:\/\/twitter.com\/hashtag\/Sitiavw?src=hash&amp;ref_src=twsrc%5Etfw\">#Sitiavw<\/a> como la empresa acordaron la pr\u00f3rroga para el pr\u00f3ximo 14  de septiembre.<a href=\"https:\/\/t.co\/kctYXmUAAu\">https:\/\/t.co\/kctYXmUAAu<\/a> <a href=\"https:\/\/t.co\/vc1kCBmdc1\">pic.twitter.com\/vc1kCBmdc1<\/a><\/p>&mdash; Peri\u00f3dico e-consulta (@e_consulta) <a href=\"https:\/\/twitter.com\/e_consulta\/status\/1568082112334467072?ref_src=twsrc%5Etfw\">September 9, 2022<\/a><\/blockquote><script async src=\"https:\/\/platform.twitter.com\/widgets.js\" charset=\"utf-8\"><\/script>\n<\/div><\/figure>\n\n\n\n<p>En la audiencia la empresa se mantuvo firme con su propuesta original de un&nbsp;<strong>aumento del 9 por ciento directo al salario&nbsp;<\/strong>y 2 por ciento a prestaciones, aferra que fue rechazada por el sindicato en dos consultas, la primera se invalid\u00f3 por falta de participaci\u00f3n y en la segunda&nbsp;<strong>hubo 3 mil 450 votos en contra.<\/strong><\/p>\n\n\n\n<p>En su pliego petitorio entregado desde el mes de julio, el\u00a0<strong>Sitiavw solicit\u00f3 un aumento del 15.5 por ciento directo al salario<\/strong>\u00a0y 3.5 por ciento a prestaciones, lo que daba un total de 19 por ciento de aumento en el contrato colectivo.<\/p>\n\n\n\n<figure class=\"wp-block-image size-large is-style-default\"><img decoding=\"async\" width=\"681\" height=\"1024\" src=\"https:\/\/losperiodistas.com.mx\/portal\/wp-content\/uploads\/2022\/09\/9c87bcb0-5b25-407c-9b7f-46786043e569-681x1024.jpeg\" alt=\"\" class=\"wp-image-36391\" srcset=\"https:\/\/losperiodistas.com.mx\/portal\/wp-content\/uploads\/2022\/09\/9c87bcb0-5b25-407c-9b7f-46786043e569-681x1024.jpeg 681w, https:\/\/losperiodistas.com.mx\/portal\/wp-content\/uploads\/2022\/09\/9c87bcb0-5b25-407c-9b7f-46786043e569-199x300.jpeg 199w, https:\/\/losperiodistas.com.mx\/portal\/wp-content\/uploads\/2022\/09\/9c87bcb0-5b25-407c-9b7f-46786043e569-768x1155.jpeg 768w, https:\/\/losperiodistas.com.mx\/portal\/wp-content\/uploads\/2022\/09\/9c87bcb0-5b25-407c-9b7f-46786043e569.jpeg 778w\" sizes=\"(max-width: 681px) 100vw, 681px\" \/><\/figure>\n\n\n\n<p><\/p>\n\n\n\n<p>Fuente: https:\/\/www.e-consulta.com\/nota\/2022-09-08\/economia\/frenan-huelga-en-volkswagen-para-renegociar-en-5-dias<\/p>\n","protected":false},"excerpt":{"rendered":"<p>La huelga en Volkswagen no estallar\u00e1 este viernes porque acord\u00f3 renegociar el alza salarial con el sindicato FERNANDA POTENCIANO \/ [&hellip;]<\/p>\n","protected":false},"author":1,"featured_media":36390,"comment_status":"open","ping_status":"open","sticky":false,"template":"","format":"standard","meta":{"site-sidebar-layout":"default","site-content-layout":"","ast-site-content-layout":"default","site-content-style":"default","site-sidebar-style":"default","ast-global-header-display":"","ast-banner-title-visibility":"","ast-main-header-display":"","ast-hfb-above-header-display":"","ast-hfb-below-header-display":"","ast-hfb-mobile-header-display":"","site-post-title":"","ast-breadcrumbs-content":"","ast-featured-img":"","footer-sml-layout":"","theme-transparent-header-meta":"","adv-header-id-meta":"","stick-header-meta":"","header-above-stick-meta":"","header-main-stick-meta":"","header-below-stick-meta":"","astra-migrate-meta-layouts":"default","ast-page-background-enabled":"default","ast-page-background-meta":{"desktop":{"background-color":"var(--ast-global-color-4)","background-image":"","background-repeat":"repeat","background-position":"center center","background-size":"auto","background-attachment":"scroll","background-type":"","background-media":"","overlay-type":"","overlay-color":"","overlay-opacity":"","overlay-gradient":""},"tablet":{"background-color":"","background-image":"","background-repeat":"repeat","background-position":"center center","background-size":"auto","background-attachment":"scroll","background-type":"","background-media":"","overlay-type":"","overlay-color":"","overlay-opacity":"","overlay-gradient":""},"mobile":{"background-color":"","background-image":"","background-repeat":"repeat","background-position":"center center","background-size":"auto","background-attachment":"scroll","background-type":"","background-media":"","overlay-type":"","overlay-color":"","overlay-opacity":"","overlay-gradient":""}},"ast-content-background-meta":{"desktop":{"background-color":"var(--ast-global-color-5)","background-image":"","background-repeat":"repeat","background-position":"center center","background-size":"auto","background-attachment":"scroll","background-type":"","background-media":"","overlay-type":"","overlay-color":"","overlay-opacity":"","overlay-gradient":""},"tablet":{"background-color":"var(--ast-global-color-5)","background-image":"","background-repeat":"repeat","background-position":"center center","background-size":"auto","background-attachment":"scroll","background-type":"","background-media":"","overlay-type":"","overlay-color":"","overlay-opacity":"","overlay-gradient":""},"mobile":{"background-color":"var(--ast-global-color-5)","background-image":"","background-repeat":"repeat","background-position":"center center","background-size":"auto","background-attachment":"scroll","background-type":"","background-media":"","overlay-type":"","overlay-color":"","overlay-opacity":"","overlay-gradient":""}},"footnotes":""},"categories":[8],"tags":[12449,11832],"class_list":["post-36389","post","type-post","status-publish","format-standard","has-post-thumbnail","hentry","category-noticias","tag-huelga-volkswagen-puebla","tag-sitiavw"],"_links":{"self":[{"href":"https:\/\/losperiodistas.com.mx\/portal\/wp-json\/wp\/v2\/posts\/36389","targetHints":{"allow":["GET"]}}],"collection":[{"href":"https:\/\/losperiodistas.com.mx\/portal\/wp-json\/wp\/v2\/posts"}],"about":[{"href":"https:\/\/losperiodistas.com.mx\/portal\/wp-json\/wp\/v2\/types\/post"}],"author":[{"embeddable":true,"href":"https:\/\/losperiodistas.com.mx\/portal\/wp-json\/wp\/v2\/users\/1"}],"replies":[{"embeddable":true,"href":"https:\/\/losperiodistas.com.mx\/portal\/wp-json\/wp\/v2\/comments?post=36389"}],"version-history":[{"count":1,"href":"https:\/\/losperiodistas.com.mx\/portal\/wp-json\/wp\/v2\/posts\/36389\/revisions"}],"predecessor-version":[{"id":36392,"href":"https:\/\/losperiodistas.com.mx\/portal\/wp-json\/wp\/v2\/posts\/36389\/revisions\/36392"}],"wp:featuredmedia":[{"embeddable":true,"href":"https:\/\/losperiodistas.com.mx\/portal\/wp-json\/wp\/v2\/media\/36390"}],"wp:attachment":[{"href":"https:\/\/losperiodistas.com.mx\/portal\/wp-json\/wp\/v2\/media?parent=36389"}],"wp:term":[{"taxonomy":"category","embeddable":true,"href":"https:\/\/losperiodistas.com.mx\/portal\/wp-json\/wp\/v2\/categories?post=36389"},{"taxonomy":"post_tag","embeddable":true,"href":"https:\/\/losperiodistas.com.mx\/portal\/wp-json\/wp\/v2\/tags?post=36389"}],"curies":[{"name":"wp","href":"https:\/\/api.w.org\/{rel}","templated":true}]}}