{"id":3629,"date":"2021-01-21T08:55:43","date_gmt":"2021-01-21T14:55:43","guid":{"rendered":"http:\/\/losperiodistas.com.mx\/portal\/?p=3629"},"modified":"2021-01-21T08:55:43","modified_gmt":"2021-01-21T14:55:43","slug":"anuncia-barbosa-detenciones-de-exfuncionarios-antes-de-las-elecciones-oem","status":"publish","type":"post","link":"https:\/\/losperiodistas.com.mx\/portal\/anuncia-barbosa-detenciones-de-exfuncionarios-antes-de-las-elecciones-oem\/","title":{"rendered":"Anuncia Barbosa detenciones de exfuncionarios antes de las elecciones | OEM"},"content":{"rendered":"\n<p style=\"font-size:18px\"><em>El gobernador afirma que no se trata de una persecuci\u00f3n pol\u00edtica pues s\u00f3lo se actuar\u00e1 donde existan casos comprobados de il\u00edcitos cometidos en perjuicio del estado<\/em><\/p>\n\n\n\n<p class=\"has-vivid-cyan-blue-color has-text-color has-medium-font-size\">JORGE RODR\u00cdGUEZ \/ EL SOL DE PUEBLA<\/p>\n\n\n\n<p>Antes de las elecciones del 6 de junio habr\u00e1 detenciones de exfuncionarios de gobiernos panistas y ese hecho no obedecer\u00e1 a motivaciones de car\u00e1cter pol\u00edtico, sino al inter\u00e9s de castigar la corrupci\u00f3n del pasado y de hacer cumplir la ley, anunci\u00f3 el gobernador Miguel Barbosa sin revelar la identidad de los presuntos involucrados.<\/p>\n\n\n\n<p>Barbosa neg\u00f3 que el colof\u00f3n de las investigaciones que ahora mismo se realizan en la Fiscal\u00eda General del Estado pueda denominarse como una persecuci\u00f3n pol\u00edtica, por parte de los involucrados o de los dirigentes del PAN, debido a que solo se actuar\u00e1 donde existan casos comprobados de il\u00edcitos cometidos en perjuicio del erario.<\/p>\n\n\n\n<h4 class=\"wp-block-heading\"><strong>&#8211;\u00bfNombres gobernador? \u00bfNos puede adelantar algunos?, pregunt\u00f3 EL SOL DE PUEBLA.<\/strong><\/h4>\n\n\n\n<p>&#8211;No, no soy ministerio p\u00fablico, pero muchos de esos que han alzado la manita (para ser candidatos en el PAN), respondi\u00f3.<\/p>\n\n\n\n<p>En otro tema, el mandatario dio la bienvenida a la contienda por la presidencia municipal de Puebla a Claudia Rivera, Gabriel Biestro, Alejandro Armenta y a cualquier otro simpatizante de Morena que pretenda participar, pero pidi\u00f3 a los dirigentes de ese partido que elijan bien, en funci\u00f3n del potencial de voto entre los eventuales electores y no de afinidades partidistas.<\/p>\n\n\n\n<p>\u201cQue sea el perfil que requiere la sociedad, no el partido, la sociedad, porque est\u00e1s compitiendo frente a una sociedad, no te est\u00e1n eligiendo para un cargo partidario\u201d, subray\u00f3.<\/p>\n\n\n\n<p>Desde la Sala Ju\u00e1rez de Casa Aguayo, Barbosa habl\u00f3 tambi\u00e9n del tema m\u00e1s importante para los poblanos: la pandemia por coronavirus. De entrada, afirm\u00f3 que, para el 25 de enero, cuando concluya el periodo de restricciones establecido en el \u00faltimo decreto, relajar\u00e1 algunas medidas para responder a las demandas del sector empresarial, pero con las precauciones que para entonces requiera el n\u00famero de contagios y fallecimientos por la enfermedad.<\/p>\n\n\n\n<h4 class=\"wp-block-heading\"><strong>\u00bfC\u00f3mo van las denuncias por corrupci\u00f3n presentadas en contra de funcionarios de los gobiernos pasados?<\/strong><\/h4>\n\n\n\n<p>Primero te dir\u00e9 que este asunto es un asunto de justicia, no es un asunto de persecuci\u00f3n pol\u00edtica, y nadie que haya violado la ley, cuando empieza una investigaci\u00f3n, puede llamarse perseguido pol\u00edtico. Nadie puede llamarse perseguido pol\u00edtico si fue un corrupto. Es un asunto de aplicaci\u00f3n de la ley.<\/p>\n\n\n\n<p><img decoding=\"async\" src=\"https:\/\/www.elsoldepuebla.com.mx\/local\/ftd94q-barbosa-1.jpg\/ALTERNATES\/FREE_160\/BARBOSA%201.jpg\" alt=\"\"><\/p>\n\n\n\n<h4 class=\"wp-block-heading\">Foto: Iv\u00e1n Venegas | El Sol de Puebla<\/h4>\n\n\n\n<h4 class=\"wp-block-heading\"><strong>\u00bfQu\u00e9 pas\u00f3 en el anterior gobierno?<\/strong><\/h4>\n\n\n\n<p>Con excepci\u00f3n del gobierno de Guillermo Pacheco Pulido, se cometieron actos de corrupci\u00f3n, dir\u00eda yo, masiva, y se prepararon para que no se encontraran rastros. Se llevaron documentos, destruyeron documentos, much\u00edsimas cosas, pero ya est\u00e1 muy avanzado todo, y el m\u00e9todo fue muy sencillo.<\/p>\n\n\n\n<p><strong>Lo \u00fanico que hicimos fue revisar obra por obra y ah\u00ed encontramos actos de corrupci\u00f3n, como seguramente habr\u00e1 en el d\u00eda d\u00eda de sus gobiernos, pero de eso no me estoy ocupando, me estoy ocupando de las obras, la corrupci\u00f3n que hubo en el CIS, en el tren tur\u00edstico, en rueda de la fortuna, en el telef\u00e9rico, en la plataforma Audi, en el centro expositor (\u2026) la corrupci\u00f3n en Ruta 1, 2 y 3, la corrupci\u00f3n que hubo en el campo, en motocultores, en los temas de dragado del Atoyac y sanitizaci\u00f3n del Atoyac, donde se gastaron mil millones de pesos, un conjunto de cosas del manejo administrativo y financiero con facturas falsas.<\/strong><\/p>\n\n\n\n<p>Est\u00e1 todo y ellos lo saben. No es persecuci\u00f3n pol\u00edtica. Formaron un grupo de millonarios impresionante. Yo no voy a dejar que eso se quede sin castigo. Hoy esos que buscan candidaturas, que cometieron actos de corrupci\u00f3n, no me importa, es decisi\u00f3n de su partido otorgarles esa candidatura o no, pero es decisi\u00f3n de las instituciones determinar las responsabilidades, m\u00e1s all\u00e1 de que sean candidatos.<\/p>\n\n\n\n<h4 class=\"wp-block-heading\"><strong>\u00bfCu\u00e1ndo, gobernador, habr\u00e1 casos concretados? \u00bfCu\u00e1ndo veremos detenciones?<\/strong><\/h4>\n\n\n\n<p>Ya hay denuncias avanzadas contra much\u00edsimos.<\/p>\n\n\n\n<h4 class=\"wp-block-heading\"><strong>\u00bfNombres? \u00bfNos puede adelantar algunos?<\/strong><\/h4>\n\n\n\n<p>No, no soy ministerio p\u00fablico, pero muchos de esos que han alzado la manita (para conseguir una candidatura en el PAN).<\/p>\n\n\n\n<h4 class=\"wp-block-heading\"><strong>\u00bfSer\u00e1 antes del 6 de junio que sepamos de qui\u00e9nes se trata?<\/strong><\/h4>\n\n\n\n<p>Claro que s\u00ed, pronto.<\/p>\n\n\n\n<h4 class=\"wp-block-heading\"><strong>\u00bfAntes de la elecci\u00f3n?<\/strong><\/h4>\n\n\n\n<p>S\u00ed, claro, pronto,<\/p>\n\n\n\n<h4 class=\"wp-block-heading\"><strong>\u00bfQu\u00e9 tan pronto?<\/strong><\/h4>\n\n\n\n<p>No s\u00e9, a lo mejor unos d\u00edas.<\/p>\n\n\n\n<h4 class=\"wp-block-heading\"><strong>\u00bfC\u00f3mo se encuentra el estado en materia sanitaria, por la pandemia?<\/strong><\/h4>\n\n\n\n<p>Lo primero que te dir\u00e9 es que seguimos tomando decisiones claras y firmes. Tenemos una estrategia sobre los hechos que est\u00e1n ocurriendo. Venimos de vivir un desbordamiento social de fin de a\u00f1o, de principios de a\u00f1o, que es consecuencia de diversas causas: una confianza desmedida, una p\u00e9rdida del miedo del coronavirus, la gente se desbord\u00f3, y este momento, que es mal momento para el tema de la pandemia, es consecuencia de esas situaciones, pero estamos actuando y yo estoy cierto que pronto sociedad y gobierno vamos a disminuir el n\u00famero de decesos y vamos a disminuir el n\u00famero de hospitalizados, pero hoy tenemos un problema grave que resolver.<\/p>\n\n\n\n<p>Por eso tenemos restricciones que est\u00e1n contenidas en decretos, los \u00faltimos del 28 de diciembre y del 4 de enero del presente a\u00f1o, donde cerramos nuevamente muchas actividades no esenciales, donde pusimos protocolos, horarios, y que esto termina el 25 de enero y yo espero que para entonces hayamos bajado la meseta.<\/p>\n\n\n\n<p><img decoding=\"async\" src=\"https:\/\/www.elsoldepuebla.com.mx\/local\/g1ckuh-barbosa-3.jpg\/ALTERNATES\/FREE_160\/BARBOSA%203.jpg\" alt=\"\"><\/p>\n\n\n\n<h4 class=\"wp-block-heading\">Foto: Iv\u00e1n Venegas | El Sol de Puebla<\/h4>\n\n\n\n<h4 class=\"wp-block-heading\"><strong>\u00bfAl d\u00eda de hoy sabe si este periodo se prolongar\u00e1 despu\u00e9s del 25 o si se van a reducir algunas de las restricciones?<\/strong><\/h4>\n\n\n\n<p>Seguramente vamos a abrir ciertas actividades, a mejorar condiciones para que la gente siga trabajando, pero no veo que vayamos a encontrar las condiciones de control social y de contagios para el 25, lo digo con franqueza.<\/p>\n\n\n\n<h4 class=\"wp-block-heading\"><strong>\u00bfReducir los contagios corresponde a una tarea de responsabilidad social?<\/strong><\/h4>\n\n\n\n<p>Nosotros le llamamos el pacto comunitario, que no es un asunto que se firma, es un asunto que llama al convencimiento y la convicci\u00f3n de que todos debemos de cuidar a quienes est\u00e9n con nosotros y que debemos de cuidar a la sociedad<\/p>\n\n\n\n<p>Si todos pudi\u00e9ramos tener mayor cuidado con nuestras relaciones personales y nuestra forma de trabajo, muchas cosas que hacemos, estar\u00edamos en condiciones de controlar la enfermedad. La vacuna va a venir a resolver de manera muy importante esto, pero no del todo.<\/p>\n\n\n\n<h4 class=\"wp-block-heading\"><strong>A partir de del diagn\u00f3stico que ha realizado su gobierno, \u00bfcu\u00e1les son los sectores sociales m\u00e1s perjudicados y d\u00f3nde tiene usted que apretar m\u00e1s para ayudar a la gente?<\/strong><\/h4>\n\n\n\n<p>Esta enfermedad es como todas, no respeta clases sociales, posibilidades econ\u00f3micas, pero sin duda impacta m\u00e1s a los que menos tienen. Quienes han podido cuidarse m\u00e1s, tambi\u00e9n depende de cu\u00e1ntos recursos tienen para ello. Quienes se han confinado de manera estricta es porque tienen Posibilidades materiales para ello. Quienes no, son quienes se han contagiado m\u00e1s y quienes han fallecido m\u00e1s.<\/p>\n\n\n\n<p>Por eso nosotros tenemos que ser muy claros en que hoy, la pol\u00edtica social de los gobiernos, debe atender los esquemas de los segmentos m\u00e1s afectados. (Con la pandemia) va a haber m\u00e1s pobres, mucho m\u00e1s pobres, no solamente en Puebla, en el mundo. Los niveles de pobreza se van a agrandar, no s\u00f3lo en n\u00famero, entonces tenemos que estar muy solidarios con la ayuda social, alimentaria, de vivienda, de servicios b\u00e1sicos y eso tiene que ser al mismo tiempo de la recuperaci\u00f3n econ\u00f3mica, que tiene que verse a partir de las posibilidades de trabajo.<\/p>\n\n\n\n<figure class=\"wp-block-embed-youtube wp-block-embed is-type-video is-provider-youtube wp-embed-aspect-16-9 wp-has-aspect-ratio\"><div class=\"wp-block-embed__wrapper\">\n<iframe title=\"Anuncia Barbosa detenciones de exfuncionarios antes de las elecciones\" width=\"500\" height=\"281\" src=\"https:\/\/www.youtube.com\/embed\/Vqp8NvL7cQg?feature=oembed\" frameborder=\"0\" allow=\"accelerometer; autoplay; clipboard-write; encrypted-media; gyroscope; picture-in-picture; web-share\" referrerpolicy=\"strict-origin-when-cross-origin\" allowfullscreen><\/iframe>\n<\/div><\/figure>\n\n\n\n<p>Tenemos que impulsar, desde las posibilidades que tenemos, las condonaciones fiscales, los diferimientos de pago, las garant\u00edas que hemos dado para que el gobierno federal otorgue cr\u00e9ditos, el campo, porque la vida social contin\u00faa, y la seguridad tiene que ser una prioridad porque la delincuencia no para. La inercia social contin\u00faa.<\/p>\n\n\n\n<h4 class=\"wp-block-heading\"><strong>Los empresarios han emprendido una campa\u00f1a nacional que repercute aqu\u00ed en Puebla: \u201cabrir o morir\u201d, y a partir de eso insisten a los gobiernos locales que permitan la apertura de sus negocios. \u00bfles responder\u00e1 positivamente para el 25? \u00bfHar\u00e1 caso a los empresarios?<\/strong><\/h4>\n\n\n\n<p>Yo le hago caso al pueblo. S\u00ed me fijo en todos los grupos organizados, en los empresarios, pero le hago m\u00e1s caso al pueblo, as\u00ed de sencillo. Cuando yo veo esos reclamos me identifico con ellos, pero tambi\u00e9n les digo que si abrimos tambi\u00e9n morimos, \u00bfde acuerdo?, ya no me refiero a una muerte econ\u00f3mica, sino a una muerte f\u00edsica. Entonces, cuidado con el juego de expresiones.<\/p>\n\n\n\n<p>Nosotros hemos sido en Puebla sensibles a este tipo de cosas y estamos en pl\u00e1tica permanente con los empresarios.<\/p>\n\n\n\n<h4 class=\"wp-block-heading\"><strong>Usted advirti\u00f3 a principios de mes que para el 18 de enero podr\u00eda haberse visto saturada la capacidad hospitalaria del estado. \u00bfOcurri\u00f3 as\u00ed?<\/strong><\/h4>\n\n\n\n<p>Tenemos un nivel de hospitalizaci\u00f3n muy alto, el m\u00e1s alto desde que inici\u00f3 la pandemia. La ocupaci\u00f3n de julio rebas\u00f3 la ocupaci\u00f3n de enero y por eso tomamos la decisi\u00f3n de cerrar muchas actividades el d\u00eda 28 de diciembre, y por eso tomamos la decisi\u00f3n de hacer modificaciones el 4 de enero, por el nivel de alza, pero nos preparamos en la retaguardia.<\/p>\n\n\n\n<p>Nosotros sabemos cu\u00e1nto tiene de porcentaje de ocupaci\u00f3n cada hospital, y cada hospital ya tiene capacidad de ampliar su n\u00famero de camas. Por eso yo he dicho que no habr\u00e1 poblano ni poblana que se quede sin recibir atenci\u00f3n.<\/p>\n\n\n\n<p><img decoding=\"async\" src=\"https:\/\/www.elsoldepuebla.com.mx\/local\/aumfxi-barbosa-9.jpg\/ALTERNATES\/FREE_160\/BARBOSA%209.jpg\" alt=\"\"><\/p>\n\n\n\n<h4 class=\"wp-block-heading\">Foto: Iv\u00e1n Venegas | El Sol de Puebla<\/h4>\n\n\n\n<h4 class=\"wp-block-heading\"><strong>\u00bfQu\u00e9 acciones va a realizar su gobierno este a\u00f1o?<\/strong><\/h4>\n\n\n\n<p>Primero te dir\u00e9 que nosotros no estamos parados por la pandemia, y el largo periodo del cierre del a\u00f1o pasado lo tuvimos que aguantar, pero a partir de septiembre comenzamos a desarrollar todas las actividades de obra p\u00fablica y de proyectos que ten\u00edamos que hacer, con dinero propio, del gobierno del estado. Somos un gobierno que no tiene un peso de deuda y somos un gobierno que tiene finanzas sanas, porque somos un gobierno que trata de gastar lo menos posible, austero.<\/p>\n\n\n\n<p>Tenemos 3 mil 350 millones de pesos en obras p\u00fablicas caminando; 400 kil\u00f3metros de carreteras olvidadas, de la sierra, la mixteca, de todos lados; m\u00e1s de 500 acciones de obra p\u00fablica en materia educativa; acciones de pol\u00edtica social; mercados; auditorios, much\u00edsimas cosas, cuestiones de pobreza, agua potable, alcantarillado, pavimentos. Tenemos la obra social que no existi\u00f3 en la \u00e9poca de que solo exist\u00edan obras suntuarias. Lo que Puebla necesita es obra social y nosotros vamos a empezar ya en este mes obra social porque viene la campa\u00f1a y vamos a parar porque de acuerdo a la ley vamos a parar. Tenemos que hacer cosas muy r\u00e1pido.<\/p>\n\n\n\n<h4 class=\"wp-block-heading\"><strong>\u00bfCu\u00e1l ser\u00e1 el papel del gobernador en el proceso electoral que ya ha comenzado?<\/strong><\/h4>\n\n\n\n<p>El que debe de ser: respetar a los \u00f3rganos electorales. Yo ser\u00e9 quien se empe\u00f1e en que este proceso electoral sea el primero democr\u00e1tico en el estado. Con todo y lo que significa la competencia, la pasi\u00f3n electoral, la guerra declarativa, todo esto, vamos a empe\u00f1arnos en que las cosas salgan bien. Qu\u00e9 pasaba en procesos electorales anteriores. El Poder Ejecutivo controlaba los \u00f3rganos electorales, acomodaba resultados y formaba procesos electorales ileg\u00edtimos. Eso ha ocurrido siempre. El gobernador se met\u00eda a una elecci\u00f3n y hac\u00eda ganar o perder a un partido o a un candidato. Yo no me voy a meter.<\/p>\n\n\n\n<p>Yo deber\u00eda tener opini\u00f3n, no derecho de definici\u00f3n, en mi partido, pero debo de tener opini\u00f3n, eso s\u00ed, pero el derecho a definir no, porque no es as\u00ed Morena, y qu\u00e9 bueno que no sea as\u00ed. Yo de Morena podr\u00e9 tener opini\u00f3n sobre la situaci\u00f3n tan ca\u00f3tica que hoy vive, pero no tengo el derecho de tomar definiciones por ser gobernador. Morena tuvo que haberse institucionalizado despu\u00e9s de lo del 2018, debi\u00f3 haber renovado sus \u00f3rganos inmediatamente despu\u00e9s de 2018 para tener en \u00f3rganos de direcci\u00f3n a toda esta gente que gan\u00f3 en 2018, pero se qued\u00f3 con los mismos que estaban desde a\u00f1os anteriores, con un nivel de radicalismo muy especial y su forma de hacer pol\u00edtica, y tienen en un caos al partido.<\/p>\n\n\n\n<h4 class=\"wp-block-heading\"><strong>\u00bfEste caos pone en riesgo a Morena de perder la elecci\u00f3n de Puebla?<\/strong><\/h4>\n\n\n\n<p>Genera falta de eficiencia y de efectividad electoral. T\u00fa ve los aspirantes que se registraron para ser candidatos a diputados federales, medianitos todos. El asunto es que la toma de decisiones en morena no es unipersonal.<\/p>\n\n\n\n<h4 class=\"wp-block-heading\"><strong>Dice que opinar\u00e1 usted en Morena. \u00bfQu\u00e9 opinar\u00e1 en torno a la definici\u00f3n del candidato a presidente municipal de Puebla?<\/strong><\/h4>\n\n\n\n<p>Yo espero que Morena compita con quien mejor pueda ganar o quien mejor pueda competir, que participe con quien mejor pueda competir, y para ello quien mejor pueda competir es quien tenga mejor nivel de aceptaci\u00f3n, mejor nivel de evaluaci\u00f3n. Que sea el perfil que requiere la sociedad, no el partido, la sociedad, porque est\u00e1s compitiendo frente a una sociedad, no te est\u00e1n eligiendo para un cargo partidario. Es para gobernar una sociedad. Si quien quiere competir tienen niveles altos de aceptaci\u00f3n, de evaluaci\u00f3n social, de honradez, de sentido pol\u00edtico, que lo haga, si no, no.<\/p>\n\n\n\n<p><img decoding=\"async\" src=\"https:\/\/www.elsoldepuebla.com.mx\/local\/7g8i4v-barbosa-12.jpg\/ALTERNATES\/FREE_160\/BARBOSA%2012.jpg\" alt=\"\"><\/p>\n\n\n\n<h4 class=\"wp-block-heading\">Foto: Iv\u00e1n Venegas | El Sol de Puebla<\/h4>\n\n\n\n<h4 class=\"wp-block-heading\"><strong>\u00bfEst\u00e1n dadas las condiciones en Morena para que se elija al mejor perfil?<\/strong><\/h4>\n\n\n\n<p>Yo espero que s\u00ed, que no se equivoquen, que no se asuma que, porque Andr\u00e9s Manuel tiene el 70 por ciento de aceptaci\u00f3n, va a ganar, no. Se eval\u00faa el cargo. Cuando se vota se eval\u00faa el cargo, no se eval\u00faa al presidente de la Rep\u00fablica, no se eval\u00faa al gobernador. La gente eval\u00faa el cargo, qui\u00e9n puede hacer el mejor papel en un gobierno municipal de Puebla.<\/p>\n\n\n\n<p>En una entrevista previa usted elogi\u00f3 al diputado Gabriel Biestro, que ya levant\u00f3 la mano para participar en la contienda interna, pero ayer (martes) lo hizo tambi\u00e9n Claudia Rivera y la semana pasada Alejandro Armenta expuso que valora inscribirse. \u00bfQu\u00e9 opina de Rivera y de Armenta?<\/p>\n\n\n\n<p>Tienen el derecho de aspirar y si son los mejores evaluados pues que sean los candidatos, cualquiera, o Biestro, o Claudia o Armenta, el que sea mejor evaluado, o quien sea, que sea el candidato.<\/p>\n\n\n\n<h4 class=\"wp-block-heading\"><strong>\u00bfApoyar\u00eda a Claudia Rivera si fuese la candidata?<\/strong><\/h4>\n\n\n\n<p>Con mi voto o sin mi voto, solamente ese es mi apoyo. Votar\u00e9 por el candidato o la candidata de Morena, sin duda que s\u00ed. Yo no soy traidor, yo no ando promoviendo candidatos en otros partidos, yo me siento en el partido al que pertenezco, no ando haciendo trampas, que son la vieja forma de hacer pol\u00edtica.<\/p>\n\n\n\n<h4 class=\"wp-block-heading\"><strong>\u00bfQuiere Miguel Barbosa un Congreso de mayor\u00eda morenita el a\u00f1o que viene?<\/strong><\/h4>\n\n\n\n<p>Yo aspiro a un Congreso con los mejores perfiles. Yo estoy seguro que voy a tener simpat\u00eda en el Congreso.<\/p>\n\n\n\n<h4 class=\"wp-block-heading\"><strong>\u00bfQu\u00e9 pasar\u00e1 si la oposici\u00f3n, en este caso el PAN y sus aliados, le ganan la mayor\u00eda a Morena?<\/strong><\/h4>\n\n\n\n<p>No importa, tendr\u00e9 la mayor simpat\u00eda de los diputados de los partidos, sin importar cu\u00e1l sea. porque creo que estamos haciendo las cosas correctas y creo que vamos a trabajar bien.<\/p>\n\n\n\n<h4 class=\"wp-block-heading\"><strong>\u00bfNo hay miedo por un Congreso opositor?<\/strong><\/h4>\n\n\n\n<p>No, yo soy un pol\u00edtico hecho y s\u00e9 transitar en todos los escenarios de la pol\u00edtica.<\/p>\n\n\n\n<h4 class=\"wp-block-heading\"><strong>\u00bfCu\u00e1l ser\u00e1 su relaci\u00f3n con Morena una vez que transcurra esta lecci\u00f3n, si Morena no logra ganar el Congreso?<\/strong><\/h4>\n\n\n\n<p>La de un hombre de partido. Yo estar\u00e9 en donde este Andr\u00e9s Manuel L\u00f3pez Obrador, as\u00ed de simple. Ni un d\u00eda ni un d\u00eda m\u00e1s, ni un d\u00eda menos, ah\u00ed estar\u00e9. Yo soy andresmanuelista. Yo me muero por Andr\u00e9s Manuel L\u00f3pez obrador.<\/p>\n\n\n\n<p>Por \u00faltimo, el gobernador reiter\u00f3 que cuando termine su gobierno se retirar\u00e1 de la pol\u00edtica y asegur\u00f3 que tendr\u00e1 presente la regla no escrita que obliga a los exmandatarios alejarse de la vida p\u00fablica, a diferencia de otros que ahora mismo no lo han hecho.<\/p>\n\n\n\n<p>\u201cYo espero ser alguien que pueda influir bien en las cosas de la sociedad, no de la pol\u00edtica. Lo peor que puede hacer alguien que deja de ser gobernador es sentarse a un lado a ver qu\u00e9 le dan. No, \u00a1por favor! Que no vayan en contra de las reglas de la l\u00f3gica pol\u00edtica, que no vayan.\u201d<\/p>\n\n\n\n<p>Fuente: https:\/\/www.elsoldepuebla.com.mx\/local\/entrevista-anuncia-miguel-barbosa-detenciones-de-exfuncionarios-antes-de-las-elecciones-puebla-pan-claudia-rivera-gabriel-biestro-alejandro-armenta-morena-casa-aguayo-guillermo-pacheco-pulido-cis-tren-turistico-teleferico-audi-centro-expos-6268416.html<\/p>\n","protected":false},"excerpt":{"rendered":"<p>El gobernador afirma que no se trata de una persecuci\u00f3n pol\u00edtica pues s\u00f3lo se actuar\u00e1 donde existan casos comprobados de [&hellip;]<\/p>\n","protected":false},"author":1,"featured_media":3630,"comment_status":"open","ping_status":"open","sticky":false,"template":"","format":"standard","meta":{"site-sidebar-layout":"default","site-content-layout":"","ast-site-content-layout":"default","site-content-style":"default","site-sidebar-style":"default","ast-global-header-display":"","ast-banner-title-visibility":"","ast-main-header-display":"","ast-hfb-above-header-display":"","ast-hfb-below-header-display":"","ast-hfb-mobile-header-display":"","site-post-title":"","ast-breadcrumbs-content":"","ast-featured-img":"","footer-sml-layout":"","theme-transparent-header-meta":"","adv-header-id-meta":"","stick-header-meta":"","header-above-stick-meta":"","header-main-stick-meta":"","header-below-stick-meta":"","astra-migrate-meta-layouts":"default","ast-page-background-enabled":"default","ast-page-background-meta":{"desktop":{"background-color":"var(--ast-global-color-4)","background-image":"","background-repeat":"repeat","background-position":"center center","background-size":"auto","background-attachment":"scroll","background-type":"","background-media":"","overlay-type":"","overlay-color":"","overlay-opacity":"","overlay-gradient":""},"tablet":{"background-color":"","background-image":"","background-repeat":"repeat","background-position":"center center","background-size":"auto","background-attachment":"scroll","background-type":"","background-media":"","overlay-type":"","overlay-color":"","overlay-opacity":"","overlay-gradient":""},"mobile":{"background-color":"","background-image":"","background-repeat":"repeat","background-position":"center center","background-size":"auto","background-attachment":"scroll","background-type":"","background-media":"","overlay-type":"","overlay-color":"","overlay-opacity":"","overlay-gradient":""}},"ast-content-background-meta":{"desktop":{"background-color":"var(--ast-global-color-5)","background-image":"","background-repeat":"repeat","background-position":"center center","background-size":"auto","background-attachment":"scroll","background-type":"","background-media":"","overlay-type":"","overlay-color":"","overlay-opacity":"","overlay-gradient":""},"tablet":{"background-color":"var(--ast-global-color-5)","background-image":"","background-repeat":"repeat","background-position":"center center","background-size":"auto","background-attachment":"scroll","background-type":"","background-media":"","overlay-type":"","overlay-color":"","overlay-opacity":"","overlay-gradient":""},"mobile":{"background-color":"var(--ast-global-color-5)","background-image":"","background-repeat":"repeat","background-position":"center center","background-size":"auto","background-attachment":"scroll","background-type":"","background-media":"","overlay-type":"","overlay-color":"","overlay-opacity":"","overlay-gradient":""}},"footnotes":""},"categories":[8],"tags":[],"class_list":["post-3629","post","type-post","status-publish","format-standard","has-post-thumbnail","hentry","category-noticias"],"_links":{"self":[{"href":"https:\/\/losperiodistas.com.mx\/portal\/wp-json\/wp\/v2\/posts\/3629","targetHints":{"allow":["GET"]}}],"collection":[{"href":"https:\/\/losperiodistas.com.mx\/portal\/wp-json\/wp\/v2\/posts"}],"about":[{"href":"https:\/\/losperiodistas.com.mx\/portal\/wp-json\/wp\/v2\/types\/post"}],"author":[{"embeddable":true,"href":"https:\/\/losperiodistas.com.mx\/portal\/wp-json\/wp\/v2\/users\/1"}],"replies":[{"embeddable":true,"href":"https:\/\/losperiodistas.com.mx\/portal\/wp-json\/wp\/v2\/comments?post=3629"}],"version-history":[{"count":1,"href":"https:\/\/losperiodistas.com.mx\/portal\/wp-json\/wp\/v2\/posts\/3629\/revisions"}],"predecessor-version":[{"id":3631,"href":"https:\/\/losperiodistas.com.mx\/portal\/wp-json\/wp\/v2\/posts\/3629\/revisions\/3631"}],"wp:featuredmedia":[{"embeddable":true,"href":"https:\/\/losperiodistas.com.mx\/portal\/wp-json\/wp\/v2\/media\/3630"}],"wp:attachment":[{"href":"https:\/\/losperiodistas.com.mx\/portal\/wp-json\/wp\/v2\/media?parent=3629"}],"wp:term":[{"taxonomy":"category","embeddable":true,"href":"https:\/\/losperiodistas.com.mx\/portal\/wp-json\/wp\/v2\/categories?post=3629"},{"taxonomy":"post_tag","embeddable":true,"href":"https:\/\/losperiodistas.com.mx\/portal\/wp-json\/wp\/v2\/tags?post=3629"}],"curies":[{"name":"wp","href":"https:\/\/api.w.org\/{rel}","templated":true}]}}