{"id":3612,"date":"2021-01-21T05:05:44","date_gmt":"2021-01-21T11:05:44","guid":{"rendered":"http:\/\/losperiodistas.com.mx\/portal\/?p=3612"},"modified":"2021-01-21T05:05:44","modified_gmt":"2021-01-21T11:05:44","slug":"la-herida-perpetua-de-las-esterilizaciones-forzadas-publico","status":"publish","type":"post","link":"https:\/\/losperiodistas.com.mx\/portal\/la-herida-perpetua-de-las-esterilizaciones-forzadas-publico\/","title":{"rendered":"La herida perpetua de las esterilizaciones forzadas | P\u00fablico"},"content":{"rendered":"\n<p style=\"font-size:18px\"><em>La esterilizaci\u00f3n forzada sigue vigente en 38 pa\u00edses a pesar de estar tipificada como un crimen de guerra y de lesa humanidad y como una forma de violencia espec\u00edfica contra la mujer. Tres de sus v\u00edctimas hablan de la historia, presente y futuro de esta pr\u00e1ctica desde sus respectivos pa\u00edses.<\/em><\/p>\n\n\n\n<p class=\"has-vivid-cyan-blue-color has-text-color has-medium-font-size\">MARTA RULL\u00c1N \/ EFE \/ P\u00daBLICO<\/p>\n\n\n\n<p id=\"m82-81-83\">\u00abA\u00fan espero que mis padres se arrepientan\u00bb, dice Cristina, con s\u00edndrome de Asperger y esterilizada a los 18 a\u00f1os para evitar que tuviera&nbsp;<strong>\u00abhijos enfermos\u00bb<\/strong>. Saburo Kita, a sus 76, pide que le devuelvan la parte de vida que le quitaron en su adolescencia \u00abpara cumplir la cuota\u00bb. Y Mar\u00eda Elena Carbajal, con 50, se siente \u00abcomo una anciana de 80\u00bb por una traum\u00e1tica ligadura de trompas que la quebr\u00f3 para siempre.<\/p>\n\n\n\n<p id=\"m87-1-88\">Saburo y Mar\u00eda Elena son v\u00edctimas de<strong>\u00a0macabras pol\u00edticas de control poblacional<\/strong>\u00a0en Jap\u00f3n y Per\u00fa en el siglo XX. Cristina fue esterilizada hace s\u00f3lo una d\u00e9cada en Espa\u00f1a, donde hasta hace muy poco se practicaban cerca de un centenar al a\u00f1o.<\/p>\n\n\n\n<p id=\"m92-2-93\">Es\u00a0<strong>la herida perpetua\u00a0<\/strong>que arrastran mujeres y ni\u00f1as discapacitadas, miembros de minor\u00edas \u00e9tnicas o raciales, enfermas de sida, transg\u00e9nero o pobres: las v\u00edctimas mayoritarias de un crimen que tambi\u00e9n afecta, aunque en much\u00edsima menor medida, a hombres y adolescentes.<\/p>\n\n\n\n<p id=\"m97-3-98\">La esterilizaci\u00f3n forzada es una de las violaciones de derechos humanos m\u00e1s generalizadas del mundo (al menos 38 pa\u00edses la practicaban en 2017), pese a estar tipificada como un<strong>&nbsp;crimen de guerra y lesa humanidad<\/strong>&nbsp;(Estatuto de Roma, 1998) y como una forma de violencia espec\u00edfica contra la mujer (1995) y de tortura (2008) por Naciones Unidas.<\/p>\n\n\n\n<p id=\"m102-4-103\">\u00bfC\u00f3mo es posible que siga practic\u00e1ndose? V\u00edctimas, activistas, pol\u00edticos, cient\u00edficos e historiadores coinciden mayoritariamente:&nbsp;<strong>es inconcebible<\/strong>, fruto de falsos mitos y reflejo del lado m\u00e1s sombr\u00edo de una sociedad que sigue dominada por patrones patriarcales.<\/p>\n\n\n\n<h2 class=\"wp-block-heading\" id=\"m107-5-108\">Generaciones de imb\u00e9ciles<\/h2>\n\n\n\n<p id=\"m112-6-113\">\u00abTres generaciones de imb\u00e9ciles son suficientes\u00bb. Ese fue el argumento del juez del Tribunal Supremo de EEUU Oliver Wendell Holmes al aprobarse la ley de esterilizaci\u00f3n en Virginia en 1927. Casi cien a\u00f1os despu\u00e9s, ese crimen sigue vigente.<\/p>\n\n\n\n<p id=\"m117-7-118\">Todo empez\u00f3 en 1883 con el brit\u00e1nico Francis Galton, creador del t\u00e9rmino &#8216;eugenesia&#8217;: la aplicaci\u00f3n de las leyes biol\u00f3gicas de la herencia para lograr una mejora de la especie. Sus estudios llevaron a \u00ablos blancos educados\u00bb a asumir \u00abcon naturalidad\u00bb una<strong>&nbsp;superioridad racial y cultural<\/strong>, explica Ruth Engs, profesora em\u00e9rita de Salud P\u00fablica de la Universidad de Indiana.La esterilizaci\u00f3n forzada es una de las violaciones de derechos humanos m\u00e1s generalizadas del mundo<\/p>\n\n\n\n<p id=\"m127-9-128\">En los albores del siglo XX surgieron teor\u00edas como la de&nbsp;<strong>\u00abla degeneraci\u00f3n\u00bb<\/strong>, seg\u00fan la cual, la pobreza o el alcoholismo se transmit\u00edan de padres a hijos. O la de la \u00abjerarqu\u00eda de razas\u00bb, que situaba a los europeos como los m\u00e1s inteligentes del planeta. Suecia, en 1922, fue el primer pa\u00eds en crear un instituto nacional de \u00abbiolog\u00eda racial\u00bb.&nbsp;Pero Engs tiene claro que el empleo de la esterilizaci\u00f3n forzada para la mejora de la raza \u00abse origin\u00f3 en EEUU\u00bb, donde unas 60.000 personas, en su mayor\u00eda pobres e inmigrantes, fueron sometidas a esta pr\u00e1ctica. Indiana, en 1907, fue el primer estado en legalizarla.https:\/\/www.publico.es\/videos\/iframe\/932790<\/p>\n\n\n\n<p id=\"m132-10-133\"><strong>La eugenesia era \u00absocialmente aceptable\u00bb<\/strong>, afirma la senadora canadiense flo Boyer, la \u00abvoz\u00bb de las v\u00edctimas en su pa\u00eds. Los cient\u00edficos la acogieron con entusiasmo porque cre\u00edan que \u00abla gen\u00e9tica de los pobres les imped\u00eda enfrentarse a los problemas\u00bb, corrobora el experto espa\u00f1ol en bio\u00e9tica Daniel Soutullo. En Alemania, el nazismo (1933-1945) llev\u00f3 esta pr\u00e1ctica a su culmen, esterilizando a 400.000 personas.<\/p>\n\n\n\n<h2 class=\"wp-block-heading\" id=\"m137-11-138\">El siglo XXI<\/h2>\n\n\n\n<p id=\"m142-12-143\">Tras la II Guerra Mundial, la eugenesia perdi\u00f3 popularidad por el descr\u00e9dito del r\u00e9gimen nazi. Sin embargo, con el paso de los a\u00f1os, algunos pa\u00edses desarrollaron vastos programas para diezmar a una parte de su poblaci\u00f3n, casi siempre femenina, pobre, ind\u00edgena y analfabeta.<\/p>\n\n\n\n<p id=\"m147-13-148\">Es el caso de Per\u00fa, donde el Gobierno de&nbsp;<strong>Alberto Fujimori<\/strong>&nbsp;(1990-2000) articul\u00f3 una brutal campa\u00f1a que dej\u00f3 a 300.000 mujeres, la mayor\u00eda ind\u00edgenas, sin posibilidad de reproducirse. Pero no s\u00f3lo fue cosa de dictaduras. En Suecia, unas 63.000 personas fueron esterilizadas sin consentimiento entre 1935 y 1975, seg\u00fan los datos de Maciej Zaremba, el periodista que conmocion\u00f3 a la sociedad sueca destapando este esc\u00e1ndalo en 1997.<\/p>\n\n\n\n<figure class=\"wp-block-image\" id=\"m152-14-153\"><a href=\"https:\/\/www.publico.es\/uploads\/2021\/01\/21\/60094c788ec6c.jpeg\"><img decoding=\"async\" src=\"https:\/\/www.publico.es\/files\/article_main\/uploads\/2021\/01\/21\/60094c788ec6c.jpeg\" alt=\"Mar\u00eda Elena Carbajal\"\/><\/a><figcaption>Mar\u00eda Elena Carbajal, v\u00edctima de la esterilizaci\u00f3n forzosa.&nbsp;<em>\u2014<\/em>&nbsp;<em>Marta Rull\u00e1n<\/em>&nbsp;<em>\/<\/em>&nbsp;<em>EFE<\/em><\/figcaption><\/figure>\n\n\n\n<p id=\"m169-15-170\">Canad\u00e1 es otro ejemplo notable: una democracia consolidada que se ceb\u00f3 con las mujeres ind\u00edgenas.&nbsp;<strong>\u00abAlgunos lo llaman genocidio\u00bb<\/strong>, dice la senadora Boyer sobre las miles que fueron esterilizadas sin autorizaci\u00f3n en el siglo pasado, aunque la \u00faltima denuncia es de 2017. Actualmente, la esterilizaci\u00f3n forzosa es legal en una cuarentena de pa\u00edses. \u00abEst\u00e1 tan extendida por la discriminaci\u00f3n de g\u00e9nero existente en todo el mundo\u00bb, asegura Lola Liceras, portavoz de Mujeres en Amnist\u00eda Internacional Espa\u00f1a. \u00abLa prohibici\u00f3n del aborto en El Salvador, la &#8216;obligaci\u00f3n&#8217; de las mujeres en Ir\u00e1n de procrear (&#8230;) o la expulsi\u00f3n de la escuela de las ni\u00f1as embarazadas en Sierra Leona (&#8230;) muestran el poder estatal para&nbsp;<strong>aplastar los derechos sexuales y reproductivos de las mujeres<\/strong>\u00ab, resalta.<\/p>\n\n\n\n<p id=\"m174-16-175\">La esterilizaci\u00f3n forzada se practica hoy a personas con discapacidad en Reino Unido, Australia o Francia. En Europa, 16 pa\u00edses obligan a esterilizarse para cambiar de sexo. Tambi\u00e9n ocurre en Eslovaquia o Uzbekist\u00e1n, donde se ha denunciado un programa secreto con 10.000 afectadas, la mayor\u00eda gitanas.<\/p>\n\n\n\n<h2 class=\"wp-block-heading\" id=\"m179-17-180\">Jap\u00f3n: cumplir la cuota<\/h2>\n\n\n\n<p id=\"m184-18-185\">A Saburo Kita lo llevaron a un internado porque su padre no ten\u00eda dinero para ocuparse de sus estudios. Al poco tiempo de llegar, lo esterilizaron sin que supiera lo que estaba ocurriendo. \u00abSent\u00ed que hac\u00edan algo por debajo, pero no sab\u00eda\u00bb, relata en su peque\u00f1o piso del oeste de Tokio, sentado en el suelo y de espaldas a un peque\u00f1o altar con el retrato de su difunta esposa.El comisionado de salud p\u00fablica a cargo del internado \u00abbuscaba m\u00e1s gente\u00bb. A Saburo le toc\u00f3 porque \u00abse portaba mal\u00bb<\/p>\n\n\n\n<p id=\"m194-20-195\">Saburo es uno de los 25.000 esterilizados en Jap\u00f3n entre 1948 y 1993, unos 16.500 de ellos sin consentimiento previo, en un esc\u00e1ndalo por el que el Gobierno nip\u00f3n se disculp\u00f3 p\u00fablicamente. \u00c9l lo mantuvo oculto durante mucho tiempo, hasta para los m\u00e1s \u00edntimos:&nbsp;<strong>su esposa lo supo d\u00edas antes de morir. \u00abLe ped\u00ed perd\u00f3n<\/strong>&nbsp;porque me hicieron la operaci\u00f3n y no pude darle un ni\u00f1o. Ella me dijo: &#8216;Aunque ya no est\u00e9 contigo, sigue comiendo bien, por favor&#8217;. As\u00ed muri\u00f3\u00bb, recuerda.<\/p>\n\n\n\n<p id=\"m199-21-200\">Los ribetes del caso han comenzado a salir a la luz con el tiempo. Aunque 8.500 de los esterilizados firmaron su conformidad, en muchos casos fueron obligados a ello. Solo 21 han pedido una indemnizaci\u00f3n a los tribunales, cuenta Naoto Sekiya, el abogado de Saburo.<\/p>\n\n\n\n<p id=\"m204-22-205\">En Jap\u00f3n, las esterilizaciones se practicaron fundamentalmente a enfermos o discapacitados f\u00edsicos o mentales. Pero lo que le pas\u00f3 a Saburo es a\u00fan m\u00e1s tr\u00e1gico: se trataba de cubrir una cuota<strong>.&nbsp;<\/strong>El comisionado de salud p\u00fablica a cargo del internado \u00abbuscaba m\u00e1s gente\u00bb y consult\u00f3 al director de la instituci\u00f3n \u00abpara ampliar el n\u00famero\u00bb.&nbsp;<strong>A Saburo le toc\u00f3 porque \u00abse portaba mal\u00bb.<\/strong><\/p>\n\n\n\n<p id=\"m209-23-210\">A\u00fan recuerda ese d\u00eda. Un maestro lo llam\u00f3 y le condujo al m\u00e9dico. Con 14 a\u00f1os y sano, no entend\u00eda por qu\u00e9 estaba all\u00ed. \u00abLa enfermera me oblig\u00f3 a desnudarme desde la cintura. Despu\u00e9s sent\u00ed una inyecci\u00f3n en mi espalda, no sab\u00eda que era la anestesia\u00bb. Sali\u00f3 del lugar con dudas. \u00abUn d\u00eda alguien me pregunt\u00f3 si sab\u00eda qu\u00e9 me hab\u00edan hecho. Le contest\u00e9 que no y me dijo que era la operaci\u00f3n que impide tener hijos.&nbsp;<strong>Me qued\u00e9 sorprendido<\/strong>\u00ab.\u00bbNo se trata de dinero, quiero que me devuelvan parte de mi vida\u00bb<\/p>\n\n\n\n<p id=\"m219-25-220\">Con el tiempo conoci\u00f3 a otros que pasaron por lo mismo y algunos, como \u00e9l, llegaron a los tribunales. Aunque Jap\u00f3n aprob\u00f3 una compensaci\u00f3n para cada v\u00edctima de 3,2 millones de yenes (unos 27.000 euros), no todos la han conseguido. \u00abNo hay un registro de mi operaci\u00f3n\u00bb, dice Saburo, que el pasado 30 de junio perdi\u00f3 su juicio por haberse superado los 20 a\u00f1os desde la esterilizaci\u00f3n. \u00c9l no se da por vencido y recurrir\u00e1: \u00abNo se trata de dinero, quiero que me devuelvan parte de mi vida\u00bb.<\/p>\n\n\n\n<h2 class=\"wp-block-heading\" id=\"m224-26-225\">Espa\u00f1a: la paradoja perversa<\/h2>\n\n\n\n<p id=\"m229-27-230\">A sus 27 a\u00f1os, Cristina tiene claro qu\u00e9 le pas\u00f3 a los 18: \u00abMe quitaron algo que era m\u00edo y que deb\u00eda haber elegido yo\u00bb. La esterilizaci\u00f3n forzada&nbsp;<strong><a href=\"https:\/\/www.publico.es\/sociedad\/familia-diversidad-entra-vigor-ley-prohibe-esterilizacion-forzada-personas-discapacidad.html\" target=\"_blank\" rel=\"noreferrer noopener\">ha sido legal en Espa\u00f1a hasta el 2 diciembre de 2020<\/a><\/strong>. Ese d\u00eda, gracias a una larga lucha social, el Parlamento aboli\u00f3 el art\u00edculo 156 del C\u00f3digo Penal, que estipulaba como \u00abno punible\u00bb la esterilizaci\u00f3n de un discapacitado \u00abacordada por \u00f3rgano judicial\u00bb. Se sustentaba en la premisa de librar a la mujer o ni\u00f1a de un posible embarazo. \u00abEs la paradoja perversa\u00bb, resume Carmela del Moral, asesora jur\u00eddica de Save the Children.<\/p>\n\n\n\n<p id=\"m234-28-235\">\u00abHay mayor vulnerabilidad a las agresiones sexuales, pues al no quedarse embarazadas los abusos no son f\u00e1ciles de detectar\u00bb, advierte Concha D\u00edaz, expresidenta de la Fundaci\u00f3n CERMI Mujeres, una de las principales impulsoras de la campa\u00f1a de abolici\u00f3n. La ley obligaba adem\u00e1s a incapacitar judicialmente a las v\u00edctimas, coloc\u00e1ndolas en una terrible encrucijada. \u00abPueden abusar de m\u00ed, pueden violarme, pueden maltratarme, no solo en el \u00e1mbito familiar, sino tambi\u00e9n en instituciones y residencias, pero al final&nbsp;<strong>no puedo defenderme porque estoy incapacitada\u00bb,<\/strong>&nbsp;denuncia D\u00edaz.Cristina tiene claro qu\u00e9 le pas\u00f3 a los 18: \u00abMe quitaron algo que era m\u00edo y que deb\u00eda haber elegido yo\u00bb<\/p>\n\n\n\n<p id=\"m244-30-245\">\u00abLa esterilizaci\u00f3n del INCAPAZ est\u00e1 justificada porque (&#8230;) permite el ejercicio de su sexualidad, pero sin el riesgo de una posible procreaci\u00f3n cuyas consecuencias no se pueden prever\u00bb, se\u00f1ala una sentencia dictada en 2018 por un tribunal de la Audiencia Provincial de Murcia. Seg\u00fan datos del Consejo General del Poder Judicial, en los \u00faltimos 15 a\u00f1os, los tribunales han avalado m\u00e1s de 1.300 solicitudes de esterilizaci\u00f3n. Estos n\u00fameros no revelan cu\u00e1ntas se materializaron, pero distintas fuentes coinciden en que la mayor\u00eda: alrededor de un centenar al a\u00f1o en la \u00faltima d\u00e9cada.<\/p>\n\n\n\n<p id=\"m249-31-250\">De las 127 de 2010 se pas\u00f3 a 52 en 2018, aunque la cifra repunt\u00f3 ligeramente (60) en 2019. Y eso que casos como el de Cristina no entran en esta estad\u00edstica.<br>Aunque ella otorg\u00f3 consentimiento, en el momento de hacerlo s\u00f3lo repet\u00eda \u00abcomo un mantra\u00bb las razones de sus padres: \u00abno era responsable para mantener relaciones sexuales\u00bb y,&nbsp;<strong>de tener hijos, \u00abtambi\u00e9n estar\u00edan enfermos\u00bb.&nbsp;<\/strong>Ahora lamenta haberse dejado manipular. \u00abNo estoy enferma y soy una persona perfectamente capaz de ser madre\u00bb, afirma rotunda, calificando los motivos de sus padres de \u00abdiscriminatorios y disf\u00f3bicos\u00bb.<\/p>\n\n\n\n<h2 class=\"wp-block-heading\" id=\"m254-32-255\">Per\u00fa: chantaje y abandono<\/h2>\n\n\n\n<p id=\"m259-33-260\">Mar\u00eda Elena Carbajal fue esterilizada el 18 septiembre de 1996, tras dar a luz a su cuarto hijo con una mala praxis, en medio de dolores y mentiras y bajo la presi\u00f3n de perder a su reci\u00e9n nacido.&nbsp;<strong>\u00abVinieron los m\u00e9dicos y las enfermeras para que me ligara.&nbsp;<\/strong>Yo les dije que no, que a mi esposo no le iba a gustar, pero repet\u00edan: &#8216;no es necesario que firme, podr\u00e1 volver a tener hijos&#8217;. De tanta insistencia y para que apareciera mi hijo, tuve que aceptar\u00bb, recuerda entre l\u00e1grimas.<\/p>\n\n\n\n<p id=\"m264-34-265\">Unas&nbsp;<strong>300.000 ind\u00edgenas<\/strong>, la enorme mayor\u00eda mujeres pobres, fueron esterilizadas a la fuerza entre 1996 y 2001, cuando Fujimori instaur\u00f3 un sistema eugen\u00e9sico sin parang\u00f3n tras el nazismo. Los enviados gubernamentales llegaban a los lugares m\u00e1s remotos, donde puerta a puerta chantajeaban a las mujeres. \u00abBajo la excusa de reducir la pobreza aplicaron una pol\u00edtica racista y patriarcal destinada a acabar con poblaciones quech\u00faahablantes\u00bb, relata Esther Mogoll\u00f3n, coordinadora del Grupo de Reparaciones de Esterilizaciones Forzadas (GREF).<\/p>\n\n\n\n<p id=\"m269-35-270\">Ella ha escuchado miles de testimonios de mujeres atadas, golpeadas, operadas sin sedaci\u00f3n o con anestesia para animales comprada en EEUU, como la que usaron con Mar\u00eda Elena, para quien, tras la esterilizaci\u00f3n, comenz\u00f3 un largu\u00edsimo calvario.<\/p>\n\n\n\n<p id=\"m274-36-275\">\u00abMi marido no quiso saber nada de m\u00ed y&nbsp;<strong>tuve que irme con mis cuatro hijos<\/strong>&nbsp;(&#8230;) fue muy dif\u00edcil, no s\u00f3lo lo que ocurri\u00f3 hace 23 a\u00f1os, sino los siguientes 23&#8243;. Su segunda pareja tambi\u00e9n se march\u00f3 al descubrir que ya no pod\u00eda tener hijos.<br>Junto al da\u00f1o psicol\u00f3gico, est\u00e1 el deterioro f\u00edsico. \u00abNo genero hormonas (&#8230;), padezco artrosis de rodilla, hombros y columna (&#8230;) tengo 50 a\u00f1os, pero me siento como una anciana de 80, y no es justo\u00bb, dice con rabia la actual presidenta de la Asociaci\u00f3n de V\u00edctimas de Esterilizaciones Forzadas de Lima y Callao.<\/p>\n\n\n\n<figure class=\"wp-block-image\" id=\"m279-37-280\"><a href=\"https:\/\/www.publico.es\/uploads\/2021\/01\/21\/60094d11e3083.jpeg\"><img decoding=\"async\" src=\"https:\/\/www.publico.es\/files\/article_main\/uploads\/2021\/01\/21\/60094d11e3083.jpeg\" alt=\"Rosa Loarte\"\/><\/a><figcaption>Rosa Loarte, manifest\u00e1ndose en Per\u00fa contra la esterilizaci\u00f3n forzosa.&nbsp;<em>\u2014<\/em>&nbsp;<em>Marta Rull\u00e1n<\/em>&nbsp;<em>\/<\/em>&nbsp;<em>EFE<\/em><\/figcaption><\/figure>\n\n\n\n<p id=\"m296-38-297\">Sus hijos no supieron nada hasta 2017, cuando comprendi\u00f3 que&nbsp;<strong>lo que le hab\u00edan hecho \u00abera un delito\u00bb<\/strong>&nbsp;y no \u00abuna casualidad\u00bb. Se inscribi\u00f3 en el registro de v\u00edctimas, empez\u00f3 a recibir ayuda psicol\u00f3gica y descubri\u00f3 muchos casos \u00abpeores\u00bb que el suyo. M\u00e1s de veinte a\u00f1os despu\u00e9s, estas mujeres contin\u00faan reclamando una justicia que no llega porque \u00abla corrupci\u00f3n y el fujimorismo siguen latentes\u00bb, entre la \u00abfalta de compromiso pol\u00edtico\u00bb y&nbsp;<strong>la \u00abindiferencia\u00bb de una sociedad que prefiere no mirar al pasado.<\/strong><\/p>\n\n\n\n<p id=\"m301-39-302\">\u00abFue un&nbsp;<strong>tab\u00fa&nbsp;<\/strong>y lo sigue siendo\u00bb, dice Mar\u00eda Elena, indignada porque \u00abni las cicatrices, ni las declaraciones ni el sufrimiento\u00bb son pruebas suficientes para que el caso, con al menos 8 fallecidas y varias desaparecidas, reciba la justicia que merece.\u00bbLa corrupci\u00f3n y el fujimorismo siguen latentes\u00bb, afirma Mar\u00eda Elena, entre la \u00abindiferencia\u00bb de una sociedad que prefiere no mirar al pasado.<\/p>\n\n\n\n<p id=\"m311-41-312\">El 11 de enero de 2021, tras 16 a\u00f1os de investigaci\u00f3n de la Fiscal\u00eda, la Justicia peruana abri\u00f3 la primera audiencia por el caso, en la que no estuvo Fujimori por razones de salud. El exmandatario preso es uno de los denunciados junto a sus exministros de Salud Eduardo Yong Motta, Marino Costa Bauer y Alejandro Aguinaga, adem\u00e1s de varios cirujanos que intervinieron a las v\u00edctimas. La coordinadora del GREF destaca la \u00abresiliencia\u00bb de estas mujeres:&nbsp;<strong>\u00absorprende que no busquen venganza,<\/strong>&nbsp;que solo quieran que se conozca su historia y se atienda su salud\u00bb. Y Mar\u00eda Elena recita el lema que resume la lucha de todas: \u00abverdad, justicia y reparaci\u00f3n\u00bb.<\/p>\n\n\n\n<h2 class=\"wp-block-heading\" id=\"m316-42-317\">El futuro<\/h2>\n\n\n\n<p id=\"m321-43-322\">La eugenesia ya mira al futuro: diagn\u00f3stico prenatal, exploraci\u00f3n fetal, fecundaci\u00f3n in vitro, reprogen\u00e9tica o beb\u00e9s de dise\u00f1o. Los m\u00e1s cr\u00edticos denuncian que se esconde en las investigaciones sobre el ADN. Los partidarios de la manipulaci\u00f3n gen\u00e9tica total o \u00ab<strong>transhumanismo\u00bb<\/strong>&nbsp;atisban una nueva especie \u00absuperior\u00bb.<\/p>\n\n\n\n<p id=\"m326-44-327\">\u00abS\u00ed, muchas t\u00e9cnicas de ingenier\u00eda gen\u00e9tica y reproductiva hoy en d\u00eda se considerar\u00edan eugenesia, pues tratan de mejorar la salud de la pr\u00f3xima generaci\u00f3n\u00bb, dice Engs. Para ella, esto s\u00f3lo acaba de empezar: \u00abse convertir\u00e1 en una pr\u00e1ctica cotidiana en las naciones desarrolladas\u00bb.<\/p>\n\n\n\n<p id=\"m331-45-332\">Y cita como ejemplo al \u00abinvestigador chino que modific\u00f3 el material gen\u00e9tico para que los beb\u00e9s no contrajeran el VIH de su padre\u00bb, en alusi\u00f3n a He Jiankui, que en 2018 anunci\u00f3 la creaci\u00f3n de las&nbsp;<strong>primeras ni\u00f1as gen\u00e9ticamente modificadas del mundo<\/strong>&nbsp;resistentes a ese virus, lo que le cost\u00f3 tres a\u00f1os de prisi\u00f3n y el rechazo de la comunidad cient\u00edfica.&nbsp;\u00abLa Historia ha demostrado que a medida que la tecnolog\u00eda avanza, tiende a usarse para bien y para mal. Si bien una t\u00e9cnica en particular puede estar prohibida en una cultura, es probable que se use en otra\u00bb, se\u00f1ala Engs.<\/p>\n\n\n\n<p id=\"m336-46-337\">M\u00e1s cr\u00edtico es Soutullo, para quien la manipulaci\u00f3n gen\u00e9tica que defiende del \u00abtranshumanismo\u00bb, seg\u00fan el cual se podr\u00e1n elegir las caracter\u00edsticas de los hijos o detener el envejecimiento, \u00abaumentar\u00e1 las diferencias sociales\u00bb. De momento no hay en el horizonte t\u00e9cnicas seguras para asumir ese postulado, \u00abpero supongamos que en un futuro s\u00ed se pueda:&nbsp;<strong>\u00bfqui\u00e9n se beneficiar\u00eda?. Los que tengan capacidad econ\u00f3mica\u00bb,<\/strong>&nbsp;responde.&nbsp;<\/p>\n\n\n\n<p class=\"has-cyan-bluish-gray-background-color has-background\" id=\"m349-348-350\"><strong>Reportaje elaborado con la colaboraci\u00f3n de Yoko Kaneko y Agust\u00edn de Gracia (Tokio), y Julio C\u00e9sar Rivas (Toronto). Edita, Javier Mar\u00edn.<\/strong><\/p>\n\n\n\n<p>Fuente: https:\/\/www.publico.es\/sociedad\/derechos-humanos-herida-perpetua.html<\/p>\n","protected":false},"excerpt":{"rendered":"<p>La esterilizaci\u00f3n forzada sigue vigente en 38 pa\u00edses a pesar de estar tipificada como un crimen de guerra y de [&hellip;]<\/p>\n","protected":false},"author":1,"featured_media":3613,"comment_status":"open","ping_status":"open","sticky":false,"template":"","format":"standard","meta":{"site-sidebar-layout":"default","site-content-layout":"","ast-site-content-layout":"default","site-content-style":"default","site-sidebar-style":"default","ast-global-header-display":"","ast-banner-title-visibility":"","ast-main-header-display":"","ast-hfb-above-header-display":"","ast-hfb-below-header-display":"","ast-hfb-mobile-header-display":"","site-post-title":"","ast-breadcrumbs-content":"","ast-featured-img":"","footer-sml-layout":"","theme-transparent-header-meta":"","adv-header-id-meta":"","stick-header-meta":"","header-above-stick-meta":"","header-main-stick-meta":"","header-below-stick-meta":"","astra-migrate-meta-layouts":"default","ast-page-background-enabled":"default","ast-page-background-meta":{"desktop":{"background-color":"var(--ast-global-color-4)","background-image":"","background-repeat":"repeat","background-position":"center center","background-size":"auto","background-attachment":"scroll","background-type":"","background-media":"","overlay-type":"","overlay-color":"","overlay-opacity":"","overlay-gradient":""},"tablet":{"background-color":"","background-image":"","background-repeat":"repeat","background-position":"center center","background-size":"auto","background-attachment":"scroll","background-type":"","background-media":"","overlay-type":"","overlay-color":"","overlay-opacity":"","overlay-gradient":""},"mobile":{"background-color":"","background-image":"","background-repeat":"repeat","background-position":"center center","background-size":"auto","background-attachment":"scroll","background-type":"","background-media":"","overlay-type":"","overlay-color":"","overlay-opacity":"","overlay-gradient":""}},"ast-content-background-meta":{"desktop":{"background-color":"var(--ast-global-color-5)","background-image":"","background-repeat":"repeat","background-position":"center center","background-size":"auto","background-attachment":"scroll","background-type":"","background-media":"","overlay-type":"","overlay-color":"","overlay-opacity":"","overlay-gradient":""},"tablet":{"background-color":"var(--ast-global-color-5)","background-image":"","background-repeat":"repeat","background-position":"center center","background-size":"auto","background-attachment":"scroll","background-type":"","background-media":"","overlay-type":"","overlay-color":"","overlay-opacity":"","overlay-gradient":""},"mobile":{"background-color":"var(--ast-global-color-5)","background-image":"","background-repeat":"repeat","background-position":"center center","background-size":"auto","background-attachment":"scroll","background-type":"","background-media":"","overlay-type":"","overlay-color":"","overlay-opacity":"","overlay-gradient":""}},"footnotes":""},"categories":[8],"tags":[],"class_list":["post-3612","post","type-post","status-publish","format-standard","has-post-thumbnail","hentry","category-noticias"],"_links":{"self":[{"href":"https:\/\/losperiodistas.com.mx\/portal\/wp-json\/wp\/v2\/posts\/3612","targetHints":{"allow":["GET"]}}],"collection":[{"href":"https:\/\/losperiodistas.com.mx\/portal\/wp-json\/wp\/v2\/posts"}],"about":[{"href":"https:\/\/losperiodistas.com.mx\/portal\/wp-json\/wp\/v2\/types\/post"}],"author":[{"embeddable":true,"href":"https:\/\/losperiodistas.com.mx\/portal\/wp-json\/wp\/v2\/users\/1"}],"replies":[{"embeddable":true,"href":"https:\/\/losperiodistas.com.mx\/portal\/wp-json\/wp\/v2\/comments?post=3612"}],"version-history":[{"count":1,"href":"https:\/\/losperiodistas.com.mx\/portal\/wp-json\/wp\/v2\/posts\/3612\/revisions"}],"predecessor-version":[{"id":3614,"href":"https:\/\/losperiodistas.com.mx\/portal\/wp-json\/wp\/v2\/posts\/3612\/revisions\/3614"}],"wp:featuredmedia":[{"embeddable":true,"href":"https:\/\/losperiodistas.com.mx\/portal\/wp-json\/wp\/v2\/media\/3613"}],"wp:attachment":[{"href":"https:\/\/losperiodistas.com.mx\/portal\/wp-json\/wp\/v2\/media?parent=3612"}],"wp:term":[{"taxonomy":"category","embeddable":true,"href":"https:\/\/losperiodistas.com.mx\/portal\/wp-json\/wp\/v2\/categories?post=3612"},{"taxonomy":"post_tag","embeddable":true,"href":"https:\/\/losperiodistas.com.mx\/portal\/wp-json\/wp\/v2\/tags?post=3612"}],"curies":[{"name":"wp","href":"https:\/\/api.w.org\/{rel}","templated":true}]}}