{"id":3609,"date":"2021-01-21T04:48:03","date_gmt":"2021-01-21T10:48:03","guid":{"rendered":"http:\/\/losperiodistas.com.mx\/portal\/?p=3609"},"modified":"2021-01-21T04:48:03","modified_gmt":"2021-01-21T10:48:03","slug":"ya-pasa-de-todo-el-desplante-de-melania-trump-tras-llegar-a-florida-que-ha-dado-la-vuelta-al-mundo-ser","status":"publish","type":"post","link":"https:\/\/losperiodistas.com.mx\/portal\/ya-pasa-de-todo-el-desplante-de-melania-trump-tras-llegar-a-florida-que-ha-dado-la-vuelta-al-mundo-ser\/","title":{"rendered":"\u00abYa pasa de todo\u00bb: el desplante de Melania Trump tras llegar a Florida que ha dado la vuelta al mundo | SER"},"content":{"rendered":"\n<p style=\"font-size:18px\"><em>Donald y Melania Trump han llegado a Florida tras abandonar la Casa Blanca<\/em><\/p>\n\n\n\n<p class=\"has-vivid-cyan-blue-color has-text-color has-medium-font-size\">DAVID JUSTO \/ CADENA SER<\/p>\n\n\n\n<p>Hace apenas unas horas,&nbsp;<strong><a href=\"https:\/\/cadenaser.com\/tag\/joseph_biden\/a\/\" rel=\"noreferrer noopener\" target=\"_blank\">Joe Biden<\/a>&nbsp;juraba su cargo como presidente de Estados Unidos frente al Capitolio&nbsp;<a href=\"https:\/\/cadenaser.com\/ser\/2021\/01\/20\/internacional\/1611123079_500228.html\" rel=\"noreferrer noopener\" target=\"_blank\">para convertirse en el 46\u00ba mandatario de la historia del pa\u00eds<\/a>.<\/strong>&nbsp;Todo ello durante una ceremonia marcada por las restricciones sanitarias por la pandemia de la COVID-19 en la que no estuvo el republicano&nbsp;<a href=\"https:\/\/cadenaser.com\/tag\/donald_trump\/a\/\" rel=\"noreferrer noopener\" target=\"_blank\">Donald Trump<\/a>, primer presidente saliente que no asiste a la toma de posesi\u00f3n de su sucesor en los \u00faltimos en 150 a\u00f1os.<\/p>\n\n\n\n<p>M\u00c1S INFORMACI\u00d3N<\/p>\n\n\n\n<ul class=\"wp-block-list\"><li class=\"\"><a href=\"https:\/\/cadenaser.com\/ser\/2021\/01\/20\/internacional\/1611123079_500228.html?int=masinfo\" target=\"_blank\" rel=\"noreferrer noopener\">Donald Trump ya es historia: Joe Biden se convierte en el 46\u00ba presidente de EEUU<\/a><\/li><li class=\"\"><a href=\"https:\/\/cadenaser.com\/ser\/2021\/01\/20\/internacional\/1611140495_560803.html?int=masinfo\" target=\"_blank\" rel=\"noreferrer noopener\">Los 7 principales retos a los que se enfrenta Joe Biden tras la presidencia de Donald Trump<\/a><\/li><li class=\"\"><a href=\"https:\/\/cadenaser.com\/ser\/2021\/01\/20\/internacional\/1611163888_664201.html?int=masinfo\" target=\"_blank\" rel=\"noreferrer noopener\">As\u00ed ha sido el primer discurso de Joe Biden como presidente de EEUU: \u00abLa democracia ha prevalecido\u00bb<\/a><\/li><\/ul>\n\n\n\n<p>A primera hora de la ma\u00f1ana, concretamente a las 8:16 hora local, Donald Trump abandonaba la Casa Blanca en helic\u00f3ptero frente a un reducido grupo de simpatizantes y empleados de su administraci\u00f3n. Varios minutos m\u00e1s tarde, y despu\u00e9s de llegar a la base militar Andrews (Maryland), el que fuera presidente de los Estados Unidos abordaba por \u00faltima vez el Air Force One junto a su esposa Melania y su hijo menor, Barron Trump,&nbsp;<strong>para viajar a Florida: \u00ab\u00a1Tengan una gran vida, nos veremos pronto!\u00bb.<\/strong><\/p>\n\n\n\n<h2 class=\"wp-block-heading\">La nueva vida de Donald Trump<\/h2>\n\n\n\n<p>Despu\u00e9s de cuatro a\u00f1os en la capital estadounidense,\u00a0<strong>Donald Trump se ha trasladado a la mansi\u00f3n que posee en el exclusivo club de golf Mar-a-Lago<\/strong>. A las 11 de la ma\u00f1ana del pasado mi\u00e9rcoles, el que fuera presidente de los Estados Unidos aterrizaba en Florida para comenzar su nueva vida junto a su familia. Sin embargo, el centro de todas las miradas a su llegada a Florida no fue \u00e9l, sino su mujer Melania.<\/p>\n\n\n\n<figure class=\"wp-block-embed-twitter wp-block-embed is-type-rich is-provider-twitter\"><div class=\"wp-block-embed__wrapper\">\n<blockquote class=\"twitter-tweet\" data-width=\"500\" data-dnt=\"true\"><p lang=\"es\" dir=\"ltr\">Melania acaba de aterrizar en Florida y ya pasa de todo.<a href=\"https:\/\/t.co\/JVrmwSZqiQ\">https:\/\/t.co\/JVrmwSZqiQ<\/a><\/p>&mdash; Javier Romualdo (@JavierRomualdo) <a href=\"https:\/\/twitter.com\/JavierRomualdo\/status\/1351954482519826434?ref_src=twsrc%5Etfw\">January 20, 2021<\/a><\/blockquote><script async src=\"https:\/\/platform.twitter.com\/widgets.js\" charset=\"utf-8\"><\/script>\n<\/div><\/figure>\n\n\n\n<p>Nada m\u00e1s bajar del avi\u00f3n<strong>, la exprimera dama se sub\u00eda directamente al coche que les esperaba en aeropuerto<\/strong>&nbsp;y dejaba plantado a su marido frente a los medios de comunicaci\u00f3n. Mientras que Donald Trump saludaba a los periodistas que esperaban su llegada, Melania prefiri\u00f3 pasar de largo y subirse directamente al coche. Un gesto que ha llamado la atenci\u00f3n de las redes sociales, donde aseguran que ya le da todo igual: \u00abMelania ya pasa de todo\u00bb.<\/p>\n\n\n\n<h2 class=\"wp-block-heading\">Otros desplantes de Donald y Melania Trump y el hashtag #FreeMelania<\/h2>\n\n\n\n<p>Durante estos \u00faltimos cuatro a\u00f1os al frente de Estados Unidos, Donald y Melania Trump\u00a0<strong>han protagonizado una serie de desplantes que no han pasado desapercibidos<\/strong>. Desde el primero de ellos, que se produjo durante el mismo d\u00eda de su investidura, hasta otros tan sonados como los que se produjeron durante su reuni\u00f3n con los Obama o en los distintos viajes por el mundo. Para el recuerdo quedan algunos como los que tuvieron lugar en Israel o Roma, donde Melania pareci\u00f3 negarle la mano a su marido nada m\u00e1s viajar del avi\u00f3n.\u00a0<\/p>\n\n\n\n<figure class=\"wp-block-embed-youtube wp-block-embed is-type-video is-provider-youtube wp-embed-aspect-16-9 wp-has-aspect-ratio\"><div class=\"wp-block-embed__wrapper\">\n<iframe title=\"Trump Arrives in Palm Beach, Florida as His Presidency Ends\" width=\"500\" height=\"281\" src=\"https:\/\/www.youtube.com\/embed\/8_kL8Gc71dM?feature=oembed\" frameborder=\"0\" allow=\"accelerometer; autoplay; clipboard-write; encrypted-media; gyroscope; picture-in-picture; web-share\" referrerpolicy=\"strict-origin-when-cross-origin\" allowfullscreen><\/iframe>\n<\/div><\/figure>\n\n\n\n<p>Una serie de desplantes que\u00a0<strong>llevaron a la comunidad de Twitter a crear el hashtag #FreeMelania<\/strong>, quienes denunciaron la tristeza mostrada por la que fuera primera dama durante sus cuatro a\u00f1os en la capital. Sin embargo, ahora empieza una nueva vida para ella. As\u00ed lo demostraba nada m\u00e1s aterrizar en Florida, donde prefer\u00eda pasar de la prensa y subirse al coche lo antes posible.<\/p>\n\n\n\n<p>Fuente: https:\/\/cadenaser.com\/ser\/2021\/01\/21\/internacional\/1611208858_041425.html<\/p>\n","protected":false},"excerpt":{"rendered":"<p>Donald y Melania Trump han llegado a Florida tras abandonar la Casa Blanca DAVID JUSTO \/ CADENA SER Hace apenas [&hellip;]<\/p>\n","protected":false},"author":1,"featured_media":3610,"comment_status":"open","ping_status":"open","sticky":false,"template":"","format":"standard","meta":{"site-sidebar-layout":"default","site-content-layout":"","ast-site-content-layout":"default","site-content-style":"default","site-sidebar-style":"default","ast-global-header-display":"","ast-banner-title-visibility":"","ast-main-header-display":"","ast-hfb-above-header-display":"","ast-hfb-below-header-display":"","ast-hfb-mobile-header-display":"","site-post-title":"","ast-breadcrumbs-content":"","ast-featured-img":"","footer-sml-layout":"","theme-transparent-header-meta":"","adv-header-id-meta":"","stick-header-meta":"","header-above-stick-meta":"","header-main-stick-meta":"","header-below-stick-meta":"","astra-migrate-meta-layouts":"default","ast-page-background-enabled":"default","ast-page-background-meta":{"desktop":{"background-color":"var(--ast-global-color-4)","background-image":"","background-repeat":"repeat","background-position":"center center","background-size":"auto","background-attachment":"scroll","background-type":"","background-media":"","overlay-type":"","overlay-color":"","overlay-opacity":"","overlay-gradient":""},"tablet":{"background-color":"","background-image":"","background-repeat":"repeat","background-position":"center center","background-size":"auto","background-attachment":"scroll","background-type":"","background-media":"","overlay-type":"","overlay-color":"","overlay-opacity":"","overlay-gradient":""},"mobile":{"background-color":"","background-image":"","background-repeat":"repeat","background-position":"center center","background-size":"auto","background-attachment":"scroll","background-type":"","background-media":"","overlay-type":"","overlay-color":"","overlay-opacity":"","overlay-gradient":""}},"ast-content-background-meta":{"desktop":{"background-color":"var(--ast-global-color-5)","background-image":"","background-repeat":"repeat","background-position":"center center","background-size":"auto","background-attachment":"scroll","background-type":"","background-media":"","overlay-type":"","overlay-color":"","overlay-opacity":"","overlay-gradient":""},"tablet":{"background-color":"var(--ast-global-color-5)","background-image":"","background-repeat":"repeat","background-position":"center center","background-size":"auto","background-attachment":"scroll","background-type":"","background-media":"","overlay-type":"","overlay-color":"","overlay-opacity":"","overlay-gradient":""},"mobile":{"background-color":"var(--ast-global-color-5)","background-image":"","background-repeat":"repeat","background-position":"center center","background-size":"auto","background-attachment":"scroll","background-type":"","background-media":"","overlay-type":"","overlay-color":"","overlay-opacity":"","overlay-gradient":""}},"footnotes":""},"categories":[8],"tags":[],"class_list":["post-3609","post","type-post","status-publish","format-standard","has-post-thumbnail","hentry","category-noticias"],"_links":{"self":[{"href":"https:\/\/losperiodistas.com.mx\/portal\/wp-json\/wp\/v2\/posts\/3609","targetHints":{"allow":["GET"]}}],"collection":[{"href":"https:\/\/losperiodistas.com.mx\/portal\/wp-json\/wp\/v2\/posts"}],"about":[{"href":"https:\/\/losperiodistas.com.mx\/portal\/wp-json\/wp\/v2\/types\/post"}],"author":[{"embeddable":true,"href":"https:\/\/losperiodistas.com.mx\/portal\/wp-json\/wp\/v2\/users\/1"}],"replies":[{"embeddable":true,"href":"https:\/\/losperiodistas.com.mx\/portal\/wp-json\/wp\/v2\/comments?post=3609"}],"version-history":[{"count":1,"href":"https:\/\/losperiodistas.com.mx\/portal\/wp-json\/wp\/v2\/posts\/3609\/revisions"}],"predecessor-version":[{"id":3611,"href":"https:\/\/losperiodistas.com.mx\/portal\/wp-json\/wp\/v2\/posts\/3609\/revisions\/3611"}],"wp:featuredmedia":[{"embeddable":true,"href":"https:\/\/losperiodistas.com.mx\/portal\/wp-json\/wp\/v2\/media\/3610"}],"wp:attachment":[{"href":"https:\/\/losperiodistas.com.mx\/portal\/wp-json\/wp\/v2\/media?parent=3609"}],"wp:term":[{"taxonomy":"category","embeddable":true,"href":"https:\/\/losperiodistas.com.mx\/portal\/wp-json\/wp\/v2\/categories?post=3609"},{"taxonomy":"post_tag","embeddable":true,"href":"https:\/\/losperiodistas.com.mx\/portal\/wp-json\/wp\/v2\/tags?post=3609"}],"curies":[{"name":"wp","href":"https:\/\/api.w.org\/{rel}","templated":true}]}}