{"id":3594,"date":"2021-01-21T03:36:49","date_gmt":"2021-01-21T09:36:49","guid":{"rendered":"http:\/\/losperiodistas.com.mx\/portal\/?p=3594"},"modified":"2021-01-21T03:37:17","modified_gmt":"2021-01-21T09:37:17","slug":"hay-escasez-de-vacunas-en-todo-el-mundo-eu-suspende-campana-la-ue-y-canada-presionan-a-pfizer-sinembargo","status":"publish","type":"post","link":"https:\/\/losperiodistas.com.mx\/portal\/hay-escasez-de-vacunas-en-todo-el-mundo-eu-suspende-campana-la-ue-y-canada-presionan-a-pfizer-sinembargo\/","title":{"rendered":"Hay escasez de vacunas en todo el mundo. EU suspende campa\u00f1a; la UE y Canad\u00e1 presionan a Pfizer | SinEmbargo"},"content":{"rendered":"\n<p style=\"font-size:18px\"><em>Pfizer confirm\u00f3 la semana pasada que reducir\u00e1 temporalmente sus env\u00edos a Europa y Canad\u00e1 a fin de aumentar la capacidad de producci\u00f3n en su f\u00e1brica en B\u00e9lgica a dos mil millones de dosis.<\/em><\/p>\n\n\n\n<p class=\"has-vivid-cyan-blue-color has-text-color has-medium-font-size\">AP \/ SINEMBARGO<\/p>\n\n\n\n<p><strong>Los periodistas Rob Gillies en Toronto, Nicole Winfield en Roma, Sam Petrequin en Bruselas, Karel Janicek en Praga y Frank Jordans en Berl\u00edn contribuyeron a este despacho.<\/strong><\/p>\n\n\n\n<p>BRUSELAS, 20 de enero (AP) \u2014 La&nbsp;<strong>reducci\u00f3n<\/strong>&nbsp;en los&nbsp;<strong>suministros de la vacuna de Pfizer<\/strong>&nbsp;contra el&nbsp;<strong>COVID-19<\/strong>&nbsp;ha generado frustraci\u00f3n desde Europa hasta Am\u00e9rica del Norte.<\/p>\n\n\n\n<p>Los gobiernos dicen que la demora les est\u00e1 costando un tiempo fundamental durante las primeras etapas del despliegue de las vacunas a los asilos de ancianos y al personal hospitalario.<\/p>\n\n\n\n<blockquote class=\"wp-block-quote is-layout-flow wp-block-quote-is-layout-flow\"><p>Italia ha amenazado con tomar medidas jur\u00eddicas. El gobierno de la provincia canadiense de Ontario dijo que el director general de Pfizer deber\u00eda ser perseguido \u201ccon un buscapi\u00e9s\u201d. Y la Uni\u00f3n Europea se\u00f1al\u00f3 que \u201clos contratos son para cumplirse\u201d.<\/p><\/blockquote>\n\n\n\n<p><img fetchpriority=\"high\" decoding=\"async\" src=\"https:\/\/i0.wp.com\/sinembargo.mx\/wp-content\/uploads\/2021\/01\/ap21020755621200.jpg\" alt=\"VACUNA-FRANCIA-COVID\" width=\"700\" height=\"475\" srcset=\"https:\/\/i0.wp.com\/sinembargo.mx\/wp-content\/uploads\/2021\/01\/ap21020755621200.jpg 700w, https:\/\/i0.wp.com\/sinembargo.mx\/wp-content\/uploads\/2021\/01\/ap21020755621200-300x204.jpg 300w\"><\/p>\n\n\n\n<p>Una dosis de la vacuna contra el coronavirus desarrollada por Pfizer y su socio alem\u00e1n BioNTech en un centro de vacunaci\u00f3n de Tourcoing, en el norte de Francia, el martes 19 de enero de 2021. Foto: Michel Spingler, AP.<\/p>\n\n\n\n<p>Muchas naciones est\u00e1n bajo presi\u00f3n por lo que es visto como un lento comienzo de las campa\u00f1as de vacunaci\u00f3n en comparaci\u00f3n con pa\u00edses como Israel y Gran Breta\u00f1a. Pfizer agrav\u00f3 el problema el viernes pasado cuando anunci\u00f3 una reducci\u00f3n temporal en las entregas para poder aumentar la producci\u00f3n en su planta de Puurs, B\u00e9lgica, que suministra todas las dosis enviadas fuera de Estados Unidos.<\/p>\n\n\n\n<p>La demora, que la farmac\u00e9utica dijo podr\u00eda durar unas semanas, no s\u00f3lo afecta el n\u00famero de personas que pueden ser inoculadas durante ese periodo, sino que tambi\u00e9n altera los planes que los gobiernos elaboraron para que los ancianos y cuidadores recibieran las dos dosis necesarias dentro de un estricto periodo de varias semanas.<\/p>\n\n\n\n<blockquote class=\"wp-block-quote is-layout-flow wp-block-quote-is-layout-flow\"><p>\u201cRepresenta enormes problemas para nosotros\u201d, dijo el Primer Ministro checo Andrej Babis.<\/p><p>\u201cTodos nos sorprendimos por el anuncio de Pfizer-BioNTech sobre tener una demora\u201d, manifest\u00f3 la presidenta de la Comisi\u00f3n Europea, Ursula von der Leyen.<\/p><\/blockquote>\n\n\n\n<p>La UE ahora prev\u00e9 que Pfizer entregue al bloque el 92% de lo que se esperaba para esta semana y la pr\u00f3xima. El 8% restante ser\u00eda recuperado durante la semana del 15 de febrero.<\/p>\n\n\n\n<p>Von der Leyen dijo que el desaf\u00edo inmediato ser\u00eda garantizar que haya suficientes dosis para que la gente que ya recibi\u00f3 su primera inyecci\u00f3n de la vacuna de Pfizer reciba la segunda dentro del periodo recomendado.<\/p>\n\n\n\n<blockquote class=\"wp-block-quote is-layout-flow wp-block-quote-is-layout-flow\"><p>\u201cEs de suma importancia que obtengamos las dosis estipuladas en el contrato\u201d que la Comisi\u00f3n Europea negoci\u00f3, a\u00f1adi\u00f3. En total, la UE deb\u00eda obtener hasta 600 millones de dosis de Pfizer.<\/p><\/blockquote>\n\n\n\n<p>Mientras tanto, el mayor general Dany Fortin, quien dirige la log\u00edstica del despliegue y distribuci\u00f3n de las vacunas en Canad\u00e1, dijo que Pfizer aplaz\u00f3 por completo las entregas previstas para la pr\u00f3xima semana y que habr\u00e1 una disminuci\u00f3n significativa en los suministros de las vacunas en las siguientes tres semanas.<img decoding=\"async\" src=\"https:\/\/i0.wp.com\/sinembargo.mx\/wp-content\/uploads\/2021\/01\/ap21014075221988.jpg\" alt=\"\"><\/p>\n\n\n\n<h4 class=\"wp-block-heading\"><a href=\"https:\/\/www.sinembargo.mx\/14-01-2021\/3924317\">VER M\u00c1S<\/a><\/h4>\n\n\n\n<h5 class=\"wp-block-heading\"><a href=\"https:\/\/www.sinembargo.mx\/14-01-2021\/3924317\" target=\"_blank\" rel=\"noreferrer noopener\">La falsa vacuna de Pfizer ya lleg\u00f3 a CdMx, Edomex, Quintana Roo y BC, advierte grupo de seguridad<\/a><\/h5>\n\n\n\n<p>&nbsp;El Primer Ministro de Ontario Doug Ford dijo que la escasez es m\u00e1s que un molesto inconveniente log\u00edstico.<\/p>\n\n\n\n<p>\u201cSimplemente estoy molesto por la situaci\u00f3n, de que otros pa\u00edses la est\u00e9n recibiendo\u201d, coment\u00f3 Ford. Se\u00f1al\u00f3 que si \u00e9l fuera el primer ministro canadiense Justin Trudeau, llamar\u00eda al director general de Pfizer, Albert Bourla, todos los d\u00edas y lo perseguir\u00eda \u201ccon un buscapi\u00e9s\u201d.<\/p>\n\n\n\n<p>\u201cNo me detendr\u00eda hasta obtener estas vacunas\u201d, sentenci\u00f3.<\/p>\n\n\n\n<p>Pfizer coment\u00f3 a&nbsp;<em>The Associated Press<\/em>&nbsp;el mi\u00e9rcoles que cualquier retraso en estos momentos resultar\u00e1 en un enorme salto hacia adelante en los pr\u00f3ximos meses. La compa\u00f1\u00eda originalmente esperaba producir 1.300 millones de dosis de la vacuna este a\u00f1o.<\/p>\n\n\n\n<blockquote class=\"wp-block-quote is-layout-flow wp-block-quote-is-layout-flow\"><p>\u201cAhora creemos que podemos potencialmente suministrar aproximadamente 2 mil millones de dosis para finales de 2021\u201d, se\u00f1al\u00f3 la compa\u00f1\u00eda en un comunicado.<\/p><\/blockquote>\n\n\n\n<p><img decoding=\"async\" src=\"https:\/\/i0.wp.com\/sinembargo.mx\/wp-content\/uploads\/2020\/12\/pfizer-y-biontech-produciran-mas-vacunas-para-eu.jpg\" alt=\"\"><\/p>\n\n\n\n<h4 class=\"wp-block-heading\"><a href=\"https:\/\/www.sinembargo.mx\/23-12-2020\/3914129\">VER M\u00c1S<\/a><\/h4>\n\n\n\n<h5 class=\"wp-block-heading\"><a href=\"https:\/\/www.sinembargo.mx\/23-12-2020\/3914129\" target=\"_blank\" rel=\"noreferrer noopener\">Pfizer y BioNTech entregar\u00e1n otras 100 millones de vacunas a EU; podr\u00edan enviarlas para el 31 de julio<\/a><\/h5>\n\n\n\n<p><strong>CANCELAN VACUNACI\u00d3N EN EU<\/strong><\/p>\n\n\n\n<p>La campa\u00f1a de vacunaci\u00f3n contra el nuevo coronavirus en Estados Unidos est\u00e1 enfrentando un nuevo obst\u00e1culo: Varios estados han informado que las vacunas se les est\u00e1n terminando, y por ello cancelaron las citas de decenas de miles de personas.<\/p>\n\n\n\n<blockquote class=\"wp-block-quote is-layout-flow wp-block-quote-is-layout-flow\"><p>Karen Stachowiak, una maestra de primer grado del \u00e1rea metropolitana de Buffalo, tard\u00f3 casi cinco horas llamando a un n\u00famero telef\u00f3nico especial y entrando en una p\u00e1gina web para conseguir una cita para el mi\u00e9rcoles, pero se la cancelaron. El Departamento de Salud del condado Erie dijo que cancel\u00f3 la vacunaci\u00f3n de poco m\u00e1s de 8 mil personas en los \u00faltimos d\u00edas debido a un suministro inadecuado.<\/p><\/blockquote>\n\n\n\n<p>\u201cEs estresante porque estuve muy cerca. Y mis otros amigos maestros lograron sus citas para el s\u00e1bado pasado\u201d, afirm\u00f3 Stachowiak. \u201cMuchas personas est\u00e1n consiguiendo sus vacunas y despu\u00e9s sucede que \u2019no, tengo que esperar\u2019\u201d.<\/p>\n\n\n\n<p>Se desconocen los motivos de la aparente discordancia entre la oferta y la demanda en Estados Unidos, pero la semana pasada el Departamento de Salud y Servicios Humanos (HHS) dej\u00f3 entrever que los estados ten\u00edan expectativas poco realistas sobre los vol\u00famenes de vacunas enviadas.<img decoding=\"async\" src=\"https:\/\/i0.wp.com\/sinembargo.mx\/wp-content\/uploads\/2020\/12\/vacuna-moderna-1.jpg\" alt=\"\"><\/p>\n\n\n\n<h4 class=\"wp-block-heading\"><a href=\"https:\/\/www.sinembargo.mx\/31-12-2020\/3917924\">VER M\u00c1S<\/a><\/h4>\n\n\n\n<h5 class=\"wp-block-heading\"><a href=\"https:\/\/www.sinembargo.mx\/31-12-2020\/3917924\" target=\"_blank\" rel=\"noreferrer noopener\">Farmac\u00e9utico es arrestado por arruinar vacunas contra COVID al sacarlas de refrigeraci\u00f3n, en EU<\/a><\/h5>\n\n\n\n<p>En todo caso, los nuevos embarques salen cada semana, y tanto el gobierno como los fabricantes farmac\u00e9uticos han dicho que hay grandes cantidades en camino.<\/p>\n\n\n\n<blockquote class=\"wp-block-quote is-layout-flow wp-block-quote-is-layout-flow\"><p>La escasez se presenta en momentos en que los estados han intensificado sus campa\u00f1as de vacunaci\u00f3n, por orden del gobierno federal, para incluir a personas de 65 a\u00f1os o m\u00e1s, junto con otros grupos considerados esenciales o de alto riesgo, como maestros y polic\u00edas. M\u00e1s de 400 mil muertes en Estados Unidos se atribuyen al virus.<\/p><\/blockquote>\n\n\n\n<p>El presidente Joe Biden, que asumi\u00f3 el cargo el mi\u00e9rcoles, enfrent\u00f3 de inmediato la presi\u00f3n para arreglar las cosas. Ha dejado claro que su gobierno adoptar\u00e1 una postura m\u00e1s firme para acelerar la vacunaci\u00f3n y se comprometi\u00f3 a administrar 100 millones de dosis en sus primeros 100 d\u00edas.<\/p>\n\n\n\n<blockquote class=\"wp-block-quote is-layout-flow wp-block-quote-is-layout-flow\"><p>Menos de la mitad de los 36 millones de dosis distribuidas a los estados por el gobierno federal ya fueron aplicadas a la fecha, seg\u00fan los Centros para el Control y la Prevenci\u00f3n de Enfermedades (CDC por sus siglas en ingl\u00e9s). Las autoridades de salud p\u00fablica han dicho que el faltante podr\u00eda reflejar retrasos en la gesti\u00f3n de registros, as\u00ed como desorden y otras deficiencias a varios niveles de gobierno.<\/p><\/blockquote>\n\n\n\n<p><img decoding=\"async\" src=\"https:\/\/i0.wp.com\/sinembargo.mx\/wp-content\/uploads\/2020\/12\/befunky-collage-1-46.jpg\" alt=\"\"><\/p>\n\n\n\n<h4 class=\"wp-block-heading\"><a href=\"https:\/\/www.sinembargo.mx\/16-12-2020\/3910693\">VER M\u00c1S<\/a><\/h4>\n\n\n\n<h5 class=\"wp-block-heading\"><a href=\"https:\/\/www.sinembargo.mx\/16-12-2020\/3910693\" target=\"_blank\" rel=\"noreferrer noopener\">Muchos no ver\u00e1n las vacunas en 2021. Y otros tendr\u00e1n de sobra. La pandemia exhibir\u00e1 la desigualdad<\/a><\/h5>\n\n\n\n<p>En un comunicado, el HHS dijo que esas jurisdicciones recibieron 5 por ciento m\u00e1s vacunas esta semana respecto de las que se entregaron hace un par de semanas.<\/p>\n\n\n\n<p>Algunos estados han se\u00f1alado que podr\u00edan quedarse sin vacunas para el jueves, y no est\u00e1 claro cu\u00e1ndo llegar\u00e1n las nuevas dosis.<\/p>\n\n\n\n<p>El Alcalde de Nueva York, Bill de Blasio, dijo el mi\u00e9rcoles que la ciudad tuvo que cancelar 23 mil citas para personas que esperaban su primera dosis esta semana. El Departamento de Polic\u00eda de Nueva York suspendi\u00f3 las primera dosis de vacunaci\u00f3n para sus oficiales.<\/p>\n\n\n\n<p>Fuente: https:\/\/www.sinembargo.mx\/20-01-2021\/3927415<\/p>\n","protected":false},"excerpt":{"rendered":"<p>Pfizer confirm\u00f3 la semana pasada que reducir\u00e1 temporalmente sus env\u00edos a Europa y Canad\u00e1 a fin de aumentar la capacidad [&hellip;]<\/p>\n","protected":false},"author":1,"featured_media":3595,"comment_status":"open","ping_status":"open","sticky":false,"template":"","format":"standard","meta":{"site-sidebar-layout":"default","site-content-layout":"","ast-site-content-layout":"default","site-content-style":"default","site-sidebar-style":"default","ast-global-header-display":"","ast-banner-title-visibility":"","ast-main-header-display":"","ast-hfb-above-header-display":"","ast-hfb-below-header-display":"","ast-hfb-mobile-header-display":"","site-post-title":"","ast-breadcrumbs-content":"","ast-featured-img":"","footer-sml-layout":"","theme-transparent-header-meta":"","adv-header-id-meta":"","stick-header-meta":"","header-above-stick-meta":"","header-main-stick-meta":"","header-below-stick-meta":"","astra-migrate-meta-layouts":"default","ast-page-background-enabled":"default","ast-page-background-meta":{"desktop":{"background-color":"var(--ast-global-color-4)","background-image":"","background-repeat":"repeat","background-position":"center center","background-size":"auto","background-attachment":"scroll","background-type":"","background-media":"","overlay-type":"","overlay-color":"","overlay-opacity":"","overlay-gradient":""},"tablet":{"background-color":"","background-image":"","background-repeat":"repeat","background-position":"center center","background-size":"auto","background-attachment":"scroll","background-type":"","background-media":"","overlay-type":"","overlay-color":"","overlay-opacity":"","overlay-gradient":""},"mobile":{"background-color":"","background-image":"","background-repeat":"repeat","background-position":"center center","background-size":"auto","background-attachment":"scroll","background-type":"","background-media":"","overlay-type":"","overlay-color":"","overlay-opacity":"","overlay-gradient":""}},"ast-content-background-meta":{"desktop":{"background-color":"var(--ast-global-color-5)","background-image":"","background-repeat":"repeat","background-position":"center center","background-size":"auto","background-attachment":"scroll","background-type":"","background-media":"","overlay-type":"","overlay-color":"","overlay-opacity":"","overlay-gradient":""},"tablet":{"background-color":"var(--ast-global-color-5)","background-image":"","background-repeat":"repeat","background-position":"center center","background-size":"auto","background-attachment":"scroll","background-type":"","background-media":"","overlay-type":"","overlay-color":"","overlay-opacity":"","overlay-gradient":""},"mobile":{"background-color":"var(--ast-global-color-5)","background-image":"","background-repeat":"repeat","background-position":"center center","background-size":"auto","background-attachment":"scroll","background-type":"","background-media":"","overlay-type":"","overlay-color":"","overlay-opacity":"","overlay-gradient":""}},"footnotes":""},"categories":[8],"tags":[],"class_list":["post-3594","post","type-post","status-publish","format-standard","has-post-thumbnail","hentry","category-noticias"],"_links":{"self":[{"href":"https:\/\/losperiodistas.com.mx\/portal\/wp-json\/wp\/v2\/posts\/3594","targetHints":{"allow":["GET"]}}],"collection":[{"href":"https:\/\/losperiodistas.com.mx\/portal\/wp-json\/wp\/v2\/posts"}],"about":[{"href":"https:\/\/losperiodistas.com.mx\/portal\/wp-json\/wp\/v2\/types\/post"}],"author":[{"embeddable":true,"href":"https:\/\/losperiodistas.com.mx\/portal\/wp-json\/wp\/v2\/users\/1"}],"replies":[{"embeddable":true,"href":"https:\/\/losperiodistas.com.mx\/portal\/wp-json\/wp\/v2\/comments?post=3594"}],"version-history":[{"count":2,"href":"https:\/\/losperiodistas.com.mx\/portal\/wp-json\/wp\/v2\/posts\/3594\/revisions"}],"predecessor-version":[{"id":3597,"href":"https:\/\/losperiodistas.com.mx\/portal\/wp-json\/wp\/v2\/posts\/3594\/revisions\/3597"}],"wp:featuredmedia":[{"embeddable":true,"href":"https:\/\/losperiodistas.com.mx\/portal\/wp-json\/wp\/v2\/media\/3595"}],"wp:attachment":[{"href":"https:\/\/losperiodistas.com.mx\/portal\/wp-json\/wp\/v2\/media?parent=3594"}],"wp:term":[{"taxonomy":"category","embeddable":true,"href":"https:\/\/losperiodistas.com.mx\/portal\/wp-json\/wp\/v2\/categories?post=3594"},{"taxonomy":"post_tag","embeddable":true,"href":"https:\/\/losperiodistas.com.mx\/portal\/wp-json\/wp\/v2\/tags?post=3594"}],"curies":[{"name":"wp","href":"https:\/\/api.w.org\/{rel}","templated":true}]}}