{"id":35874,"date":"2022-09-02T09:32:47","date_gmt":"2022-09-02T14:32:47","guid":{"rendered":"http:\/\/losperiodistas.com.mx\/portal\/?p=35874"},"modified":"2022-09-02T09:42:05","modified_gmt":"2022-09-02T14:42:05","slug":"eduardo-rivera-perez-inaugura-centro-de-capacitacion-y-desarrollo-en-habilidades-digitales-para-adultos-mayores","status":"publish","type":"post","link":"https:\/\/losperiodistas.com.mx\/portal\/eduardo-rivera-perez-inaugura-centro-de-capacitacion-y-desarrollo-en-habilidades-digitales-para-adultos-mayores\/","title":{"rendered":"Eduardo Rivera P\u00e9rez inaugura Centro de Capacitaci\u00f3n y Desarrollo en Habilidades Digitales para adultos mayores"},"content":{"rendered":"\n<ul class=\"has-medium-font-size wp-block-list\"><li>Con esta nueva aula de medios, que cuenta con 16 equipos de c\u00f3mputo y una plataforma de formaci\u00f3n del TecMilenio, se busca capacitar anualmente a 200 personas.<\/li><\/ul>\n\n\n\n<div class=\"wp-block-image is-style-default\"><figure class=\"alignleft size-large is-resized\"><img fetchpriority=\"high\" decoding=\"async\" src=\"https:\/\/losperiodistas.com.mx\/portal\/wp-content\/uploads\/2022\/09\/WhatsApp-Image-2022-09-02-at-9.25.51-AM-1024x682.jpeg\" alt=\"\" class=\"wp-image-35875\" width=\"603\" height=\"401\" srcset=\"https:\/\/losperiodistas.com.mx\/portal\/wp-content\/uploads\/2022\/09\/WhatsApp-Image-2022-09-02-at-9.25.51-AM-1024x682.jpeg 1024w, https:\/\/losperiodistas.com.mx\/portal\/wp-content\/uploads\/2022\/09\/WhatsApp-Image-2022-09-02-at-9.25.51-AM-300x200.jpeg 300w, https:\/\/losperiodistas.com.mx\/portal\/wp-content\/uploads\/2022\/09\/WhatsApp-Image-2022-09-02-at-9.25.51-AM-768x512.jpeg 768w, https:\/\/losperiodistas.com.mx\/portal\/wp-content\/uploads\/2022\/09\/WhatsApp-Image-2022-09-02-at-9.25.51-AM.jpeg 1280w\" sizes=\"(max-width: 603px) 100vw, 603px\" \/><figcaption>Ayuntamiento Puebla<\/figcaption><\/figure><\/div>\n\n\n\n<p class=\"has-vivid-cyan-blue-color has-text-color has-medium-font-size\">REDACCI\u00d3N<\/p>\n\n\n\n<p>Para cerrar con broche de oro las celebraciones del Mes del Adulto Mayor, en la Unidad M\u00e9dica Integral (UMI) del Sistema Municipal DIF (SMDIF) se inaugur\u00f3 el Centro de Capacitaci\u00f3n y Desarrollo para que el sector de la tercera edad en Puebla capital pueda acercarse a herramientas inform\u00e1ticas y desarrollar habilidades digitales.<\/p>\n\n\n\n<p>Fueron Eduardo Rivera P\u00e9rez, Presidente Municipal, y Liliana Ortiz P\u00e9rez, Presidenta Honoraria del SMDIF, quienes impulsaron la creaci\u00f3n de esta aula de medios especializada, la cual, gracias a la donaci\u00f3n en especie de Grupo OXXO ahora cuenta con 16 equipos de c\u00f3mputo, mobiliario, servicio de internet, instalaciones el\u00e9ctricas y dem\u00e1s requerimientos para capacitar y certificar a los m\u00e1s grandes de la ciudad en el uso de redes y programas, a trav\u00e9s de la plataforma del TecMilenio.<\/p>\n\n\n\n<p>\u00abInvitamos a que se acerquen a este Centro para que aprovechen esta oportunidad\u00bb, exhort\u00f3 el edil, luego de precisar que esta apertura de espacios es una muestra del amor, reconocimiento y cuidado que el Gobierno Municipal le extiende al sector adulto mayor, por eso tambi\u00e9n se realizaron a lo largo del mes de agosto actividades especiales como la Jornada de Servicios Integrales, con el apoyo de Cinco Radio; el Diagn\u00f3stico de Salud Integral, en colaboraci\u00f3n con la Benem\u00e9rita Universidad Aut\u00f3noma de Puebla; la Feria del Empleo, en coordinaci\u00f3n con el Consejo Coordinador Empresarial.<\/p>\n\n\n\n<p>Es as\u00ed como el SMDIF se ha convertido en casa y familia de las personas de 60 a\u00f1os y m\u00e1s, pues tan s\u00f3lo en el Mes del Adulto Mayor se beneficiaron a mil 400 personas y, ahora con esta sala digital se les brinda una nueva oportunidad de actualizarse, competir por una oportunidad de trabajo, convivir a distancia con sus familiares y demostrar que nunca es tarde para aprender, refiri\u00f3 Liliana Ortiz, pues el compromiso del Ayuntamiento es capacitar a 200 personas anualmente.<\/p>\n\n\n\n<p>La inauguraci\u00f3n de este Centro de Capacitaci\u00f3n y Desarrollo de Adultos Mayores es muestra de que cuando la Sociedad y el Gobierno se unen, se logran grandes cosas, por eso Gilberto Meza Guti\u00e9rrez, Gerente de Oxxo Plaza Angel\u00f3polis, celebr\u00f3 se procure verdaderamente la inclusi\u00f3n del sector de la tercera edad, coincidiendo con Luis Franco Mart\u00ednez, Regidor Presidente de la Comisi\u00f3n de Bienestar, en que estas acciones son actos de justicia social y de reconocimiento a su humanidad.<\/p>\n\n\n\n<p>Para la poblaci\u00f3n que est\u00e9 interesada en inscribirse a las capacitaciones de computaci\u00f3n o bien, conocer los talleres y actividades que el Sistema Municipal DIF les ofrece como: panader\u00eda, corte y confecci\u00f3n, danza, activaci\u00f3n f\u00edsica, yoga, reparaci\u00f3n de electrodom\u00e9sticos, empacadores voluntarios, entre otros, pueden comunicarse al n\u00famero 22 22 14 00 00, extensi\u00f3n 240 y 241 de lunes a viernes en un horario de 9:00 a 17:00 horas, o bien acudir al Departamento de Adultos Mayores ubicado en Avenida Cue Merlo #201, colonia San Baltazar Campeche.<\/p>\n\n\n\n<p>Tambi\u00e9n acompa\u00f1aron la inauguraci\u00f3n del Centro de Capacitaci\u00f3n y Desarrollo para Adultos Mayores, Carolina Morales Garc\u00eda, Directora del Sistema Municipal DIF; Blanca Armida Mart\u00ednez Medina, Gerente de Oxxo Puebla &#8211; Tlaxcala; Juan Manuel Col\u00edn Garc\u00eda, Presidente Auxiliar de San Baltazar Campeche; y Graciela Hern\u00e1ndez Soto, Presidenta del Sub Sistema Municipal DIF de esta Demarcaci\u00f3n.<\/p>\n","protected":false},"excerpt":{"rendered":"<p>Con esta nueva aula de medios, que cuenta con 16 equipos de c\u00f3mputo y una plataforma de formaci\u00f3n del TecMilenio, [&hellip;]<\/p>\n","protected":false},"author":1,"featured_media":35875,"comment_status":"open","ping_status":"open","sticky":false,"template":"","format":"standard","meta":{"site-sidebar-layout":"default","site-content-layout":"","ast-site-content-layout":"default","site-content-style":"default","site-sidebar-style":"default","ast-global-header-display":"","ast-banner-title-visibility":"","ast-main-header-display":"","ast-hfb-above-header-display":"","ast-hfb-below-header-display":"","ast-hfb-mobile-header-display":"","site-post-title":"","ast-breadcrumbs-content":"","ast-featured-img":"","footer-sml-layout":"","theme-transparent-header-meta":"","adv-header-id-meta":"","stick-header-meta":"","header-above-stick-meta":"","header-main-stick-meta":"","header-below-stick-meta":"","astra-migrate-meta-layouts":"default","ast-page-background-enabled":"default","ast-page-background-meta":{"desktop":{"background-color":"var(--ast-global-color-4)","background-image":"","background-repeat":"repeat","background-position":"center center","background-size":"auto","background-attachment":"scroll","background-type":"","background-media":"","overlay-type":"","overlay-color":"","overlay-opacity":"","overlay-gradient":""},"tablet":{"background-color":"","background-image":"","background-repeat":"repeat","background-position":"center center","background-size":"auto","background-attachment":"scroll","background-type":"","background-media":"","overlay-type":"","overlay-color":"","overlay-opacity":"","overlay-gradient":""},"mobile":{"background-color":"","background-image":"","background-repeat":"repeat","background-position":"center center","background-size":"auto","background-attachment":"scroll","background-type":"","background-media":"","overlay-type":"","overlay-color":"","overlay-opacity":"","overlay-gradient":""}},"ast-content-background-meta":{"desktop":{"background-color":"var(--ast-global-color-5)","background-image":"","background-repeat":"repeat","background-position":"center center","background-size":"auto","background-attachment":"scroll","background-type":"","background-media":"","overlay-type":"","overlay-color":"","overlay-opacity":"","overlay-gradient":""},"tablet":{"background-color":"var(--ast-global-color-5)","background-image":"","background-repeat":"repeat","background-position":"center center","background-size":"auto","background-attachment":"scroll","background-type":"","background-media":"","overlay-type":"","overlay-color":"","overlay-opacity":"","overlay-gradient":""},"mobile":{"background-color":"var(--ast-global-color-5)","background-image":"","background-repeat":"repeat","background-position":"center center","background-size":"auto","background-attachment":"scroll","background-type":"","background-media":"","overlay-type":"","overlay-color":"","overlay-opacity":"","overlay-gradient":""}},"footnotes":""},"categories":[8],"tags":[7279,1082,11276],"class_list":["post-35874","post","type-post","status-publish","format-standard","has-post-thumbnail","hentry","category-noticias","tag-contigoyconrumbo","tag-smdif","tag-umi"],"_links":{"self":[{"href":"https:\/\/losperiodistas.com.mx\/portal\/wp-json\/wp\/v2\/posts\/35874","targetHints":{"allow":["GET"]}}],"collection":[{"href":"https:\/\/losperiodistas.com.mx\/portal\/wp-json\/wp\/v2\/posts"}],"about":[{"href":"https:\/\/losperiodistas.com.mx\/portal\/wp-json\/wp\/v2\/types\/post"}],"author":[{"embeddable":true,"href":"https:\/\/losperiodistas.com.mx\/portal\/wp-json\/wp\/v2\/users\/1"}],"replies":[{"embeddable":true,"href":"https:\/\/losperiodistas.com.mx\/portal\/wp-json\/wp\/v2\/comments?post=35874"}],"version-history":[{"count":2,"href":"https:\/\/losperiodistas.com.mx\/portal\/wp-json\/wp\/v2\/posts\/35874\/revisions"}],"predecessor-version":[{"id":35877,"href":"https:\/\/losperiodistas.com.mx\/portal\/wp-json\/wp\/v2\/posts\/35874\/revisions\/35877"}],"wp:featuredmedia":[{"embeddable":true,"href":"https:\/\/losperiodistas.com.mx\/portal\/wp-json\/wp\/v2\/media\/35875"}],"wp:attachment":[{"href":"https:\/\/losperiodistas.com.mx\/portal\/wp-json\/wp\/v2\/media?parent=35874"}],"wp:term":[{"taxonomy":"category","embeddable":true,"href":"https:\/\/losperiodistas.com.mx\/portal\/wp-json\/wp\/v2\/categories?post=35874"},{"taxonomy":"post_tag","embeddable":true,"href":"https:\/\/losperiodistas.com.mx\/portal\/wp-json\/wp\/v2\/tags?post=35874"}],"curies":[{"name":"wp","href":"https:\/\/api.w.org\/{rel}","templated":true}]}}