{"id":35864,"date":"2022-09-02T08:47:23","date_gmt":"2022-09-02T13:47:23","guid":{"rendered":"http:\/\/losperiodistas.com.mx\/portal\/?p=35864"},"modified":"2022-09-02T08:47:25","modified_gmt":"2022-09-02T13:47:25","slug":"twitter-prueba-por-fin-el-boton-de-edicion-publico","status":"publish","type":"post","link":"https:\/\/losperiodistas.com.mx\/portal\/twitter-prueba-por-fin-el-boton-de-edicion-publico\/","title":{"rendered":"Twitter prueba por fin el bot\u00f3n de edici\u00f3n\u00a0| P\u00fablico"},"content":{"rendered":"\n<h2 class=\"wp-block-heading\" id=\"m69-68-70\">La funci\u00f3n dejar\u00e1 editar tuits durante los 30 minutos posteriores a su publicaci\u00f3n.<\/h2>\n\n\n\n<figure class=\"wp-block-image size-full is-style-default\"><img fetchpriority=\"high\" decoding=\"async\" width=\"990\" height=\"660\" src=\"https:\/\/losperiodistas.com.mx\/portal\/wp-content\/uploads\/2022\/09\/6310fcad48318.jpeg\" alt=\"\" class=\"wp-image-35867\" srcset=\"https:\/\/losperiodistas.com.mx\/portal\/wp-content\/uploads\/2022\/09\/6310fcad48318.jpeg 990w, https:\/\/losperiodistas.com.mx\/portal\/wp-content\/uploads\/2022\/09\/6310fcad48318-300x200.jpeg 300w, https:\/\/losperiodistas.com.mx\/portal\/wp-content\/uploads\/2022\/09\/6310fcad48318-768x512.jpeg 768w\" sizes=\"(max-width: 990px) 100vw, 990px\" \/><figcaption>Personas que sostienen tel\u00e9fonos m\u00f3viles forman su silueta contra un fondo proyectado con el logo de Twitter en esta foto de ilustraci\u00f3n tomada el 27 de septiembre de 2013.\u00a0<em>\u2014<\/em>\u00a0<em>Kacper Pempel<\/em>\u00a0<em>\/<\/em>\u00a0<em>REUTERS<\/em><\/figcaption><\/figure>\n\n\n\n<p class=\"has-vivid-cyan-blue-color has-text-color has-medium-font-size\">P\u00daBLICO<\/p>\n\n\n\n<p>Twitter ha anunciado este jueves que est\u00e1 probando\u00a0<strong>una funci\u00f3n que permitir\u00e1 editar tuits<\/strong>\u00a0durante los 30 minutos posteriores a su publicaci\u00f3n. Esta posibilidad era un deseo de\u00a0<a href=\"https:\/\/www.publico.es\/ciencias\/tecnologia#analytics-noticia:contenido-enlace\" target=\"_blank\" rel=\"noreferrer noopener\">muchos usuarios de la red social<\/a>, que llevan a\u00f1os reclamando poder hacer cambios en los tuits una vez publicados.<\/p>\n\n\n\n<p>Los mensajes editados estar\u00e1n marcados con la hora de la \u00faltima edici\u00f3n y un icono que, si se pulsa, permite\u00a0<strong>ver las versiones anteriores del tuit<\/strong>. Esta funci\u00f3n se plantea como\u00a0una forma de corregir erratas o a\u00f1adir etiquetas que se han olvidado, por ejemplo, por lo que inicialmente ha fijado un m\u00e1ximo de media hora para hacer los cambios.<\/p>\n\n\n\n<p>Seg\u00fan Twitter, \u00abel l\u00edmite de tiempo y el historial de versiones juegan un papel importante\u00bb con el fin de \u00ab<strong>proteger la integridad de la conversaci\u00f3n y crear un archivo p\u00fablico de lo que se ha dicho<\/strong>\u00ab.\u00a0\u00abEsperamos que, con la posibilidad de Editar Tuit, tuitear sea algo m\u00e1s accesible y menos estresante\u00bb, ha explicado la compa\u00f1\u00eda.<\/p>\n\n\n\n<p id=\"m220-3-221\">La empresa, en un mensaje en su web, ha explicado que por ahora&nbsp;<strong>las pruebas son internas&nbsp;<\/strong>pero se ampliar\u00e1n en las pr\u00f3ximas semanas a los abonados a Twitter Blue, un servicio de pago disponible en varios pa\u00edses.&nbsp;La red social anunci\u00f3 el pasado abril que estaba trabajando en este bot\u00f3n de editar, al que se hab\u00eda resistido durante a\u00f1os.<\/p>\n\n\n\n<p id=\"m225-4-226\">El multimillonario<strong>\u00a0Elon Musk\u00a0<\/strong><a href=\"https:\/\/www.publico.es\/economia\/musk-vende-acciones-tesla-6700-millones-medio-litigio-frustrada-compra-twitter.html#analytics-noticia:contenido-enlace\" target=\"_blank\" rel=\"noreferrer noopener\">realiz\u00f3 una encuesta\u00a0entre sus seguidores<\/a>\u00a0sobre la funci\u00f3n poco antes del anuncio, aunque Twitter ha negado desde el primer momento que su decisi\u00f3n respondiese a este hecho.<\/p>\n\n\n\n<p>Fuente: https:\/\/www.publico.es\/ciencias\/twitter-prueba-boton-edicion.html#analytics-seccion:listado<\/p>\n","protected":false},"excerpt":{"rendered":"<p>La funci\u00f3n dejar\u00e1 editar tuits durante los 30 minutos posteriores a su publicaci\u00f3n. P\u00daBLICO Twitter ha anunciado este jueves que [&hellip;]<\/p>\n","protected":false},"author":1,"featured_media":35867,"comment_status":"open","ping_status":"open","sticky":false,"template":"","format":"standard","meta":{"site-sidebar-layout":"default","site-content-layout":"","ast-site-content-layout":"default","site-content-style":"default","site-sidebar-style":"default","ast-global-header-display":"","ast-banner-title-visibility":"","ast-main-header-display":"","ast-hfb-above-header-display":"","ast-hfb-below-header-display":"","ast-hfb-mobile-header-display":"","site-post-title":"","ast-breadcrumbs-content":"","ast-featured-img":"","footer-sml-layout":"","theme-transparent-header-meta":"","adv-header-id-meta":"","stick-header-meta":"","header-above-stick-meta":"","header-main-stick-meta":"","header-below-stick-meta":"","astra-migrate-meta-layouts":"default","ast-page-background-enabled":"default","ast-page-background-meta":{"desktop":{"background-color":"var(--ast-global-color-4)","background-image":"","background-repeat":"repeat","background-position":"center center","background-size":"auto","background-attachment":"scroll","background-type":"","background-media":"","overlay-type":"","overlay-color":"","overlay-opacity":"","overlay-gradient":""},"tablet":{"background-color":"","background-image":"","background-repeat":"repeat","background-position":"center center","background-size":"auto","background-attachment":"scroll","background-type":"","background-media":"","overlay-type":"","overlay-color":"","overlay-opacity":"","overlay-gradient":""},"mobile":{"background-color":"","background-image":"","background-repeat":"repeat","background-position":"center center","background-size":"auto","background-attachment":"scroll","background-type":"","background-media":"","overlay-type":"","overlay-color":"","overlay-opacity":"","overlay-gradient":""}},"ast-content-background-meta":{"desktop":{"background-color":"var(--ast-global-color-5)","background-image":"","background-repeat":"repeat","background-position":"center center","background-size":"auto","background-attachment":"scroll","background-type":"","background-media":"","overlay-type":"","overlay-color":"","overlay-opacity":"","overlay-gradient":""},"tablet":{"background-color":"var(--ast-global-color-5)","background-image":"","background-repeat":"repeat","background-position":"center center","background-size":"auto","background-attachment":"scroll","background-type":"","background-media":"","overlay-type":"","overlay-color":"","overlay-opacity":"","overlay-gradient":""},"mobile":{"background-color":"var(--ast-global-color-5)","background-image":"","background-repeat":"repeat","background-position":"center center","background-size":"auto","background-attachment":"scroll","background-type":"","background-media":"","overlay-type":"","overlay-color":"","overlay-opacity":"","overlay-gradient":""}},"footnotes":""},"categories":[8],"tags":[12313,3035],"class_list":["post-35864","post","type-post","status-publish","format-standard","has-post-thumbnail","hentry","category-noticias","tag-edicion-twitter","tag-twitter"],"_links":{"self":[{"href":"https:\/\/losperiodistas.com.mx\/portal\/wp-json\/wp\/v2\/posts\/35864","targetHints":{"allow":["GET"]}}],"collection":[{"href":"https:\/\/losperiodistas.com.mx\/portal\/wp-json\/wp\/v2\/posts"}],"about":[{"href":"https:\/\/losperiodistas.com.mx\/portal\/wp-json\/wp\/v2\/types\/post"}],"author":[{"embeddable":true,"href":"https:\/\/losperiodistas.com.mx\/portal\/wp-json\/wp\/v2\/users\/1"}],"replies":[{"embeddable":true,"href":"https:\/\/losperiodistas.com.mx\/portal\/wp-json\/wp\/v2\/comments?post=35864"}],"version-history":[{"count":1,"href":"https:\/\/losperiodistas.com.mx\/portal\/wp-json\/wp\/v2\/posts\/35864\/revisions"}],"predecessor-version":[{"id":35868,"href":"https:\/\/losperiodistas.com.mx\/portal\/wp-json\/wp\/v2\/posts\/35864\/revisions\/35868"}],"wp:featuredmedia":[{"embeddable":true,"href":"https:\/\/losperiodistas.com.mx\/portal\/wp-json\/wp\/v2\/media\/35867"}],"wp:attachment":[{"href":"https:\/\/losperiodistas.com.mx\/portal\/wp-json\/wp\/v2\/media?parent=35864"}],"wp:term":[{"taxonomy":"category","embeddable":true,"href":"https:\/\/losperiodistas.com.mx\/portal\/wp-json\/wp\/v2\/categories?post=35864"},{"taxonomy":"post_tag","embeddable":true,"href":"https:\/\/losperiodistas.com.mx\/portal\/wp-json\/wp\/v2\/tags?post=35864"}],"curies":[{"name":"wp","href":"https:\/\/api.w.org\/{rel}","templated":true}]}}