{"id":35845,"date":"2022-09-01T19:51:59","date_gmt":"2022-09-02T00:51:59","guid":{"rendered":"http:\/\/losperiodistas.com.mx\/portal\/?p=35845"},"modified":"2022-09-01T19:52:01","modified_gmt":"2022-09-02T00:52:01","slug":"gobierno-desconecta-planta-de-iberdrola-en-tamaulipas-pese-a-amparo-oem","status":"publish","type":"post","link":"https:\/\/losperiodistas.com.mx\/portal\/gobierno-desconecta-planta-de-iberdrola-en-tamaulipas-pese-a-amparo-oem\/","title":{"rendered":"Gobierno desconecta planta de Iberdrola en Tamaulipas pese a amparo | OEM"},"content":{"rendered":"\n<h3 class=\"wp-block-heading\">La planta Enertek se construy\u00f3 hace 25 a\u00f1os en Altamira, entr\u00f3 en operaci\u00f3n en 1998, de inicio era propiedad de Alpek y luego se vendi\u00f3 a Iberdrola<\/h3>\n\n\n\n<figure class=\"wp-block-image size-full\"><img fetchpriority=\"high\" decoding=\"async\" width=\"768\" height=\"479\" src=\"https:\/\/losperiodistas.com.mx\/portal\/wp-content\/uploads\/2022\/09\/La-planta-de-Iberdrola-en-Tamaulipas-fue-desconectada-industria-migra-a-CFE.jpeg\" alt=\"\" class=\"wp-image-35846\" srcset=\"https:\/\/losperiodistas.com.mx\/portal\/wp-content\/uploads\/2022\/09\/La-planta-de-Iberdrola-en-Tamaulipas-fue-desconectada-industria-migra-a-CFE.jpeg 768w, https:\/\/losperiodistas.com.mx\/portal\/wp-content\/uploads\/2022\/09\/La-planta-de-Iberdrola-en-Tamaulipas-fue-desconectada-industria-migra-a-CFE-300x187.jpeg 300w\" sizes=\"(max-width: 768px) 100vw, 768px\" \/><figcaption>Jos\u00e9 Luis Tapia | El Sol de M\u00e9xico<\/figcaption><\/figure>\n\n\n\n<p class=\"has-vivid-cyan-blue-color has-text-color has-medium-font-size\">JUAN LUIS RAMOS \/ EL SOL DE M\u00c9XICO<\/p>\n\n\n\n<p>El Centro Nacional de Control de Energ\u00eda (Cenace) desconect\u00f3 del Sistema El\u00e9ctrico Nacional a la central de cogeneraci\u00f3n de Enertek, filial de la espa\u00f1ola Iberdrola, ubicada en Altamira, Tamaulipas, por lo que deja de brindar el servicio en esta regi\u00f3n del pa\u00eds, ante la negativa del Gobierno federal para renovar su permiso de operaci\u00f3n.<\/p>\n\n\n\n<p>Una fuente allegada al caso confirm\u00f3 a El Sol de M\u00e9xico que la planta fue desconectada pese a que exist\u00eda la orden de un juez de no hacerlo.<\/p>\n\n\n\n<p><strong>Te recomendamos:&nbsp;<a href=\"https:\/\/www.elsoldemexico.com.mx\/finanzas\/rescindira-iberdrola-contratos-en-francia-8774245.html\">Rescindir\u00e1 Iberdrola contratos en Francia<\/a><\/strong><\/p>\n\n\n\n<p>\u201cEfectivamente hubo una desconexi\u00f3n por un vencimiento de contrato de interconexi\u00f3n, aunque hay una medida cautelar de un juez en la que ordena mantener la planta encendida mientras se resuelve el fondo del asunto\u201d, coment\u00f3 la fuente.<\/p>\n\n\n\n<p>El permiso de generaci\u00f3n de la planta venci\u00f3 este mi\u00e9rcoles, 31 de agosto, aunque desde hace un a\u00f1o la empresa solicit\u00f3 a la Comisi\u00f3n Reguladora de Energ\u00eda (CRE) la migraci\u00f3n al Mercado El\u00e9ctrico Mayorista.<\/p>\n\n\n\n<p>El regulador neg\u00f3 la modificaci\u00f3n en los permisos de la empresa en noviembre del a\u00f1o pasado, por lo que Enertek tramit\u00f3 un amparo para evitar la desconexi\u00f3n y continuar con el suministro de energ\u00eda a sus clientes, principalmente industriales.<\/p>\n\n\n\n<p>\u201cEl Cenace se salt\u00f3 esta medida cautelar y dio la orden para la desconexi\u00f3n, por lo que la empresa tuvo que ceder esta ma\u00f1ana\u201d, refiri\u00f3 la fuente.<\/p>\n\n\n\n<p>El Centro Nacional de Control de Energ\u00eda (Cenace) determin\u00f3 la salida de operaci\u00f3n, lo que obliga a algunas industrias del Corredor Industrial de Altamira que eran abastecidas por \u00e9sta a establecer un contrato de suministro con la Comisi\u00f3n Federal de Electricidad (CFE).<\/p>\n\n\n\n<p>El presidente de la Asociaci\u00f3n de Industriales del Sur de Tamaulipas (Aistac), Luis Apperti Llovet, confirm\u00f3 el hecho, indicando que \u201cdesde anoche recibieron la instrucci\u00f3n de desconectar la central, hoy 1 de septiembre, ya estamos recibiendo energ\u00eda de la CFE\u201d.<\/p>\n\n\n\n<p>La Aistac indic\u00f3 que las industrias que abastec\u00eda Enertek establecieron contratos con la CFE, para garantizar la continuidad de las operaciones.<\/p>\n\n\n\n<h2 class=\"wp-block-heading\">Ha sido una complicada transici\u00f3n para Iberdrola en Altamira<\/h2>\n\n\n\n<p>Durante los \u00faltimos seis meses, la industria asentada en la zona sur de Tamaulipas desarroll\u00f3 diversas negociaciones para lograr la transici\u00f3n a recibir el servicio de la CFE.<\/p>\n\n\n\n<p>\u201cTuvimos que trabajar mucho los \u00faltimos seis meses para la transici\u00f3n, para garantizar que no nos generara paros en las plantas ya que un paro nos har\u00eda mucho da\u00f1o\u201d refiri\u00f3 Apperti Llovet a El Sol de Tampico.<\/p>\n\n\n\n<p>El representante del sector apunt\u00f3 que mediante estas negociaciones \u201cse pudo concretar ayer 31 de agosto, la firma de contrato y ya estamos recibiendo energ\u00eda de la CFE\u201d.<\/p>\n\n\n\n<p>La planta Enertek suministraba energ\u00eda a empresas como MG Pol\u00edmeros, Dynasol, Cabot y Lanxess, entre otras.<\/p>\n\n\n\n<p>Aunque no fue aprobada la Reforma al Sistema El\u00e9ctrico Nacional propuesta por el Ejecutivo Federal, donde se quer\u00eda eliminar la figura del autoabasto, la Comisi\u00f3n Reguladora de Energ\u00eda (CRE) ha bloqueado los permisos a Iberdrola, bajo el argumento de que incumpli\u00f3 en muchos de sus proyectos en M\u00e9xico.<\/p>\n\n\n\n<p>Actualmente Iberdrola es considerado el principal generador privado de energ\u00eda el\u00e9ctrica en el pa\u00eds, cuenta con 13 centrales de ciclo combinado y cogeneraci\u00f3n, cinco parques e\u00f3licos y dos fotovolt\u00e1icos, tiene presencia en 12 estados: Nuevo Le\u00f3n, Guanajuato, Baja California, Quer\u00e9taro, San Luis Potos\u00ed, Sinaloa, Sonora, Coahuila, Oaxaca, Puebla y Tamaulipas; y la inversi\u00f3n que ha aplicado en M\u00e9xico ronda los 137 mil millones de pesos.<\/p>\n\n\n\n<h2 class=\"wp-block-heading\">Enertek, con 24 a\u00f1os de operaci\u00f3n en Altamira, Tamaulipas<\/h2>\n\n\n\n<p>La planta Enertek se construy\u00f3 hace 25 a\u00f1os en Altamira, entr\u00f3 en operaci\u00f3n en 1998, de inicio era propiedad de Alpek y luego se vendi\u00f3 a Iberdrola, que ten\u00eda permiso para autoabasto.<\/p>\n\n\n\n<p>Fue la primera planta de Iberdrola en M\u00e9xico, generaba 144 MW de energ\u00eda, est\u00e1 compuesta por una turbina de gas marca Siemens y una turbina de vapor marca Alston.<\/p>\n\n\n\n<p><a rel=\"noreferrer noopener\" target=\"_blank\" href=\"https:\/\/elsoldemexico.us16.list-manage.com\/subscribe?u=c04a811ee61dc85305bf7133b&amp;id=905a4d70c0\">&#x27a1;&#xfe0f;&nbsp;<strong>Suscr\u00edbete a nuestro Newsletter y recibe las notas m\u00e1s relevantes en tu correo<\/strong><\/a><\/p>\n\n\n\n<p>La planta de Iberdrola en Tamaulipas est\u00e1 fuera de operaci\u00f3n, por lo que las industrias abastecidas por esta compa\u00f1\u00eda han tenido que migra al servicio de la CFE.<\/p>\n\n\n\n<p>|| Con informaci\u00f3n de Teresa Mac\u00edas | El Sol de Tampico ||<\/p>\n\n\n\n<p>Nota publicada en<a href=\"https:\/\/www.elsoldetampico.com.mx\/local\/la-planta-de-iberdrola-en-tamaulipas-fue-desconectada-industria-migra-a-cfe-8826573.html\" target=\"_blank\" rel=\"noreferrer noopener\">\u00a0El Sol de Tampico<\/a><\/p>\n\n\n\n<p>Fuente: https:\/\/www.elsoldemexico.com.mx\/finanzas\/planta-de-iberdrola-en-tamaulipas-es-desconectada-industria-electrica-migra-a-cfe-8826672.html<\/p>\n","protected":false},"excerpt":{"rendered":"<p>La planta Enertek se construy\u00f3 hace 25 a\u00f1os en Altamira, entr\u00f3 en operaci\u00f3n en 1998, de inicio era propiedad de [&hellip;]<\/p>\n","protected":false},"author":1,"featured_media":35846,"comment_status":"open","ping_status":"open","sticky":false,"template":"","format":"standard","meta":{"site-sidebar-layout":"default","site-content-layout":"","ast-site-content-layout":"default","site-content-style":"default","site-sidebar-style":"default","ast-global-header-display":"","ast-banner-title-visibility":"","ast-main-header-display":"","ast-hfb-above-header-display":"","ast-hfb-below-header-display":"","ast-hfb-mobile-header-display":"","site-post-title":"","ast-breadcrumbs-content":"","ast-featured-img":"","footer-sml-layout":"","theme-transparent-header-meta":"","adv-header-id-meta":"","stick-header-meta":"","header-above-stick-meta":"","header-main-stick-meta":"","header-below-stick-meta":"","astra-migrate-meta-layouts":"default","ast-page-background-enabled":"default","ast-page-background-meta":{"desktop":{"background-color":"var(--ast-global-color-4)","background-image":"","background-repeat":"repeat","background-position":"center center","background-size":"auto","background-attachment":"scroll","background-type":"","background-media":"","overlay-type":"","overlay-color":"","overlay-opacity":"","overlay-gradient":""},"tablet":{"background-color":"","background-image":"","background-repeat":"repeat","background-position":"center center","background-size":"auto","background-attachment":"scroll","background-type":"","background-media":"","overlay-type":"","overlay-color":"","overlay-opacity":"","overlay-gradient":""},"mobile":{"background-color":"","background-image":"","background-repeat":"repeat","background-position":"center center","background-size":"auto","background-attachment":"scroll","background-type":"","background-media":"","overlay-type":"","overlay-color":"","overlay-opacity":"","overlay-gradient":""}},"ast-content-background-meta":{"desktop":{"background-color":"var(--ast-global-color-5)","background-image":"","background-repeat":"repeat","background-position":"center center","background-size":"auto","background-attachment":"scroll","background-type":"","background-media":"","overlay-type":"","overlay-color":"","overlay-opacity":"","overlay-gradient":""},"tablet":{"background-color":"var(--ast-global-color-5)","background-image":"","background-repeat":"repeat","background-position":"center center","background-size":"auto","background-attachment":"scroll","background-type":"","background-media":"","overlay-type":"","overlay-color":"","overlay-opacity":"","overlay-gradient":""},"mobile":{"background-color":"var(--ast-global-color-5)","background-image":"","background-repeat":"repeat","background-position":"center center","background-size":"auto","background-attachment":"scroll","background-type":"","background-media":"","overlay-type":"","overlay-color":"","overlay-opacity":"","overlay-gradient":""}},"footnotes":""},"categories":[8],"tags":[12309,12310,12308],"class_list":["post-35845","post","type-post","status-publish","format-standard","has-post-thumbnail","hentry","category-noticias","tag-cenace","tag-enetek","tag-iberdrola-tampico"],"_links":{"self":[{"href":"https:\/\/losperiodistas.com.mx\/portal\/wp-json\/wp\/v2\/posts\/35845","targetHints":{"allow":["GET"]}}],"collection":[{"href":"https:\/\/losperiodistas.com.mx\/portal\/wp-json\/wp\/v2\/posts"}],"about":[{"href":"https:\/\/losperiodistas.com.mx\/portal\/wp-json\/wp\/v2\/types\/post"}],"author":[{"embeddable":true,"href":"https:\/\/losperiodistas.com.mx\/portal\/wp-json\/wp\/v2\/users\/1"}],"replies":[{"embeddable":true,"href":"https:\/\/losperiodistas.com.mx\/portal\/wp-json\/wp\/v2\/comments?post=35845"}],"version-history":[{"count":1,"href":"https:\/\/losperiodistas.com.mx\/portal\/wp-json\/wp\/v2\/posts\/35845\/revisions"}],"predecessor-version":[{"id":35847,"href":"https:\/\/losperiodistas.com.mx\/portal\/wp-json\/wp\/v2\/posts\/35845\/revisions\/35847"}],"wp:featuredmedia":[{"embeddable":true,"href":"https:\/\/losperiodistas.com.mx\/portal\/wp-json\/wp\/v2\/media\/35846"}],"wp:attachment":[{"href":"https:\/\/losperiodistas.com.mx\/portal\/wp-json\/wp\/v2\/media?parent=35845"}],"wp:term":[{"taxonomy":"category","embeddable":true,"href":"https:\/\/losperiodistas.com.mx\/portal\/wp-json\/wp\/v2\/categories?post=35845"},{"taxonomy":"post_tag","embeddable":true,"href":"https:\/\/losperiodistas.com.mx\/portal\/wp-json\/wp\/v2\/tags?post=35845"}],"curies":[{"name":"wp","href":"https:\/\/api.w.org\/{rel}","templated":true}]}}