{"id":35842,"date":"2022-09-01T19:39:58","date_gmt":"2022-09-02T00:39:58","guid":{"rendered":"http:\/\/losperiodistas.com.mx\/portal\/?p=35842"},"modified":"2022-09-01T19:40:00","modified_gmt":"2022-09-02T00:40:00","slug":"dan-cabildazo-a-presidenta-municipal-de-san-pedro-cholula-e-consulta","status":"publish","type":"post","link":"https:\/\/losperiodistas.com.mx\/portal\/dan-cabildazo-a-presidenta-municipal-de-san-pedro-cholula-e-consulta\/","title":{"rendered":"Dan Cabildazo a presidenta municipal de San Pedro Cholula | E-Consulta"},"content":{"rendered":"\n<p><strong>El Cabildo de San Pedro Cholula revoc\u00f3 la facultad de firmar contratos o convenios a Paola Angon Silva<\/strong><\/p>\n\n\n\n<figure class=\"wp-block-image size-full\"><img fetchpriority=\"high\" decoding=\"async\" width=\"640\" height=\"426\" src=\"https:\/\/losperiodistas.com.mx\/portal\/wp-content\/uploads\/2022\/09\/dan-cabildazo-a-presidenta-municipal-de-san-pedro-cholula.jpg\" alt=\"\" class=\"wp-image-35843\" srcset=\"https:\/\/losperiodistas.com.mx\/portal\/wp-content\/uploads\/2022\/09\/dan-cabildazo-a-presidenta-municipal-de-san-pedro-cholula.jpg 640w, https:\/\/losperiodistas.com.mx\/portal\/wp-content\/uploads\/2022\/09\/dan-cabildazo-a-presidenta-municipal-de-san-pedro-cholula-300x200.jpg 300w\" sizes=\"(max-width: 640px) 100vw, 640px\" \/><\/figure>\n\n\n\n<p><\/p>\n\n\n\n<p class=\"has-vivid-cyan-blue-color has-text-color has-medium-font-size\">RAY CARDOSO \/ E-CONSULTA<\/p>\n\n\n\n<p>Este jueves en sesi\u00f3n ordinaria de&nbsp;<a href=\"http:\/\/www.e-consulta.com\/nota\/2022-06-03\/municipios\/decisiones-de-los-regidores-afectan-los-recursos-de-cholula-angon\" target=\"_blank\" rel=\"noreferrer noopener\">Cabildo de San Pedro Cholula<\/a>, los&nbsp;<strong>regidores revocaron la facultad&nbsp;<\/strong>a la presidenta municipal,&nbsp;<strong>Paola Angon Silva<\/strong>, para poder&nbsp;<strong>firmar<\/strong>&nbsp;<strong>cualquier tipo de contrato o convenio<\/strong>&nbsp;que involucre al erario por parte del ayuntamiento.<\/p>\n\n\n\n<p>Los funcionarios argumentaron&nbsp;<strong>no contar con mayor informaci\u00f3n<\/strong>&nbsp;sobre los contratos y convenios realizados por la actual administraci\u00f3n durante los&nbsp;<strong>\u00faltimos ocho meses<\/strong>. Por lo cual adem\u00e1s de lo anterior se le solicit\u00f3 al&nbsp;<strong>tesorero municipal<\/strong>&nbsp;entregar toda la&nbsp;<strong>documentaci\u00f3n<\/strong>&nbsp;correspondiente en la brevedad.<\/p>\n\n\n\n<p><strong>Te recomendamos:<\/strong>&nbsp;<strong><em><a href=\"http:\/\/www.e-consulta.com\/nota\/2022-09-01\/municipios\/jorge-gomez-deja-la-direccion-del-sosapach\" target=\"_blank\" rel=\"noreferrer noopener\">Jorge G\u00f3mez deja la direcci\u00f3n del Sosapach<\/a><\/em><\/strong><\/p>\n\n\n\n<p>En meses pasados, una parte de los miembros del Cabildo dieron a conocer que existen presuntos&nbsp;<strong>sobrecostos en los contratos y convenios&nbsp;<\/strong>que la&nbsp;<strong>administraci\u00f3n panista<\/strong>&nbsp;ha realizado desde que tom\u00f3 el poder del municipio.https:\/\/30f857b6df26614af39eade85124c47d.safeframe.googlesyndication.com\/safeframe\/1-0-38\/html\/container.html<small>Nota relacionada:<\/small><\/p>\n\n\n\n<h5 class=\"wp-block-heading\">Llama Barbosa a Paola Angon a gobernar con transparencia<\/h5>\n\n\n\n<figure class=\"wp-block-image\"><img decoding=\"async\" src=\"https:\/\/www.e-consulta.com\/_next\/image?url=https%3A%2F%2Ffotos.e-consulta.com%2Fllama_barbosa_a_paola_angon_a_gobernar_con_transparencia_300622.jpg&amp;w=3840&amp;q=75\" alt=\"Llama Barbosa a Paola Angon a gobernar con transparencia\"\/><\/figure>\n\n\n\n<p>Ante dicha situaci\u00f3n, Ang\u00f3n Silva no contar\u00e1 con la facultad de firmar contratos hasta que el mismo Cabildo vuelva a proponer un&nbsp;<strong>punto de acuerdo<\/strong>&nbsp;para regresar dicho poder a la alcaldesa cholulteca.<\/p>\n\n\n\n<p><strong>Ver m\u00e1s:&nbsp;<\/strong><strong><em><a href=\"https:\/\/www.google.com\/url?client=internal-element-cse&amp;cx=005059864706985532685:lzbjrqg3tfo&amp;q=https:\/\/www.e-consulta.com\/nota\/2022-08-12\/municipios\/ase-aun-sin-observaciones-en-auditoria-de-san-pedro-cholula&amp;sa=U&amp;ved=2ahUKEwi8pO-vrPT5AhW-IUQIHckiDy8QFnoECAAQAg&amp;usg=AOvVaw3tNeAwYu3mr2jq58WRgsYZ\" target=\"_blank\" rel=\"noreferrer noopener\">ASE: a\u00fan sin observaciones en auditor\u00eda de San Pedro Cholula<\/a><\/em><\/strong><\/p>\n\n\n\n<p>Los regidores cholultecas solicitaron que para la pr\u00f3xima sesi\u00f3n extraordinaria de Cabildo que se celebrar\u00e1 el lunes 5 de septiembre, se presente el exdirector\u00a0<a href=\"http:\/\/www.e-consulta.com\/nota\/2022-08-26\/municipios\/acusan-perforacion-ilegal-de-pozo-en-predio-de-momoxpan\" target=\"_blank\" rel=\"noreferrer noopener\">Jorge G\u00f3mez Carranco<\/a>, para aclarar las condiciones en que deja el\u00a0<strong>Sistema Operador de Agua Potable y Alcantarillado<\/strong>\u00a0(Sosapach).<\/p>\n\n\n\n<p>Fuente: https:\/\/www.e-consulta.com\/nota\/2022-09-01\/municipios\/dan-cabildazo-presidenta-municipal-de-san-pedro-cholula<\/p>\n","protected":false},"excerpt":{"rendered":"<p>El Cabildo de San Pedro Cholula revoc\u00f3 la facultad de firmar contratos o convenios a Paola Angon Silva RAY CARDOSO [&hellip;]<\/p>\n","protected":false},"author":1,"featured_media":35843,"comment_status":"open","ping_status":"open","sticky":false,"template":"","format":"standard","meta":{"site-sidebar-layout":"default","site-content-layout":"","ast-site-content-layout":"default","site-content-style":"default","site-sidebar-style":"default","ast-global-header-display":"","ast-banner-title-visibility":"","ast-main-header-display":"","ast-hfb-above-header-display":"","ast-hfb-below-header-display":"","ast-hfb-mobile-header-display":"","site-post-title":"","ast-breadcrumbs-content":"","ast-featured-img":"","footer-sml-layout":"","theme-transparent-header-meta":"","adv-header-id-meta":"","stick-header-meta":"","header-above-stick-meta":"","header-main-stick-meta":"","header-below-stick-meta":"","astra-migrate-meta-layouts":"default","ast-page-background-enabled":"default","ast-page-background-meta":{"desktop":{"background-color":"var(--ast-global-color-4)","background-image":"","background-repeat":"repeat","background-position":"center center","background-size":"auto","background-attachment":"scroll","background-type":"","background-media":"","overlay-type":"","overlay-color":"","overlay-opacity":"","overlay-gradient":""},"tablet":{"background-color":"","background-image":"","background-repeat":"repeat","background-position":"center center","background-size":"auto","background-attachment":"scroll","background-type":"","background-media":"","overlay-type":"","overlay-color":"","overlay-opacity":"","overlay-gradient":""},"mobile":{"background-color":"","background-image":"","background-repeat":"repeat","background-position":"center center","background-size":"auto","background-attachment":"scroll","background-type":"","background-media":"","overlay-type":"","overlay-color":"","overlay-opacity":"","overlay-gradient":""}},"ast-content-background-meta":{"desktop":{"background-color":"var(--ast-global-color-5)","background-image":"","background-repeat":"repeat","background-position":"center center","background-size":"auto","background-attachment":"scroll","background-type":"","background-media":"","overlay-type":"","overlay-color":"","overlay-opacity":"","overlay-gradient":""},"tablet":{"background-color":"var(--ast-global-color-5)","background-image":"","background-repeat":"repeat","background-position":"center center","background-size":"auto","background-attachment":"scroll","background-type":"","background-media":"","overlay-type":"","overlay-color":"","overlay-opacity":"","overlay-gradient":""},"mobile":{"background-color":"var(--ast-global-color-5)","background-image":"","background-repeat":"repeat","background-position":"center center","background-size":"auto","background-attachment":"scroll","background-type":"","background-media":"","overlay-type":"","overlay-color":"","overlay-opacity":"","overlay-gradient":""}},"footnotes":""},"categories":[8],"tags":[12306,7184,12307],"class_list":["post-35842","post","type-post","status-publish","format-standard","has-post-thumbnail","hentry","category-noticias","tag-cabildazo","tag-paola-angon","tag-san-pedro-choula"],"_links":{"self":[{"href":"https:\/\/losperiodistas.com.mx\/portal\/wp-json\/wp\/v2\/posts\/35842","targetHints":{"allow":["GET"]}}],"collection":[{"href":"https:\/\/losperiodistas.com.mx\/portal\/wp-json\/wp\/v2\/posts"}],"about":[{"href":"https:\/\/losperiodistas.com.mx\/portal\/wp-json\/wp\/v2\/types\/post"}],"author":[{"embeddable":true,"href":"https:\/\/losperiodistas.com.mx\/portal\/wp-json\/wp\/v2\/users\/1"}],"replies":[{"embeddable":true,"href":"https:\/\/losperiodistas.com.mx\/portal\/wp-json\/wp\/v2\/comments?post=35842"}],"version-history":[{"count":1,"href":"https:\/\/losperiodistas.com.mx\/portal\/wp-json\/wp\/v2\/posts\/35842\/revisions"}],"predecessor-version":[{"id":35844,"href":"https:\/\/losperiodistas.com.mx\/portal\/wp-json\/wp\/v2\/posts\/35842\/revisions\/35844"}],"wp:featuredmedia":[{"embeddable":true,"href":"https:\/\/losperiodistas.com.mx\/portal\/wp-json\/wp\/v2\/media\/35843"}],"wp:attachment":[{"href":"https:\/\/losperiodistas.com.mx\/portal\/wp-json\/wp\/v2\/media?parent=35842"}],"wp:term":[{"taxonomy":"category","embeddable":true,"href":"https:\/\/losperiodistas.com.mx\/portal\/wp-json\/wp\/v2\/categories?post=35842"},{"taxonomy":"post_tag","embeddable":true,"href":"https:\/\/losperiodistas.com.mx\/portal\/wp-json\/wp\/v2\/tags?post=35842"}],"curies":[{"name":"wp","href":"https:\/\/api.w.org\/{rel}","templated":true}]}}