{"id":35839,"date":"2022-09-01T19:33:56","date_gmt":"2022-09-02T00:33:56","guid":{"rendered":"http:\/\/losperiodistas.com.mx\/portal\/?p=35839"},"modified":"2022-09-01T19:34:01","modified_gmt":"2022-09-02T00:34:01","slug":"ya-no-domina-la-oligarquia-amlo-presume-reduccion-de-delitos-y-estabilidad-economica-la-lista","status":"publish","type":"post","link":"https:\/\/losperiodistas.com.mx\/portal\/ya-no-domina-la-oligarquia-amlo-presume-reduccion-de-delitos-y-estabilidad-economica-la-lista\/","title":{"rendered":"Ya no domina la oligarqu\u00eda: AMLO; presume reducci\u00f3n de delitos y estabilidad econ\u00f3mica | La-Lista"},"content":{"rendered":"\n<p class=\"has-medium-font-size\">\u00abEl prop\u00f3sito no es militarizar o ir al autoritarismo\u00bb, dice AMLO sobre su iniciativa de pasar la Guardia Nacional a la Sedena para que \u00abno se corrompa\u00bb.<\/p>\n\n\n\n<p><\/p>\n\n\n\n<figure class=\"wp-block-image size-large\"><img fetchpriority=\"high\" decoding=\"async\" width=\"1024\" height=\"682\" src=\"https:\/\/losperiodistas.com.mx\/portal\/wp-content\/uploads\/2022\/09\/cuarto-informe-amlo-14-1024x682.jpg\" alt=\"\" class=\"wp-image-35840\" srcset=\"https:\/\/losperiodistas.com.mx\/portal\/wp-content\/uploads\/2022\/09\/cuarto-informe-amlo-14-1024x682.jpg 1024w, https:\/\/losperiodistas.com.mx\/portal\/wp-content\/uploads\/2022\/09\/cuarto-informe-amlo-14-300x200.jpg 300w, https:\/\/losperiodistas.com.mx\/portal\/wp-content\/uploads\/2022\/09\/cuarto-informe-amlo-14-768x512.jpg 768w, https:\/\/losperiodistas.com.mx\/portal\/wp-content\/uploads\/2022\/09\/cuarto-informe-amlo-14.jpg 1280w\" sizes=\"(max-width: 1024px) 100vw, 1024px\" \/><\/figure>\n\n\n\n<p><\/p>\n\n\n\n<p class=\"has-vivid-cyan-blue-color has-text-color has-medium-font-size\">REDACCI\u00d3N LA-LISTA<\/p>\n\n\n\n<p>El presidente\u00a0<strong>Andr\u00e9s Manuel L\u00f3pez Obrador<\/strong>\u00a0(AMLO) presumi\u00f3 que en su gobierno \u201cya no domina la oligarqu\u00eda\u201d, adem\u00e1s de que destac\u00f3 la reducci\u00f3n de delitos del fuero federal y asesinatos, as\u00ed como estabilidad econ\u00f3mica despu\u00e9s de la pandemia por Covid-19.<\/p>\n\n\n\n<figure class=\"wp-block-embed is-type-rich is-provider-twitter wp-block-embed-twitter\"><div class=\"wp-block-embed__wrapper\">\n<blockquote class=\"twitter-tweet\" data-width=\"500\" data-dnt=\"true\"><p lang=\"es\" dir=\"ltr\">A casi dos a\u00f1os de terminar su mandato&#8230; <a href=\"https:\/\/twitter.com\/lopezobrador_?ref_src=twsrc%5Etfw\">@lopezobrador_<\/a> destac\u00f3 que &quot;ya no domina la oligarqu\u00eda, existe un gobierno democr\u00e1tico. (&#8230;) El Estado dej\u00f3 de ser el principal violador de los derechos humanos&quot;. <a href=\"https:\/\/t.co\/LFvM29HqjI\">https:\/\/t.co\/LFvM29HqjI<\/a> <a href=\"https:\/\/t.co\/TsO0amI9Jx\">pic.twitter.com\/TsO0amI9Jx<\/a><\/p>&mdash; La-Lista (@LaListanews) <a href=\"https:\/\/twitter.com\/LaListanews\/status\/1565485100963270656?ref_src=twsrc%5Etfw\">September 1, 2022<\/a><\/blockquote><script async src=\"https:\/\/platform.twitter.com\/widgets.js\" charset=\"utf-8\"><\/script>\n<\/div><\/figure>\n\n\n\n<p>En su mensaje por el cuarto informe de gobierno, desde Palacio Nacional, el mandatario refiri\u00f3: \u201c<strong>Que nadie se confunda, en nuestro gobierno no hay personas como (Genaro) Garc\u00eda Luna,<\/strong>&nbsp;no se permiten violaciones de derechos humanos, la autoridad no es c\u00f3mplice en torturas o masacres, no se admiten relaciones de complicidad y existe toda la voluntad para no dejar sin castigo ning\u00fan delito, el caso Ayotzinapa es una prueba\u201d.<\/p>\n\n\n\n<p>El presidente AMLO asever\u00f3 que los&nbsp;<strong>delitos del fuero federal han bajado en 29%<\/strong>, mientras que el n\u00famero de homicidios baj\u00f3&nbsp;<strong>2.82%<\/strong>&nbsp;y en lo que va del a\u00f1o se estima una reducci\u00f3n del 10.4%.&nbsp;<\/p>\n\n\n\n<p>AMLO incluso mencion\u00f3 que ese delito aument\u00f3 con Vicente Fox en 1.6%; con Felipe Calder\u00f3n en 192.8%; y con Enrique Pe\u00f1a Nieto en 59%.&nbsp;<\/p>\n\n\n\n<h2 class=\"wp-block-heading\">Reforma a Guardia Nacional, \u201cpara que no se corrompa\u201d: AMLO<\/h2>\n\n\n\n<p>El mandatario aprovech\u00f3 su informe para defender la reciente iniciativa que envi\u00f3 al Congreso, la cual busca incorporar la Guardia Nacional a la<strong>&nbsp;Secretar\u00eda de la Defensa Nacional<\/strong>&nbsp;(Sedena).<\/p>\n\n\n\n<p>\u201c<strong>El prop\u00f3sito no es militarizar o ir al autoritarismo sino cuidar con la Sedena<\/strong>&nbsp;el crecimiento sano de la que debe ser la principal instituci\u00f3n de seguridad del pa\u00eds\u201d, justific\u00f3 el mandatario.&nbsp;<\/p>\n\n\n\n<p>La iniciativa busca que la Guardia Nacional \u201cse consolide, mantenga su discplina y profesionalismo y sobre todo,\u00a0<strong>para que no se corrompa, como sucedi\u00f3 con la antigua Polic\u00eda Federal\u201d.<\/strong><\/p>\n\n\n\n<figure class=\"wp-block-embed is-type-rich is-provider-twitter wp-block-embed-twitter\"><div class=\"wp-block-embed__wrapper\">\nhttps:\/\/twitter.com\/LaListanews\/status\/1565481333110886401?ref_src=twsrc%5Etfw%7Ctwcamp%5Etweetembed%7Ctwterm%5E1565481333110886401%7Ctwgr%5E39ad285fcbf72153ff9857982c7bfd442f711cb2%7Ctwcon%5Es1_c10&#038;ref_url=https%3A%2F%2Fla-lista.com%2Fpolitica%2F2022%2F09%2F01%2Finforme-de-gobierno-amlo-en-vivo\n<\/div><\/figure>\n\n\n\n<p>No te pierdas:<a href=\"https:\/\/la-lista.com\/politica\/2022\/08\/31\/diputados-reciben-la-iniciativa-de-amlo-para-que-la-guardia-nacional-pase-a-la-sedena\">Diputados reciben la iniciativa de AMLO para que la GN pase a la Sedena<\/a><\/p>\n\n\n\n<h2 class=\"wp-block-heading\" id=\"h-se-nos-cayo-la-economia-pero-ya-nos-recuperamos\">Se nos cay\u00f3 la econom\u00eda pero \u201cya nos recuperamos\u201d<\/h2>\n\n\n\n<p>En principio, AMLO coment\u00f3 que su gobierno ha enfrentado \u201cgrandes desaf\u00edos\u201d como la pandemia por Covid-19, con la cual \u201cse nos cay\u00f3 la econom\u00eda\u201d e incluso dijo que no ha habido crecimiento econ\u00f3mico pero<strong>&nbsp;s\u00ed mejor distribuci\u00f3n del ingreso.<\/strong><\/p>\n\n\n\n<p>\u201cNo basta el crecimiento econ\u00f3mico, es indispensable la justicia\u201d, se\u00f1al\u00f3.<\/p>\n\n\n\n<p>Entonces apunt\u00f3 que se&nbsp;<strong>aminor\u00f3 la desigualdad y la pobreza durante su gobierno<\/strong>, as\u00ed como hay estabilidad financiera sin aumentar los impuestos, ni subir los precios del combustible.<\/p>\n\n\n\n<p>Asegur\u00f3 que \u201cya logramos\u00a0<strong>recuperar los niveles previos al Covid-19<\/strong>\u201c. En ese momento dio el dato de m\u00e1s de 21 millones de mexicanos inscritos al Seguro Social.<\/p>\n\n\n\n<figure class=\"wp-block-embed is-type-rich is-provider-twitter wp-block-embed-twitter\"><div class=\"wp-block-embed__wrapper\">\n<blockquote class=\"twitter-tweet\" data-width=\"500\" data-dnt=\"true\"><p lang=\"es\" dir=\"ltr\">.<a href=\"https:\/\/twitter.com\/lopezobrador_?ref_src=twsrc%5Etfw\">@lopezobrador_<\/a> asegura en su  <a href=\"https:\/\/twitter.com\/hashtag\/CuartoInformeDeGobierno?src=hash&amp;ref_src=twsrc%5Etfw\">#CuartoInformeDeGobierno<\/a> que &quot;sin crecimiento, pero con mejor distribuci\u00f3n del ingreso hemos logrado aminorar la desigualdad y la pobreza&quot;. <a href=\"https:\/\/t.co\/LFvM29HqjI\">https:\/\/t.co\/LFvM29HqjI<\/a> <a href=\"https:\/\/t.co\/MYszA98fWD\">pic.twitter.com\/MYszA98fWD<\/a><\/p>&mdash; La-Lista (@LaListanews) <a href=\"https:\/\/twitter.com\/LaListanews\/status\/1565465765502808064?ref_src=twsrc%5Etfw\">September 1, 2022<\/a><\/blockquote><script async src=\"https:\/\/platform.twitter.com\/widgets.js\" charset=\"utf-8\"><\/script>\n<\/div><\/figure>\n\n\n\n<p>El presidente mencion\u00f3 que su hom\u00f3logo estadounidense,&nbsp;<strong>Joe Biden,<\/strong>&nbsp;le envi\u00f3 una carta para comunicarle que el comercio bilateral en bienes entre EU y M\u00e9xico ha alcanzado&nbsp;<strong>los 384 mil millones de d\u00f3lares este a\u00f1o<\/strong>, sobrepasando los niveles prepandemia para alcanzar un r\u00e9cord hist\u00f3rico.<\/p>\n\n\n\n<p>\u201cA\u00fan con graves problemas que hemos enfrentado, los datos indican que estamos mejorando, nos han ayudado dos factores: la estrategia de apoyo a los de abajo y las ventajas del T-MEC, los programas para el bienestar, la recuperaci\u00f3n del poder adquisitivo, el aumento de remesas ha mejorado la situaci\u00f3n de la poblaci\u00f3n m\u00e1s pobre,&nbsp;<strong>al garantizar cuando menos lo b\u00e1sico se ha mantenido la paz&nbsp;<\/strong>y ha permanecido encendida la llama de la esperanza\u201d, afirm\u00f3. &nbsp;<\/p>\n\n\n\n<p>AMLO tambi\u00e9n mencion\u00f3 que \u201cla corrupci\u00f3n no se tolera ni hay impunidad para nadie, se acabaron los privilegios fiscales, no hay lujos en el gobierno y los servidores p\u00fablicos act\u00faan con eficiencia, responsabilidad y honradez, viven en la justa median\u00eda\u201d.<\/p>\n\n\n\n<p>&nbsp;L\u00f3pez Obrador dijo que puede demostrar que&nbsp;<strong>el plan de cero corrupci\u00f3n y de erradicar los lujos<\/strong>&nbsp;\u201cnos ha permitido contar con&nbsp;<strong>2.4 billones de pesos adicionales<\/strong>\u201c.<\/p>\n\n\n\n<p>Expuso que \u201cM\u00e9xico est\u00e1 recuperando el prestigio en el mundo\u201d y que \u201cel Estado dej\u00f3 de ser el principal violador de los derechos humanos\u201d.&nbsp;<\/p>\n\n\n\n<p>Destac\u00f3 el aumento al salario y los programas para el bienestar, como medios eficaces para la mejor distribuci\u00f3n del ingreso. Incluso, dijo que esos programas son el principal distintivo de su gobierno.<\/p>\n\n\n\n<p>\u201cEs una realidad virtuosa el programa de la pensi\u00f3n para adultos mayores, que ya beneficia a 10 millones 500 mil adultos mayores\u201d, indic\u00f3. El mandatario adelant\u00f3 que pronto el programa para ni\u00f1os con discapacidad&nbsp;<strong>ser\u00e1 universal<\/strong>, adem\u00e1s de que su gobierno da becas a 11 millones de estudiantes.<\/p>\n\n\n\n<p>En ese sentido resalt\u00f3 que mientras en 2018 los m\u00e1s ricos ganaban 18 veces m\u00e1s que los m\u00e1s pobres, en 2020 la desigualdad se redujo a 16 veces.<\/p>\n\n\n\n<p>As\u00ed mismo, AMLO asegur\u00f3 que cuando termine su gobierno dejar\u00e1 funcionando&nbsp;<strong>un sistema de trenes de pasajeros<\/strong>&nbsp;con m\u00e1s de<strong>&nbsp;dos mil kil\u00f3metros<\/strong>, \u201calgo no visto en varias d\u00e9cadas\u201d. Entre esos apunt\u00f3 que estar\u00e1 funcionando el Tren Maya y el Tren M\u00e9xico-Toluca.<\/p>\n\n\n\n<p>\u201cA\u00fan superando varios obst\u00e1culos vamos a cumplir el compromiso de que el Tren Maya sea inaugurado en diciembre de 2023\u201d, prometi\u00f3.<\/p>\n\n\n\n<p>En materia de salud, el presidente dijo que su gobierno est\u00e1 concentrado \u201cen crear uno de los mejores sistemas de atenci\u00f3n m\u00e9dica universal y gratuita del mundo, ya pr\u00e1cticamente hemos terminado en tres estados,&nbsp;<strong>Nayarit<\/strong>, Tlaxcala y&nbsp;<strong>Colima<\/strong>\u201c.<\/p>\n\n\n\n<p>Respecto al IMSS-Bienestar se comprometi\u00f3 a que concluya el a\u00f1o pr\u00f3ximo&nbsp;y con ello se haga \u201crealidad el derecho constitucional a la salud\u201d.<\/p>\n\n\n\n<p>En otro sentido, el presidente celebr\u00f3 que \u201cestamos ganando la batalla contra el racismo, el clasismo y la discriminaci\u00f3n\u201d.&nbsp;<\/p>\n\n\n\n<p>Y sostuvo que \u201cson pocas las manifestaciones de protesta, no proliferan las huelgas ni existe ingobernabilidad\u201d.&nbsp;<\/p>\n\n\n\n<p>\u201cEl gobierno no participa en fraudes electorales, la Fiscal\u00eda General de la Rep\u00fablica y los poderes act\u00faan con absoluta independencia\u201d, refiri\u00f3.&nbsp;<\/p>\n\n\n\n<p>Al final, se confes\u00f3: \u201c<strong>Ahora poseo m\u00e1s aplomo y serenidad que antes<\/strong>\u201c. Y confi\u00f3 en que \u201c<strong>triunfar\u00e1 la cuarta transformaci\u00f3n\u201d que \u00e9l enarbola.<\/strong><\/p>\n\n\n\n<figure class=\"wp-block-embed is-type-rich is-provider-twitter wp-block-embed-twitter\"><div class=\"wp-block-embed__wrapper\">\n<blockquote class=\"twitter-tweet\" data-width=\"500\" data-dnt=\"true\"><p lang=\"es\" dir=\"ltr\">Al concluir su <a href=\"https:\/\/twitter.com\/hashtag\/CuartoInformeDeGobierno?src=hash&amp;ref_src=twsrc%5Etfw\">#CuartoInformeDeGobierno<\/a>, el presidente confes\u00f3 que posee m\u00e1s aplomo y serenidad. <br><br>&quot;Creo con racionalidad y con optimismo que triunfar\u00e1 la Cuarta Transformaci\u00f3n de M\u00e9xico&quot;. <a href=\"https:\/\/t.co\/LFvM29HqjI\">https:\/\/t.co\/LFvM29HqjI<\/a> <a href=\"https:\/\/t.co\/kbdojJRFWj\">pic.twitter.com\/kbdojJRFWj<\/a><\/p>&mdash; La-Lista (@LaListanews) <a href=\"https:\/\/twitter.com\/LaListanews\/status\/1565486689857875969?ref_src=twsrc%5Etfw\">September 1, 2022<\/a><\/blockquote><script async src=\"https:\/\/platform.twitter.com\/widgets.js\" charset=\"utf-8\"><\/script>\n<\/div><\/figure>\n\n\n\n<p>Aqu\u00ed puedes ver el mensaje completo de AMLO:<\/p>\n\n\n\n<figure class=\"wp-block-embed is-type-video is-provider-youtube wp-block-embed-youtube wp-embed-aspect-16-9 wp-has-aspect-ratio\"><div class=\"wp-block-embed__wrapper\">\n<iframe title=\"Cuarto Informe de Gobierno | Presidente AMLO\" width=\"500\" height=\"281\" src=\"https:\/\/www.youtube.com\/embed\/IR_cwp1m21Q?feature=oembed\" frameborder=\"0\" allow=\"accelerometer; autoplay; clipboard-write; encrypted-media; gyroscope; picture-in-picture; web-share\" referrerpolicy=\"strict-origin-when-cross-origin\" allowfullscreen><\/iframe>\n<\/div><\/figure>\n\n\n\n<p><\/p>\n\n\n\n<p>Fuente: https:\/\/la-lista.com\/politica\/2022\/09\/01\/informe-de-gobierno-amlo-en-vivo<\/p>\n","protected":false},"excerpt":{"rendered":"<p>\u00abEl prop\u00f3sito no es militarizar o ir al autoritarismo\u00bb, dice AMLO sobre su iniciativa de pasar la Guardia Nacional a [&hellip;]<\/p>\n","protected":false},"author":1,"featured_media":35840,"comment_status":"open","ping_status":"open","sticky":false,"template":"","format":"standard","meta":{"site-sidebar-layout":"default","site-content-layout":"","ast-site-content-layout":"default","site-content-style":"default","site-sidebar-style":"default","ast-global-header-display":"","ast-banner-title-visibility":"","ast-main-header-display":"","ast-hfb-above-header-display":"","ast-hfb-below-header-display":"","ast-hfb-mobile-header-display":"","site-post-title":"","ast-breadcrumbs-content":"","ast-featured-img":"","footer-sml-layout":"","theme-transparent-header-meta":"","adv-header-id-meta":"","stick-header-meta":"","header-above-stick-meta":"","header-main-stick-meta":"","header-below-stick-meta":"","astra-migrate-meta-layouts":"default","ast-page-background-enabled":"default","ast-page-background-meta":{"desktop":{"background-color":"var(--ast-global-color-4)","background-image":"","background-repeat":"repeat","background-position":"center center","background-size":"auto","background-attachment":"scroll","background-type":"","background-media":"","overlay-type":"","overlay-color":"","overlay-opacity":"","overlay-gradient":""},"tablet":{"background-color":"","background-image":"","background-repeat":"repeat","background-position":"center center","background-size":"auto","background-attachment":"scroll","background-type":"","background-media":"","overlay-type":"","overlay-color":"","overlay-opacity":"","overlay-gradient":""},"mobile":{"background-color":"","background-image":"","background-repeat":"repeat","background-position":"center center","background-size":"auto","background-attachment":"scroll","background-type":"","background-media":"","overlay-type":"","overlay-color":"","overlay-opacity":"","overlay-gradient":""}},"ast-content-background-meta":{"desktop":{"background-color":"var(--ast-global-color-5)","background-image":"","background-repeat":"repeat","background-position":"center center","background-size":"auto","background-attachment":"scroll","background-type":"","background-media":"","overlay-type":"","overlay-color":"","overlay-opacity":"","overlay-gradient":""},"tablet":{"background-color":"var(--ast-global-color-5)","background-image":"","background-repeat":"repeat","background-position":"center center","background-size":"auto","background-attachment":"scroll","background-type":"","background-media":"","overlay-type":"","overlay-color":"","overlay-opacity":"","overlay-gradient":""},"mobile":{"background-color":"var(--ast-global-color-5)","background-image":"","background-repeat":"repeat","background-position":"center center","background-size":"auto","background-attachment":"scroll","background-type":"","background-media":"","overlay-type":"","overlay-color":"","overlay-opacity":"","overlay-gradient":""}},"footnotes":""},"categories":[8],"tags":[199,12290,1916,12305],"class_list":["post-35839","post","type-post","status-publish","format-standard","has-post-thumbnail","hentry","category-noticias","tag-amlo","tag-cuarto-informe","tag-democracia","tag-oligarquia-mexico"],"_links":{"self":[{"href":"https:\/\/losperiodistas.com.mx\/portal\/wp-json\/wp\/v2\/posts\/35839","targetHints":{"allow":["GET"]}}],"collection":[{"href":"https:\/\/losperiodistas.com.mx\/portal\/wp-json\/wp\/v2\/posts"}],"about":[{"href":"https:\/\/losperiodistas.com.mx\/portal\/wp-json\/wp\/v2\/types\/post"}],"author":[{"embeddable":true,"href":"https:\/\/losperiodistas.com.mx\/portal\/wp-json\/wp\/v2\/users\/1"}],"replies":[{"embeddable":true,"href":"https:\/\/losperiodistas.com.mx\/portal\/wp-json\/wp\/v2\/comments?post=35839"}],"version-history":[{"count":1,"href":"https:\/\/losperiodistas.com.mx\/portal\/wp-json\/wp\/v2\/posts\/35839\/revisions"}],"predecessor-version":[{"id":35841,"href":"https:\/\/losperiodistas.com.mx\/portal\/wp-json\/wp\/v2\/posts\/35839\/revisions\/35841"}],"wp:featuredmedia":[{"embeddable":true,"href":"https:\/\/losperiodistas.com.mx\/portal\/wp-json\/wp\/v2\/media\/35840"}],"wp:attachment":[{"href":"https:\/\/losperiodistas.com.mx\/portal\/wp-json\/wp\/v2\/media?parent=35839"}],"wp:term":[{"taxonomy":"category","embeddable":true,"href":"https:\/\/losperiodistas.com.mx\/portal\/wp-json\/wp\/v2\/categories?post=35839"},{"taxonomy":"post_tag","embeddable":true,"href":"https:\/\/losperiodistas.com.mx\/portal\/wp-json\/wp\/v2\/tags?post=35839"}],"curies":[{"name":"wp","href":"https:\/\/api.w.org\/{rel}","templated":true}]}}