{"id":35824,"date":"2022-09-01T08:47:19","date_gmt":"2022-09-01T13:47:19","guid":{"rendered":"http:\/\/losperiodistas.com.mx\/portal\/?p=35824"},"modified":"2022-09-01T08:47:21","modified_gmt":"2022-09-01T13:47:21","slug":"puebla-capital-celebrara-el-mes-patrio-con-mas-de-80-actividades-culturales","status":"publish","type":"post","link":"https:\/\/losperiodistas.com.mx\/portal\/puebla-capital-celebrara-el-mes-patrio-con-mas-de-80-actividades-culturales\/","title":{"rendered":"Puebla Capital celebrar\u00e1 el mes patrio con m\u00e1s de 80 actividades culturales"},"content":{"rendered":"\n<ul class=\"has-medium-font-size wp-block-list\"><li>Las actividades se desarrollar\u00e1n cada semana de jueves a domingo \u2013con excepci\u00f3n de algunos eventos especiales\u2014, y est\u00e1n encaminadas a reforzar los valores patri\u00f3ticos y el orgullo de ser mexicanos.<\/li><\/ul>\n\n\n\n<p><\/p>\n\n\n\n<div class=\"wp-block-image is-style-default\"><figure class=\"alignleft size-full is-resized\"><img fetchpriority=\"high\" decoding=\"async\" src=\"https:\/\/losperiodistas.com.mx\/portal\/wp-content\/uploads\/2022\/09\/WhatsApp-Image-2022-09-01-at-8.36.09-AM.jpeg\" alt=\"\" class=\"wp-image-35825\" width=\"443\" height=\"443\" srcset=\"https:\/\/losperiodistas.com.mx\/portal\/wp-content\/uploads\/2022\/09\/WhatsApp-Image-2022-09-01-at-8.36.09-AM.jpeg 1000w, https:\/\/losperiodistas.com.mx\/portal\/wp-content\/uploads\/2022\/09\/WhatsApp-Image-2022-09-01-at-8.36.09-AM-300x300.jpeg 300w, https:\/\/losperiodistas.com.mx\/portal\/wp-content\/uploads\/2022\/09\/WhatsApp-Image-2022-09-01-at-8.36.09-AM-150x150.jpeg 150w, https:\/\/losperiodistas.com.mx\/portal\/wp-content\/uploads\/2022\/09\/WhatsApp-Image-2022-09-01-at-8.36.09-AM-768x768.jpeg 768w\" sizes=\"(max-width: 443px) 100vw, 443px\" \/><\/figure><\/div>\n\n\n\n<p class=\"has-vivid-cyan-blue-color has-text-color has-medium-font-size\">REDACCI\u00d3N<\/p>\n\n\n\n<p><\/p>\n\n\n\n<p>Para celebrar el mes patrio y continuar diversificando la oferta cultural en el Centro Hist\u00f3rico, el Ayuntamiento de Puebla prepar\u00f3 m\u00e1s de 80 actividades que enaltecer\u00e1n el folclor mexicano; desde mariachi, cantautores, ballet, m\u00fasica regional, hasta un desfile charro y feria ganadera que podr\u00e1n disfrutarse de forma gratuita.<\/p>\n\n\n\n<p>Organizada por el Instituto Municipal de Arte y Cultura de Puebla (IMACP), esta agenda especial, denominada \u201cOto\u00f1o de Arte y Cultura\u201d, llenar\u00e1 nuevamente de presentaciones, performance y muchas sorpresas m\u00e1s el Z\u00f3calo de la Ciudad, el Parque Jard\u00edn San Luis, la calle 5 de Mayo, el Jard\u00edn El Carmen, el Teatro de la Ciudad y la Galer\u00eda de Palacio Municipal.<\/p>\n\n\n\n<p>Las actividades se desarrollar\u00e1n cada semana de jueves a domingo \u2013con excepci\u00f3n de algunos eventos especiales\u2014, y est\u00e1n encaminadas a reforzar los valores patri\u00f3ticos y el orgullo de ser mexicanos, por lo que este 01 de septiembre se estrena la programaci\u00f3n con el Mariachi Alas de Puebla, a las 19:30 horas en el Z\u00f3calo.<\/p>\n\n\n\n<p>Algunos de los eventos destacados del mes \u2013adem\u00e1s de la Ceremonia Conmemorativa del Grito de Independencia\u2014 son el Desfile Charro y Feria Ganadera en el Barrio de Asunci\u00f3n en San Francisco Totimehuac\u00e1n, el 16 de septiembre; la Segunda Edici\u00f3n de Noches Musicales y la Novena Edici\u00f3n de Noche de Museos, el s\u00e1bado 24; y el CineShow MX 3 Encuentro Nacional de Cines Independientes y Salas Alternativas, el mi\u00e9rcoles 28 y jueves 29 del mes.<\/p>\n\n\n\n<figure class=\"wp-block-image size-full is-style-default\"><img decoding=\"async\" width=\"1000\" height=\"1000\" src=\"https:\/\/losperiodistas.com.mx\/portal\/wp-content\/uploads\/2022\/09\/WhatsApp-Image-2022-09-01-at-8.36.09-AM-1.jpeg\" alt=\"\" class=\"wp-image-35826\" srcset=\"https:\/\/losperiodistas.com.mx\/portal\/wp-content\/uploads\/2022\/09\/WhatsApp-Image-2022-09-01-at-8.36.09-AM-1.jpeg 1000w, https:\/\/losperiodistas.com.mx\/portal\/wp-content\/uploads\/2022\/09\/WhatsApp-Image-2022-09-01-at-8.36.09-AM-1-300x300.jpeg 300w, https:\/\/losperiodistas.com.mx\/portal\/wp-content\/uploads\/2022\/09\/WhatsApp-Image-2022-09-01-at-8.36.09-AM-1-150x150.jpeg 150w, https:\/\/losperiodistas.com.mx\/portal\/wp-content\/uploads\/2022\/09\/WhatsApp-Image-2022-09-01-at-8.36.09-AM-1-768x768.jpeg 768w\" sizes=\"(max-width: 1000px) 100vw, 1000px\" \/><\/figure>\n\n\n\n<p>La programaci\u00f3n completa, con detalles de horario, fechas y sedes, ya est\u00e1 disponible en la p\u00e1gina pueblacapital.gob.mx, y tambi\u00e9n podr\u00e1 consultarse en las redes sociales del Ayuntamiento: @PueblaAyto en Twitter y @HAyuntamientoDePuebla en Facebook.<\/p>\n","protected":false},"excerpt":{"rendered":"<p>Las actividades se desarrollar\u00e1n cada semana de jueves a domingo \u2013con excepci\u00f3n de algunos eventos especiales\u2014, y est\u00e1n encaminadas a [&hellip;]<\/p>\n","protected":false},"author":1,"featured_media":35825,"comment_status":"open","ping_status":"open","sticky":false,"template":"","format":"standard","meta":{"site-sidebar-layout":"default","site-content-layout":"","ast-site-content-layout":"default","site-content-style":"default","site-sidebar-style":"default","ast-global-header-display":"","ast-banner-title-visibility":"","ast-main-header-display":"","ast-hfb-above-header-display":"","ast-hfb-below-header-display":"","ast-hfb-mobile-header-display":"","site-post-title":"","ast-breadcrumbs-content":"","ast-featured-img":"","footer-sml-layout":"","theme-transparent-header-meta":"","adv-header-id-meta":"","stick-header-meta":"","header-above-stick-meta":"","header-main-stick-meta":"","header-below-stick-meta":"","astra-migrate-meta-layouts":"default","ast-page-background-enabled":"default","ast-page-background-meta":{"desktop":{"background-color":"var(--ast-global-color-4)","background-image":"","background-repeat":"repeat","background-position":"center center","background-size":"auto","background-attachment":"scroll","background-type":"","background-media":"","overlay-type":"","overlay-color":"","overlay-opacity":"","overlay-gradient":""},"tablet":{"background-color":"","background-image":"","background-repeat":"repeat","background-position":"center center","background-size":"auto","background-attachment":"scroll","background-type":"","background-media":"","overlay-type":"","overlay-color":"","overlay-opacity":"","overlay-gradient":""},"mobile":{"background-color":"","background-image":"","background-repeat":"repeat","background-position":"center center","background-size":"auto","background-attachment":"scroll","background-type":"","background-media":"","overlay-type":"","overlay-color":"","overlay-opacity":"","overlay-gradient":""}},"ast-content-background-meta":{"desktop":{"background-color":"var(--ast-global-color-5)","background-image":"","background-repeat":"repeat","background-position":"center center","background-size":"auto","background-attachment":"scroll","background-type":"","background-media":"","overlay-type":"","overlay-color":"","overlay-opacity":"","overlay-gradient":""},"tablet":{"background-color":"var(--ast-global-color-5)","background-image":"","background-repeat":"repeat","background-position":"center center","background-size":"auto","background-attachment":"scroll","background-type":"","background-media":"","overlay-type":"","overlay-color":"","overlay-opacity":"","overlay-gradient":""},"mobile":{"background-color":"var(--ast-global-color-5)","background-image":"","background-repeat":"repeat","background-position":"center center","background-size":"auto","background-attachment":"scroll","background-type":"","background-media":"","overlay-type":"","overlay-color":"","overlay-opacity":"","overlay-gradient":""}},"footnotes":""},"categories":[8],"tags":[7279,4346],"class_list":["post-35824","post","type-post","status-publish","format-standard","has-post-thumbnail","hentry","category-noticias","tag-contigoyconrumbo","tag-mes-patrio"],"_links":{"self":[{"href":"https:\/\/losperiodistas.com.mx\/portal\/wp-json\/wp\/v2\/posts\/35824","targetHints":{"allow":["GET"]}}],"collection":[{"href":"https:\/\/losperiodistas.com.mx\/portal\/wp-json\/wp\/v2\/posts"}],"about":[{"href":"https:\/\/losperiodistas.com.mx\/portal\/wp-json\/wp\/v2\/types\/post"}],"author":[{"embeddable":true,"href":"https:\/\/losperiodistas.com.mx\/portal\/wp-json\/wp\/v2\/users\/1"}],"replies":[{"embeddable":true,"href":"https:\/\/losperiodistas.com.mx\/portal\/wp-json\/wp\/v2\/comments?post=35824"}],"version-history":[{"count":1,"href":"https:\/\/losperiodistas.com.mx\/portal\/wp-json\/wp\/v2\/posts\/35824\/revisions"}],"predecessor-version":[{"id":35827,"href":"https:\/\/losperiodistas.com.mx\/portal\/wp-json\/wp\/v2\/posts\/35824\/revisions\/35827"}],"wp:featuredmedia":[{"embeddable":true,"href":"https:\/\/losperiodistas.com.mx\/portal\/wp-json\/wp\/v2\/media\/35825"}],"wp:attachment":[{"href":"https:\/\/losperiodistas.com.mx\/portal\/wp-json\/wp\/v2\/media?parent=35824"}],"wp:term":[{"taxonomy":"category","embeddable":true,"href":"https:\/\/losperiodistas.com.mx\/portal\/wp-json\/wp\/v2\/categories?post=35824"},{"taxonomy":"post_tag","embeddable":true,"href":"https:\/\/losperiodistas.com.mx\/portal\/wp-json\/wp\/v2\/tags?post=35824"}],"curies":[{"name":"wp","href":"https:\/\/api.w.org\/{rel}","templated":true}]}}