{"id":35777,"date":"2022-09-01T05:31:15","date_gmt":"2022-09-01T10:31:15","guid":{"rendered":"http:\/\/losperiodistas.com.mx\/portal\/?p=35777"},"modified":"2022-09-01T05:31:16","modified_gmt":"2022-09-01T10:31:16","slug":"por-segunda-ocasion-trabajadores-de-volkswagen-rechazan-el-incremento-salarial-del-11-oem","status":"publish","type":"post","link":"https:\/\/losperiodistas.com.mx\/portal\/por-segunda-ocasion-trabajadores-de-volkswagen-rechazan-el-incremento-salarial-del-11-oem\/","title":{"rendered":"Por segunda ocasi\u00f3n, trabajadores de Volkswagen rechazan el incremento salarial del 11% | OEM"},"content":{"rendered":"\n<h3 class=\"wp-block-heading\">Tras la votaci\u00f3n, se registraron un total de 6 mil 675 votos, de los cuales 3 mil 450 fueron en contra<\/h3>\n\n\n\n<figure class=\"wp-block-image size-large is-style-default\"><img fetchpriority=\"high\" decoding=\"async\" width=\"1024\" height=\"722\" src=\"https:\/\/losperiodistas.com.mx\/portal\/wp-content\/uploads\/2022\/09\/Captura-de-Pantalla-2022-09-01-a-las-5.27.09-1024x722.jpg\" alt=\"\" class=\"wp-image-35778\" srcset=\"https:\/\/losperiodistas.com.mx\/portal\/wp-content\/uploads\/2022\/09\/Captura-de-Pantalla-2022-09-01-a-las-5.27.09-1024x722.jpg 1024w, https:\/\/losperiodistas.com.mx\/portal\/wp-content\/uploads\/2022\/09\/Captura-de-Pantalla-2022-09-01-a-las-5.27.09-300x211.jpg 300w, https:\/\/losperiodistas.com.mx\/portal\/wp-content\/uploads\/2022\/09\/Captura-de-Pantalla-2022-09-01-a-las-5.27.09-768x541.jpg 768w, https:\/\/losperiodistas.com.mx\/portal\/wp-content\/uploads\/2022\/09\/Captura-de-Pantalla-2022-09-01-a-las-5.27.09.jpg 1524w\" sizes=\"(max-width: 1024px) 100vw, 1024px\" \/><\/figure>\n\n\n\n<p class=\"has-vivid-cyan-blue-color has-text-color has-medium-font-size\">JAVIER ZAMBRANO \/ EL SOL DE PUEBLA<\/p>\n\n\n\n<p>Por segunda ocasi\u00f3n, los&nbsp;<strong>trabajadores sindicalizados de Volkswagen<\/strong>&nbsp;M\u00e9xico con sede en el estado de Puebla,&nbsp;<strong>rechazaron por mayor\u00eda de votos el incremento salarial y contractual<\/strong>&nbsp;del 11 por ciento que les ofreci\u00f3 la empresa alemana.<\/p>\n\n\n\n<p>Fue este mi\u00e9rcoles 31 de agosto cuando se llev\u00f3 a cabo la consulta, en donde\u00a0<strong>se registraron un total de 6 mil 675 votos,<\/strong>\u00a0de los cuales<strong>\u00a03 mil 450 fueron en contra<\/strong>\u00a0y 3 mil 225 a favor.<\/p>\n\n\n\n<p>Con l<strong>a participaci\u00f3n del 97 por ciento<\/strong>\u00a0de los 6 mil 867 empleados sindicalizados, el proceso es considerado v\u00e1lido por parte del Centro Federal de Conciliaci\u00f3n y Registro Laboral (CFCRL), por lo que\u00a0<strong>la decisi\u00f3n de los colaboradores es la definitiva.<\/strong><\/p>\n\n\n\n<p>Cabe recordar que la votaci\u00f3n de este mi\u00e9rcoles fue ordenada por la instituci\u00f3n antes mencionada,&nbsp;<strong>tras anular la consulta del pasado 5 de agosto,<\/strong>&nbsp;debido a que 2 mil 586 empleados votaron en contra y 2 mil 248 a favor, cuando la ley establece que deben ser como m\u00ednimo 3 mil 434 votos en cada una de las opciones.<\/p>\n\n\n\n<p>Ante este panorama, el Sindicato Independiente de Trabajadores de la Industria Automotriz, Similares y Conexos \u201cVolkswagen M\u00e9xico\u201d (SITIAVW),&nbsp;<strong>solo tendr\u00e1 dos opciones para darle continuidad al proceso.<\/strong><\/p>\n\n\n\n<p><strong>La primera ser\u00e1 volver a negociar con la empresa<\/strong>&nbsp;para pedir un incremento salarial y contractual que est\u00e9 por arriba del 11 por ciento global, y que se acerque m\u00e1s a la petici\u00f3n inicial, que fue del 19 por ciento.<\/p>\n\n\n\n<p>En caso de no llegar a ning\u00fan acuerdo,<strong>&nbsp;el organismo sindical deber\u00e1 estallar una huelga<\/strong>&nbsp;a partir del 9 de septiembre a las 11:00 de la ma\u00f1ana, la cual detendr\u00eda la producci\u00f3n de la f\u00e1brica ubicada en Cuautlancingo.<\/p>\n\n\n\n<p>No obstante, el CFCRL expuso que el sindicato tiene el derecho de&nbsp;<strong>solicitar una pr\u00f3rroga en el estallamiento de huelga<\/strong>&nbsp;para dar tiempo a celebrar pl\u00e1ticas con la empresa automotriz.<\/p>\n\n\n\n<p>Cabe recordar que Arturo Blasquez, asesor jur\u00eddico del SITIAVW, anticip\u00f3 que<strong>\u00a0en caso de una huelga, el Tribunal Laboral podr\u00eda declararla inv\u00e1lida\u00a0<\/strong>debido a que la empresa ha cumplido en todo momento con el pliego petitorio que entreg\u00f3 el sindicato, por lo que los trabajadores podr\u00edan perder el incremento del 11 por ciento que se hab\u00edan logrado.<\/p>\n\n\n\n<p>Fuente: https:\/\/www.elsoldepuebla.com.mx\/finanzas\/por-segunda-ocasion-trabajadores-de-volkswagen-rechazan-el-incremento-salarial-del-11-8824675.html<\/p>\n","protected":false},"excerpt":{"rendered":"<p>Tras la votaci\u00f3n, se registraron un total de 6 mil 675 votos, de los cuales 3 mil 450 fueron en [&hellip;]<\/p>\n","protected":false},"author":1,"featured_media":35779,"comment_status":"open","ping_status":"open","sticky":false,"template":"","format":"standard","meta":{"site-sidebar-layout":"default","site-content-layout":"","ast-site-content-layout":"default","site-content-style":"default","site-sidebar-style":"default","ast-global-header-display":"","ast-banner-title-visibility":"","ast-main-header-display":"","ast-hfb-above-header-display":"","ast-hfb-below-header-display":"","ast-hfb-mobile-header-display":"","site-post-title":"","ast-breadcrumbs-content":"","ast-featured-img":"","footer-sml-layout":"","theme-transparent-header-meta":"","adv-header-id-meta":"","stick-header-meta":"","header-above-stick-meta":"","header-main-stick-meta":"","header-below-stick-meta":"","astra-migrate-meta-layouts":"default","ast-page-background-enabled":"default","ast-page-background-meta":{"desktop":{"background-color":"var(--ast-global-color-4)","background-image":"","background-repeat":"repeat","background-position":"center center","background-size":"auto","background-attachment":"scroll","background-type":"","background-media":"","overlay-type":"","overlay-color":"","overlay-opacity":"","overlay-gradient":""},"tablet":{"background-color":"","background-image":"","background-repeat":"repeat","background-position":"center center","background-size":"auto","background-attachment":"scroll","background-type":"","background-media":"","overlay-type":"","overlay-color":"","overlay-opacity":"","overlay-gradient":""},"mobile":{"background-color":"","background-image":"","background-repeat":"repeat","background-position":"center center","background-size":"auto","background-attachment":"scroll","background-type":"","background-media":"","overlay-type":"","overlay-color":"","overlay-opacity":"","overlay-gradient":""}},"ast-content-background-meta":{"desktop":{"background-color":"var(--ast-global-color-5)","background-image":"","background-repeat":"repeat","background-position":"center center","background-size":"auto","background-attachment":"scroll","background-type":"","background-media":"","overlay-type":"","overlay-color":"","overlay-opacity":"","overlay-gradient":""},"tablet":{"background-color":"var(--ast-global-color-5)","background-image":"","background-repeat":"repeat","background-position":"center center","background-size":"auto","background-attachment":"scroll","background-type":"","background-media":"","overlay-type":"","overlay-color":"","overlay-opacity":"","overlay-gradient":""},"mobile":{"background-color":"var(--ast-global-color-5)","background-image":"","background-repeat":"repeat","background-position":"center center","background-size":"auto","background-attachment":"scroll","background-type":"","background-media":"","overlay-type":"","overlay-color":"","overlay-opacity":"","overlay-gradient":""}},"footnotes":""},"categories":[8],"tags":[9108,11832,12281],"class_list":["post-35777","post","type-post","status-publish","format-standard","has-post-thumbnail","hentry","category-noticias","tag-aumento-salarial","tag-sitiavw","tag-volkswagen-mexico"],"_links":{"self":[{"href":"https:\/\/losperiodistas.com.mx\/portal\/wp-json\/wp\/v2\/posts\/35777","targetHints":{"allow":["GET"]}}],"collection":[{"href":"https:\/\/losperiodistas.com.mx\/portal\/wp-json\/wp\/v2\/posts"}],"about":[{"href":"https:\/\/losperiodistas.com.mx\/portal\/wp-json\/wp\/v2\/types\/post"}],"author":[{"embeddable":true,"href":"https:\/\/losperiodistas.com.mx\/portal\/wp-json\/wp\/v2\/users\/1"}],"replies":[{"embeddable":true,"href":"https:\/\/losperiodistas.com.mx\/portal\/wp-json\/wp\/v2\/comments?post=35777"}],"version-history":[{"count":1,"href":"https:\/\/losperiodistas.com.mx\/portal\/wp-json\/wp\/v2\/posts\/35777\/revisions"}],"predecessor-version":[{"id":35780,"href":"https:\/\/losperiodistas.com.mx\/portal\/wp-json\/wp\/v2\/posts\/35777\/revisions\/35780"}],"wp:featuredmedia":[{"embeddable":true,"href":"https:\/\/losperiodistas.com.mx\/portal\/wp-json\/wp\/v2\/media\/35779"}],"wp:attachment":[{"href":"https:\/\/losperiodistas.com.mx\/portal\/wp-json\/wp\/v2\/media?parent=35777"}],"wp:term":[{"taxonomy":"category","embeddable":true,"href":"https:\/\/losperiodistas.com.mx\/portal\/wp-json\/wp\/v2\/categories?post=35777"},{"taxonomy":"post_tag","embeddable":true,"href":"https:\/\/losperiodistas.com.mx\/portal\/wp-json\/wp\/v2\/tags?post=35777"}],"curies":[{"name":"wp","href":"https:\/\/api.w.org\/{rel}","templated":true}]}}