{"id":35753,"date":"2022-08-31T13:19:15","date_gmt":"2022-08-31T18:19:15","guid":{"rendered":"http:\/\/losperiodistas.com.mx\/portal\/?p=35753"},"modified":"2022-08-31T13:19:22","modified_gmt":"2022-08-31T18:19:22","slug":"un-regreso-a-clases-con-grandes-retos","status":"publish","type":"post","link":"https:\/\/losperiodistas.com.mx\/portal\/un-regreso-a-clases-con-grandes-retos\/","title":{"rendered":"<strong>Un regreso a clases con grandes retos<\/strong>"},"content":{"rendered":"\n<p><\/p>\n\n\n\n<p class=\"has-vivid-cyan-blue-color has-text-color\" style=\"font-size:26px\"><strong><em>Por Fernando Manzanilla Prieto<\/em><\/strong><\/p>\n\n\n\n<p>Esta semana inici\u00f3 el ciclo escolar 2022-2023 para los ni\u00f1os de preescolar, primaria y adolescentes de secundaria, inscritos en las escuelas incorporadas a la Secretar\u00eda de Educaci\u00f3n P\u00fablica (SEP).<\/p>\n\n\n\n<p>Para muchos de estos estudiantes fue, literalmente, un regreso a las aulas, despu\u00e9s de que los dos ciclos escolares anteriores se tuvieron que cursar en modalidad a distancia, h\u00edbrida o semipresencial, a causa de la pandemia.<\/p>\n\n\n\n<p>Con seguridad, muchos de ellos, estuvieron felices de pisar por primera vez su escuela o conocer f\u00edsicamente a sus compa\u00f1eros. Sin embargo, muchos otros anhelar\u00e1n la practicidad de conectarse desde sus casas y estudiar bajo el cobijo -y comodidad- del entorno familiar.<\/p>\n\n\n\n<p>Porque la pandemia no s\u00f3lo nos trajo cambios en aspectos como la salud, trabajo, convivencia, sino que tambi\u00e9n transform\u00f3 el paradigma de la escuela y con ello el de la propia educaci\u00f3n.<\/p>\n\n\n\n<p>Nos permiti\u00f3 contemplar, de manera m\u00e1s cercana, los retos que como pa\u00eds tenemos en puerta y que, sin previo aviso, impregnaron nuestra realidad. Uno de los m\u00e1s urgentes es la necesidad de replantear el modelo educativo para los desaf\u00edos de este siglo, e incluso, los que vendr\u00e1n.<\/p>\n\n\n\n<p>Es indudable que M\u00e9xico requiere un modelo que le permita competir en el entorno actual que nos rodea, vinculado estrechamente con el desarrollo tecnol\u00f3gico y el internet.<\/p>\n\n\n\n<p>La aceleraci\u00f3n tecnol\u00f3gica se ve reflejada en la automatizaci\u00f3n de muchas actividades y en la llegada de la inteligencia artificial, con lo cual el ser humano ahorra tiempo, esfuerzo y recursos; por otra parte, tambi\u00e9n pone en riesgo su empleabilidad.<\/p>\n\n\n\n<p>Es un hecho que la tecnolog\u00eda ha venido destruyendo empleos desde la Revoluci\u00f3n Industrial de fines de siglo XVIII, pero hasta ahora los seres humanos siempre hab\u00edan logrado crear muchas m\u00e1s fuentes de trabajo que las que se hab\u00edan aniquilado con la tecnolog\u00eda. Sin embargo, hoy, como nunca antes, se vislumbra al desempleo tecnol\u00f3gico como uno de los grandes conflictos mundiales del siglo XXI.<\/p>\n\n\n\n<p>Incluso, antes de la pandemia, un estudio realizado por la Universidad de Oxford pronosticaba que el 47% de los empleos corr\u00edan ya el riesgo de ser reemplazados por robots y computadoras con inteligencia artificial en Estados Unidos, durante los pr\u00f3ximos 15 o 20 a\u00f1os.<\/p>\n\n\n\n<p>Pero, contrariamente a lo que muchos piensan, los pa\u00edses m\u00e1s amenazados por la automatizaci\u00f3n no ser\u00e1n Estados Unidos, Alemania, Jap\u00f3n y otras naciones industrializadas, sino muchos pa\u00edses en desarrollo de Am\u00e9rica Latina y Asia del Sur, acorde a lo investigado por el periodista Andr\u00e9s Oppenheimer.<\/p>\n\n\n\n<p>Es as\u00ed que m\u00e1s all\u00e1 de estos retos, producto de los cambios tecnol\u00f3gicos y la inmersi\u00f3n de la inteligencia artificial y la rob\u00f3tica, M\u00e9xico tiene a\u00fan pendiente cerrar la brecha que ha abierto en la educaci\u00f3n la propia conectividad.<\/p>\n\n\n\n<p>Si bien en la \u00faltima d\u00e9cada, el acceso a internet en el pa\u00eds creci\u00f3 m\u00e1s del doble al pasar de 21.3 a 52.1%, seg\u00fan el Censo de Poblaci\u00f3n y Vivienda 2020 del Instituto Nacional de Estad\u00edstica y Geograf\u00eda (Inegi), tambi\u00e9n lo es el que, de acuerdo con la UNESCO, el 24.84% de los estudiantes, de entre 7 y 17 a\u00f1os, no tienen acceso a internet.<\/p>\n\n\n\n<p>Este aspecto se presenta como una situaci\u00f3n preocupante, mucho m\u00e1s cuando en estos tiempos resulta dif\u00edcil pensar que se puede hacer algo sin tomar en consideraci\u00f3n el uso de internet.<\/p>\n\n\n\n<p>Pero m\u00e1s all\u00e1 de los embates de la propia automatizaci\u00f3n y la deficiente infraestructura del pa\u00eds, considero prioritario apostar por un enfoque educativo orientado a fortalecer competencias que preparen a los estudiantes para involucrarse y combatir la &nbsp;imperante desigualdad en la que vivimos.<\/p>\n\n\n\n<p>Es decir que, adem\u00e1s de impulsar a la ciencia y tecnolog\u00eda en los planes de estudio, tambi\u00e9n se deber\u00e1 considerar el que las nuevas generaciones se preparen, por una parte, en fortalecer el involucramiento social y, por otro lado, en robustecer habilidades blandas, como la creatividad, capacidad de trabajar en equipo, independencia e incluso en ser autodidactas.<\/p>\n\n\n\n<p>Como ya mencion\u00e9, la pandemia aceler\u00f3 estos cambios de manera impresionante, por lo que no nos queda mucho tiempo. Es urgente apostar por ello, ya que como pa\u00eds no tenemos otra alternativa para salir adelante m\u00e1s que un modelo educativo innovador, pues como dijo Malcolm X \u201cLa educaci\u00f3n es nuestro pasaporte para el futuro, porque el ma\u00f1ana pertenece a la gente que se prepara hoy\u201d.<\/p>\n","protected":false},"excerpt":{"rendered":"<p>Por Fernando Manzanilla Prieto Esta semana inici\u00f3 el ciclo escolar 2022-2023 para los ni\u00f1os de preescolar, primaria y adolescentes de [&hellip;]<\/p>\n","protected":false},"author":1,"featured_media":35754,"comment_status":"open","ping_status":"open","sticky":false,"template":"","format":"standard","meta":{"site-sidebar-layout":"default","site-content-layout":"","ast-site-content-layout":"default","site-content-style":"default","site-sidebar-style":"default","ast-global-header-display":"","ast-banner-title-visibility":"","ast-main-header-display":"","ast-hfb-above-header-display":"","ast-hfb-below-header-display":"","ast-hfb-mobile-header-display":"","site-post-title":"","ast-breadcrumbs-content":"","ast-featured-img":"","footer-sml-layout":"","theme-transparent-header-meta":"","adv-header-id-meta":"","stick-header-meta":"","header-above-stick-meta":"","header-main-stick-meta":"","header-below-stick-meta":"","astra-migrate-meta-layouts":"default","ast-page-background-enabled":"default","ast-page-background-meta":{"desktop":{"background-color":"var(--ast-global-color-4)","background-image":"","background-repeat":"repeat","background-position":"center center","background-size":"auto","background-attachment":"scroll","background-type":"","background-media":"","overlay-type":"","overlay-color":"","overlay-opacity":"","overlay-gradient":""},"tablet":{"background-color":"","background-image":"","background-repeat":"repeat","background-position":"center center","background-size":"auto","background-attachment":"scroll","background-type":"","background-media":"","overlay-type":"","overlay-color":"","overlay-opacity":"","overlay-gradient":""},"mobile":{"background-color":"","background-image":"","background-repeat":"repeat","background-position":"center center","background-size":"auto","background-attachment":"scroll","background-type":"","background-media":"","overlay-type":"","overlay-color":"","overlay-opacity":"","overlay-gradient":""}},"ast-content-background-meta":{"desktop":{"background-color":"var(--ast-global-color-5)","background-image":"","background-repeat":"repeat","background-position":"center center","background-size":"auto","background-attachment":"scroll","background-type":"","background-media":"","overlay-type":"","overlay-color":"","overlay-opacity":"","overlay-gradient":""},"tablet":{"background-color":"var(--ast-global-color-5)","background-image":"","background-repeat":"repeat","background-position":"center center","background-size":"auto","background-attachment":"scroll","background-type":"","background-media":"","overlay-type":"","overlay-color":"","overlay-opacity":"","overlay-gradient":""},"mobile":{"background-color":"var(--ast-global-color-5)","background-image":"","background-repeat":"repeat","background-position":"center center","background-size":"auto","background-attachment":"scroll","background-type":"","background-media":"","overlay-type":"","overlay-color":"","overlay-opacity":"","overlay-gradient":""}},"footnotes":""},"categories":[24,8],"tags":[3421],"class_list":["post-35753","post","type-post","status-publish","format-standard","has-post-thumbnail","hentry","category-fernando-manzanilla","category-noticias","tag-regreso-a-clases"],"_links":{"self":[{"href":"https:\/\/losperiodistas.com.mx\/portal\/wp-json\/wp\/v2\/posts\/35753","targetHints":{"allow":["GET"]}}],"collection":[{"href":"https:\/\/losperiodistas.com.mx\/portal\/wp-json\/wp\/v2\/posts"}],"about":[{"href":"https:\/\/losperiodistas.com.mx\/portal\/wp-json\/wp\/v2\/types\/post"}],"author":[{"embeddable":true,"href":"https:\/\/losperiodistas.com.mx\/portal\/wp-json\/wp\/v2\/users\/1"}],"replies":[{"embeddable":true,"href":"https:\/\/losperiodistas.com.mx\/portal\/wp-json\/wp\/v2\/comments?post=35753"}],"version-history":[{"count":1,"href":"https:\/\/losperiodistas.com.mx\/portal\/wp-json\/wp\/v2\/posts\/35753\/revisions"}],"predecessor-version":[{"id":35755,"href":"https:\/\/losperiodistas.com.mx\/portal\/wp-json\/wp\/v2\/posts\/35753\/revisions\/35755"}],"wp:featuredmedia":[{"embeddable":true,"href":"https:\/\/losperiodistas.com.mx\/portal\/wp-json\/wp\/v2\/media\/35754"}],"wp:attachment":[{"href":"https:\/\/losperiodistas.com.mx\/portal\/wp-json\/wp\/v2\/media?parent=35753"}],"wp:term":[{"taxonomy":"category","embeddable":true,"href":"https:\/\/losperiodistas.com.mx\/portal\/wp-json\/wp\/v2\/categories?post=35753"},{"taxonomy":"post_tag","embeddable":true,"href":"https:\/\/losperiodistas.com.mx\/portal\/wp-json\/wp\/v2\/tags?post=35753"}],"curies":[{"name":"wp","href":"https:\/\/api.w.org\/{rel}","templated":true}]}}