{"id":35750,"date":"2022-08-31T12:53:36","date_gmt":"2022-08-31T17:53:36","guid":{"rendered":"http:\/\/losperiodistas.com.mx\/portal\/?p=35750"},"modified":"2022-08-31T12:53:38","modified_gmt":"2022-08-31T17:53:38","slug":"alejandro-armenta-y-ana-lilia-rivera-dirigiran-la-mesa-directiva-del-senado-el-heraldo-de-mexico","status":"publish","type":"post","link":"https:\/\/losperiodistas.com.mx\/portal\/alejandro-armenta-y-ana-lilia-rivera-dirigiran-la-mesa-directiva-del-senado-el-heraldo-de-mexico\/","title":{"rendered":"Alejandro Armenta y Ana Lilia Rivera dirigir\u00e1n la Mesa Directiva del Senado | El Heraldo de M\u00e9xico"},"content":{"rendered":"\n<h2 class=\"wp-block-heading\">Armando Guadiana Tijerina dio a conocer esta informaci\u00f3n como primicia para Javier Alatorre en El Heraldo Media Group<\/h2>\n\n\n\n<figure class=\"wp-block-image size-full is-style-default\"><img fetchpriority=\"high\" decoding=\"async\" width=\"960\" height=\"540\" src=\"https:\/\/losperiodistas.com.mx\/portal\/wp-content\/uploads\/2022\/08\/f960x540-568152_642227_0.jpeg\" alt=\"\" class=\"wp-image-35751\" srcset=\"https:\/\/losperiodistas.com.mx\/portal\/wp-content\/uploads\/2022\/08\/f960x540-568152_642227_0.jpeg 960w, https:\/\/losperiodistas.com.mx\/portal\/wp-content\/uploads\/2022\/08\/f960x540-568152_642227_0-300x169.jpeg 300w, https:\/\/losperiodistas.com.mx\/portal\/wp-content\/uploads\/2022\/08\/f960x540-568152_642227_0-768x432.jpeg 768w\" sizes=\"(max-width: 960px) 100vw, 960px\" \/><figcaption><em>El senado ha elegido a su nuevo presidente Cr\u00e9ditos: Especial<\/em><\/figcaption><\/figure>\n\n\n\n<p><\/p>\n\n\n\n<p class=\"has-vivid-cyan-blue-color has-text-color has-medium-font-size\">EL HERALDO DIGITAL<\/p>\n\n\n\n<p><strong>Armando Guadiana Tijerina&nbsp;<\/strong>dio a conocer que en entrevista con Javier Alatorre en exclusiva que la nueva vicepresidenta de la Mesa Directiva del Senado es<strong>&nbsp;Ana Lilia Rivera&nbsp;<\/strong>y que&nbsp;<strong>Alejandro<\/strong>&nbsp;<strong>Armenta<\/strong>&nbsp;ser\u00e1 el nuevo l\u00edder en la C\u00e1mara alta.&nbsp;<\/p>\n\n\n\n<p>Destac\u00f3 que la votaci\u00f3n de\u00a0<strong>Morena<\/strong>\u00a0para elegir a estos funcionarios\u00a0del partido en\u00a0el\u00a0<strong>Senador<\/strong>\u00a0de\u00a0<strong>Rep\u00fablica<\/strong>\u00a0es un proceso transparente que dio como resultado la presentaci\u00f3n de los elegidos para\u00a0liderar al \u00f3rgano legislativo.\u00a0<\/p>\n\n\n\n<p>El pol\u00edtico, que sali\u00f3 a dar esta\u00a0<strong>entrevista<\/strong>\u00a0durante la votaci\u00f3n de los senadores, aplaudi\u00f3 que se haya reconocido al pol\u00edtico que apoy\u00f3 desde la candidatura y vio con buenos ojos que se le haya dado el voto de confianza.\u00a0<\/p>\n\n\n\n<figure class=\"wp-block-image is-style-default\"><img decoding=\"async\" src=\"https:\/\/heraldodemexico.com.mx\/u\/fotografias\/m\/2021\/10\/5\/f768x1-428024_428151_5050.jpg\" alt=\"\"\/><figcaption>El pol\u00edtico dio a conocer en vivo la decisi\u00f3n de la C\u00e1mara<\/figcaption><\/figure>\n\n\n\n<p>Morena en el\u00a0<strong>Senado<\/strong>\u00a0eligi\u00f3 con 36 votos a favor y 28 en contra a al senador\u00a0<a href=\"http:\/\/heraldodemexico.com.mx\/nacional\/2022\/8\/31\/morena-cierra-carrera-por-la-mesa-directiva-del-senado-martinez-armenta-unicos-contendientes-435499.html\" target=\"_blank\" rel=\"noreferrer noopener\">Alejandro Armenta Mier<\/a>\u00a0como su candidato para presidir la\u00a0<strong>Mesa Directiva del Senado.\u00a0<\/strong>h<\/p>\n\n\n\n<p>60 sensores de&nbsp;<strong>Morena<\/strong>&nbsp;y cuatro del&nbsp;<strong>Partido<\/strong>&nbsp;<strong>Encuentro<\/strong>&nbsp;<strong>Social<\/strong>&nbsp;votaron en urna y de manera secreta para elegir a su pr\u00f3ximo presidente del Senado.&nbsp; En la elecci\u00f3n, el senador&nbsp;<strong>Higinio<\/strong>&nbsp;<strong>Mart\u00ednez<\/strong>&nbsp;<strong>Miranda<\/strong>&nbsp;perdi\u00f3 la interna, ya que obtuvo 28 votos de los legisladores.&nbsp;<\/p>\n\n\n\n<p>Calific\u00f3 como una afrenta que varios funcionarios del gabinete no hayan acudido a la reuni\u00f3n plenaria del Movimiento de Regeneraci\u00f3n Nacional el d\u00eda de ayer. Incluy\u00f3 en este juicio a a\u00a0<strong>Mario<\/strong>\u00a0<strong>Delgado<\/strong>, l\u00edder nacional del partido.\u00a0<\/p>\n\n\n\n<p><strong>Armenta Mier<\/strong>&nbsp;es uno de los senadores cercanos al presidente de la Junta de Coordinaci\u00f3n Pol\u00edtica del Senado,&nbsp;<strong>Ricardo<\/strong>&nbsp;<strong>Monreal<\/strong>&nbsp;\u00c1vila, por lo que el senador zacatecano.<\/p>\n\n\n\n<p>De acuerdo con los senadores , el pr\u00f3ximo presidente del Senado deber\u00e1 garantizar la construcci\u00f3n de un acercamiento con el presidente&nbsp;<strong>Andr\u00e9s Manuel L\u00f3pez Obrador<\/strong>&nbsp;y la fuerza para que Morena enfrente las elecciones de 2023 en el&nbsp;<strong>Estado<\/strong>&nbsp;de&nbsp;<strong>M\u00e9xico<\/strong>.&nbsp;<\/p>\n\n\n\n<figure class=\"wp-block-image is-style-default\"><img decoding=\"async\" src=\"https:\/\/heraldodemexico.com.mx\/u\/fotografias\/m\/2022\/8\/31\/f768x1-568172_568299_0.jpeg\" alt=\"\"\/><figcaption>Ana Lilia Rivera se encargar\u00e1 de la vicepresidencia.<\/figcaption><\/figure>\n\n\n\n<p>Morena tambi\u00e9n eligi\u00f3 a&nbsp;<strong>Ana Lilia Rivera&nbsp;<\/strong>como la vicepresidenta de la&nbsp;<strong>Mesa<\/strong>&nbsp;<strong>Directiva<\/strong>&nbsp;del&nbsp;<strong>Senado<\/strong>, con 47 votos por 17 votos de la senadora<strong>&nbsp;Noemi Camino Farjat.&nbsp;<\/strong><\/p>\n\n\n\n<p>Los dos senadores electos ser\u00e1n sometidos a votaci\u00f3n todav\u00eda del Pleno del Senado de la Rep\u00fablica.&nbsp; Al final de la votaci\u00f3n, los senadores se tomaron la foto y entre gritos de unidad, unidad, unidad, lanzaron vivas al presidente Andr\u00e9s Manuel L\u00f3pez Obrador.<\/p>\n\n\n\n<p><strong>Alejandro Armenta<\/strong>, senador por&nbsp;<strong>Puebla<\/strong>, dijo en su discurso que se&nbsp;puede conseguir la cercan\u00eda con el presidente L\u00f3pez Obrador, ya que todos los senadores morenistas \u00abhemos sido leales a&nbsp;<strong>Morena<\/strong>&nbsp;y a la cuarta transformaci\u00f3n.<\/p>\n\n\n\n<blockquote class=\"wp-block-quote is-layout-flow wp-block-quote-is-layout-flow\"><p>\u00abVoy a honrar mi lealtad con el presidente de la Rep\u00fablica. Cumplir\u00e9 con el presidente y Me siento capaz de hablar con el presidente Andr\u00e9s Manuel L\u00f3pez\u00bb, dijo.<\/p><\/blockquote>\n\n\n\n<figure class=\"wp-block-image is-style-default\"><img decoding=\"async\" src=\"https:\/\/heraldodemexico.com.mx\/u\/fotografias\/m\/2020\/10\/20\/f768x1-271482_271609_5050.jpg\" alt=\"\"\/><figcaption>Encabezar\u00e1 el Senado.<\/figcaption><\/figure>\n\n\n\n<p>Fuente: https:\/\/heraldodemexico.com.mx\/nacional\/2022\/8\/31\/alejandro-armenta-ana-lilia-rivera-dirigiran-la-mesa-directiva-del-senado-435525.html<\/p>\n","protected":false},"excerpt":{"rendered":"<p>Armando Guadiana Tijerina dio a conocer esta informaci\u00f3n como primicia para Javier Alatorre en El Heraldo Media Group EL HERALDO [&hellip;]<\/p>\n","protected":false},"author":1,"featured_media":35751,"comment_status":"open","ping_status":"open","sticky":false,"template":"","format":"standard","meta":{"site-sidebar-layout":"default","site-content-layout":"","ast-site-content-layout":"default","site-content-style":"default","site-sidebar-style":"default","ast-global-header-display":"","ast-banner-title-visibility":"","ast-main-header-display":"","ast-hfb-above-header-display":"","ast-hfb-below-header-display":"","ast-hfb-mobile-header-display":"","site-post-title":"","ast-breadcrumbs-content":"","ast-featured-img":"","footer-sml-layout":"","theme-transparent-header-meta":"","adv-header-id-meta":"","stick-header-meta":"","header-above-stick-meta":"","header-main-stick-meta":"","header-below-stick-meta":"","astra-migrate-meta-layouts":"default","ast-page-background-enabled":"default","ast-page-background-meta":{"desktop":{"background-color":"var(--ast-global-color-4)","background-image":"","background-repeat":"repeat","background-position":"center center","background-size":"auto","background-attachment":"scroll","background-type":"","background-media":"","overlay-type":"","overlay-color":"","overlay-opacity":"","overlay-gradient":""},"tablet":{"background-color":"","background-image":"","background-repeat":"repeat","background-position":"center center","background-size":"auto","background-attachment":"scroll","background-type":"","background-media":"","overlay-type":"","overlay-color":"","overlay-opacity":"","overlay-gradient":""},"mobile":{"background-color":"","background-image":"","background-repeat":"repeat","background-position":"center center","background-size":"auto","background-attachment":"scroll","background-type":"","background-media":"","overlay-type":"","overlay-color":"","overlay-opacity":"","overlay-gradient":""}},"ast-content-background-meta":{"desktop":{"background-color":"var(--ast-global-color-5)","background-image":"","background-repeat":"repeat","background-position":"center center","background-size":"auto","background-attachment":"scroll","background-type":"","background-media":"","overlay-type":"","overlay-color":"","overlay-opacity":"","overlay-gradient":""},"tablet":{"background-color":"var(--ast-global-color-5)","background-image":"","background-repeat":"repeat","background-position":"center center","background-size":"auto","background-attachment":"scroll","background-type":"","background-media":"","overlay-type":"","overlay-color":"","overlay-opacity":"","overlay-gradient":""},"mobile":{"background-color":"var(--ast-global-color-5)","background-image":"","background-repeat":"repeat","background-position":"center center","background-size":"auto","background-attachment":"scroll","background-type":"","background-media":"","overlay-type":"","overlay-color":"","overlay-opacity":"","overlay-gradient":""}},"footnotes":""},"categories":[8],"tags":[2147,3299],"class_list":["post-35750","post","type-post","status-publish","format-standard","has-post-thumbnail","hentry","category-noticias","tag-alejandro-armenta-mier","tag-senado-mexico"],"_links":{"self":[{"href":"https:\/\/losperiodistas.com.mx\/portal\/wp-json\/wp\/v2\/posts\/35750","targetHints":{"allow":["GET"]}}],"collection":[{"href":"https:\/\/losperiodistas.com.mx\/portal\/wp-json\/wp\/v2\/posts"}],"about":[{"href":"https:\/\/losperiodistas.com.mx\/portal\/wp-json\/wp\/v2\/types\/post"}],"author":[{"embeddable":true,"href":"https:\/\/losperiodistas.com.mx\/portal\/wp-json\/wp\/v2\/users\/1"}],"replies":[{"embeddable":true,"href":"https:\/\/losperiodistas.com.mx\/portal\/wp-json\/wp\/v2\/comments?post=35750"}],"version-history":[{"count":1,"href":"https:\/\/losperiodistas.com.mx\/portal\/wp-json\/wp\/v2\/posts\/35750\/revisions"}],"predecessor-version":[{"id":35752,"href":"https:\/\/losperiodistas.com.mx\/portal\/wp-json\/wp\/v2\/posts\/35750\/revisions\/35752"}],"wp:featuredmedia":[{"embeddable":true,"href":"https:\/\/losperiodistas.com.mx\/portal\/wp-json\/wp\/v2\/media\/35751"}],"wp:attachment":[{"href":"https:\/\/losperiodistas.com.mx\/portal\/wp-json\/wp\/v2\/media?parent=35750"}],"wp:term":[{"taxonomy":"category","embeddable":true,"href":"https:\/\/losperiodistas.com.mx\/portal\/wp-json\/wp\/v2\/categories?post=35750"},{"taxonomy":"post_tag","embeddable":true,"href":"https:\/\/losperiodistas.com.mx\/portal\/wp-json\/wp\/v2\/tags?post=35750"}],"curies":[{"name":"wp","href":"https:\/\/api.w.org\/{rel}","templated":true}]}}