{"id":35743,"date":"2022-08-31T08:15:06","date_gmt":"2022-08-31T13:15:06","guid":{"rendered":"http:\/\/losperiodistas.com.mx\/portal\/?p=35743"},"modified":"2022-08-31T08:15:08","modified_gmt":"2022-08-31T13:15:08","slug":"francisco-hoy-estamos-viviendo-la-tercera-guerra-mundial-vatican-news","status":"publish","type":"post","link":"https:\/\/losperiodistas.com.mx\/portal\/francisco-hoy-estamos-viviendo-la-tercera-guerra-mundial-vatican-news\/","title":{"rendered":"Francisco: Hoy estamos viviendo la tercera guerra mundial | Vatican News"},"content":{"rendered":"\n<p class=\"has-medium-font-size\">En la Audiencia General, este mi\u00e9rcoles 31 de agosto, el Santo Padre se explay\u00f3 tanto sobre Ucrania como Irak, sacudido por un profundo malestar social.<\/p>\n\n\n\n<p><\/p>\n\n\n\n<figure class=\"wp-block-image size-full is-style-default\"><img fetchpriority=\"high\" decoding=\"async\" width=\"1000\" height=\"563\" src=\"https:\/\/losperiodistas.com.mx\/portal\/wp-content\/uploads\/2022\/08\/cq5dam.thumbnail.cropped.1000.563-2.jpeg\" alt=\"\" class=\"wp-image-35744\" srcset=\"https:\/\/losperiodistas.com.mx\/portal\/wp-content\/uploads\/2022\/08\/cq5dam.thumbnail.cropped.1000.563-2.jpeg 1000w, https:\/\/losperiodistas.com.mx\/portal\/wp-content\/uploads\/2022\/08\/cq5dam.thumbnail.cropped.1000.563-2-300x169.jpeg 300w, https:\/\/losperiodistas.com.mx\/portal\/wp-content\/uploads\/2022\/08\/cq5dam.thumbnail.cropped.1000.563-2-768x432.jpeg 768w\" sizes=\"(max-width: 1000px) 100vw, 1000px\" \/><figcaption>El Papa recuerda la tragedia del inicio de la Segunda Guerra Mundial hace 83 a\u00f1os<\/figcaption><\/figure>\n\n\n\n<p class=\"has-vivid-cyan-blue-color has-text-color has-medium-font-size\">GABRIELLA CERASO \/ VATICAN NEWS<\/p>\n\n\n\n<p>Era el 1\u00ba de septiembre de 1939 cuando la Alemania nazi invadi\u00f3 Polonia, desencadenando la Segunda Guerra Mundial que causar\u00eda casi 70 millones de v\u00edctimas. Una agresi\u00f3n que nos recuerda dram\u00e1ticamente a las v\u00edctimas de hoy y a la devastaci\u00f3n que generan los conflictos en nuestro mundo, que parece no haber atesorado esa lecci\u00f3n: de hecho, el Papa habla de una \u00abtercera\u00bb guerra mundial, no \u00aba trozos\u00bb, como ha dicho repetidamente hasta ahora, sino evidentemente global.<\/p>\n\n\n\n<h2 class=\"wp-block-heading\">Guerra, dolor y memoria<\/h2>\n\n\n\n<p>Sus palabras se produjeron durante su saludo a los fieles de habla polaca durante la audiencia general en el Aula Pablo VI.&nbsp; Francisco cita las celebraciones que tienen lugar cada a\u00f1o el 1 de septiembre en Polonia, empezando por la primera ciudad afectada por el bombardeo, Wielun, que marc\u00f3 -dice- tan \u00abdolorosamente a la naci\u00f3n polaca\u00bb. Luego, levantando la mirada, habla de improviso y a\u00f1ade:<\/p>\n\n\n\n<blockquote class=\"wp-block-quote is-layout-flow wp-block-quote-is-layout-flow\"><p>\u201cMa\u00f1ana se recordar\u00e1 el aniversario del estallido de la Segunda Guerra Mundial, que tan dolorosamente marc\u00f3 a la naci\u00f3n polaca. Y hoy estamos experimentando la Tercera. Que el recuerdo de las experiencias pasadas los impulse a cultivar la paz en vosotros mismos, en sus familias, en la vida social e internacional.\u201d<\/p><\/blockquote>\n\n\n\n<p>La paz como deseo que debe alimentarse en vuestros corazones y luego en la sociedad y en el mundo: la paz deseada y esperada, la paz invocada tantas veces y que todav\u00eda hoy lleva al Papa a mirar lo que est\u00e1 sucediendo en el coraz\u00f3n de Europa desde el 24 de febrero:<\/p>\n\n\n\n<blockquote class=\"wp-block-quote is-layout-flow wp-block-quote-is-layout-flow\"><p>\u201cRecemos de manera especial por el pueblo ucraniano.\u201d<\/p><\/blockquote>\n\n\n\n<h2 class=\"wp-block-heading\">Zaporizhzhia y el fuego cruzado<\/h2>\n\n\n\n<p>Las noticias de hoy vuelven a no escatimar en muertes y heridos. Es el d\u00eda de la llegada de los expertos del Organismo Internacional de la Energ\u00eda At\u00f3mica al emplazamiento de Zaporizhzhia con el objetivo de desmilitarizarlo, pero los bombardeos no cesan. Las defensas rusas han sido traspasadas en el frente de Kerson, mientras Kiev acusa a Mosc\u00fa de golpear los pasillos necesarios para el paso de la misi\u00f3n del OIEA. De hecho, la mayor instalaci\u00f3n nuclear de Europa est\u00e1 en manos del ej\u00e9rcito ruso desde principios de marzo y es bombardeada desde hace varias semanas. El Presidente ucraniano Zelensky -que se reuni\u00f3 ayer por la tarde con la delegaci\u00f3n de la agencia de la ONU- en su mensaje de v\u00eddeo a la naci\u00f3n esperaba que la misi\u00f3n se llevara a cabo de forma segura a pesar de la intimidaci\u00f3n rusa. En Kharkiv, un edificio residencial fue bombardeado durante la noche, no hubo v\u00edctimas. En cuanto a las consecuencias econ\u00f3micas, desde esta ma\u00f1ana y durante tres d\u00edas se ha interrumpido el suministro de gas a la UE desde Rusia. Para los trabajos de mantenimiento del Nord Stream, Gazprom dice. Mosc\u00fa culpa a los problemas derivados de las sanciones occidentales.<\/p>\n\n\n\n<h2 class=\"wp-block-heading\">Llamamiento por la paz en Irak<\/h2>\n\n\n\n<p>En el contexto de una tercera guerra mundial, se abre otro frente a la atenci\u00f3n de los fieles gracias a las palabras del Papa. Durante su saludo a los peregrinos de lengua italiana, Francisco expresa toda su preocupaci\u00f3n por los \u00abacontecimientos violentos\u00bb ocurridos en Bagdad en los \u00faltimos d\u00edas: invoca la paz y recuerda su viaje en 2021 entre gente que anhela la \u00abnormalidad\u00bb:<\/p>\n\n\n\n<blockquote class=\"wp-block-quote is-layout-flow wp-block-quote-is-layout-flow\"><p>\u201cPidamos a Dios en la oraci\u00f3n que d\u00e9 la paz al pueblo iraqu\u00ed. El a\u00f1o pasado tuve la alegr\u00eda de visitar Irak y sent\u00ed de primera mano el gran deseo de normalidad y convivencia pac\u00edfica entre las diferentes comunidades religiosas del pa\u00eds. El di\u00e1logo y la fraternidad son el camino para afrontar las dificultades actuales y alcanzar este objetivo.\u201d<\/p><\/blockquote>\n\n\n\n<p>Las dificultades son econ\u00f3micas y sociales: el pa\u00eds se encuentra en un impasse pol\u00edtico y en los \u00faltimos d\u00edas el asalto a las instituciones ha sido la manifestaci\u00f3n del malestar general, ligado al anuncio de la dimisi\u00f3n del l\u00edder chi\u00edta, el cl\u00e9rigo Moqtada al-Sadr. Una treintena de personas han muerto y cientos han resultado heridas.&nbsp;<\/p>\n\n\n\n<h2 class=\"wp-block-heading\">El terremoto: Que las instituciones intervengan<\/h2>\n\n\n\n<p>Por \u00faltimo, el pensamiento de Francisco se dirigi\u00f3 a los ciudadanos de Amatrice, Accumuli y Arquata del Tronto presentes en el Aula Pablo VI. El 24 de agosto de 2016, un violento terremoto sacudi\u00f3 el centro de Italia, arrasando esas ciudades y pueblos. S\u00f3lo en Amatrice hubo 237 v\u00edctimas de las 299 totales. \u00abAl recordar en la oraci\u00f3n a los difuntos, renuevo -dijo el Papa- la cercan\u00eda al coraz\u00f3n de sus familias\u00bb. De ah\u00ed la esperanza de que la ayuda institucional y la de las \u00abpersonas de buena voluntad\u00bb contin\u00fae para que podamos avanzar hacia el \u00abrenacimiento\u00bb.<a href=\"https:\/\/www.vaticannews.va\/es\/papa\/news\/2022-08\/catequesis-papa-francisco-discernimiento-indispensable.html\"><\/a>31\/08\/2022<\/p>\n\n\n\n<h2 class=\"wp-block-heading\"><a href=\"https:\/\/www.vaticannews.va\/es\/papa\/news\/2022-08\/catequesis-papa-francisco-discernimiento-indispensable.html\">El Papa: El discernimiento es agotador pero indispensable para la vida<\/a><\/h2>\n\n\n\n<p>Fuente: https:\/\/www.vaticannews.va\/es\/papa\/news\/2022-08\/francisco-audiencia-general-llamamiento-guerra.html<\/p>\n","protected":false},"excerpt":{"rendered":"<p>En la Audiencia General, este mi\u00e9rcoles 31 de agosto, el Santo Padre se explay\u00f3 tanto sobre Ucrania como Irak, sacudido [&hellip;]<\/p>\n","protected":false},"author":1,"featured_media":35744,"comment_status":"open","ping_status":"open","sticky":false,"template":"","format":"standard","meta":{"site-sidebar-layout":"default","site-content-layout":"","ast-site-content-layout":"default","site-content-style":"default","site-sidebar-style":"default","ast-global-header-display":"","ast-banner-title-visibility":"","ast-main-header-display":"","ast-hfb-above-header-display":"","ast-hfb-below-header-display":"","ast-hfb-mobile-header-display":"","site-post-title":"","ast-breadcrumbs-content":"","ast-featured-img":"","footer-sml-layout":"","theme-transparent-header-meta":"","adv-header-id-meta":"","stick-header-meta":"","header-above-stick-meta":"","header-main-stick-meta":"","header-below-stick-meta":"","astra-migrate-meta-layouts":"default","ast-page-background-enabled":"default","ast-page-background-meta":{"desktop":{"background-color":"var(--ast-global-color-4)","background-image":"","background-repeat":"repeat","background-position":"center center","background-size":"auto","background-attachment":"scroll","background-type":"","background-media":"","overlay-type":"","overlay-color":"","overlay-opacity":"","overlay-gradient":""},"tablet":{"background-color":"","background-image":"","background-repeat":"repeat","background-position":"center center","background-size":"auto","background-attachment":"scroll","background-type":"","background-media":"","overlay-type":"","overlay-color":"","overlay-opacity":"","overlay-gradient":""},"mobile":{"background-color":"","background-image":"","background-repeat":"repeat","background-position":"center center","background-size":"auto","background-attachment":"scroll","background-type":"","background-media":"","overlay-type":"","overlay-color":"","overlay-opacity":"","overlay-gradient":""}},"ast-content-background-meta":{"desktop":{"background-color":"var(--ast-global-color-5)","background-image":"","background-repeat":"repeat","background-position":"center center","background-size":"auto","background-attachment":"scroll","background-type":"","background-media":"","overlay-type":"","overlay-color":"","overlay-opacity":"","overlay-gradient":""},"tablet":{"background-color":"var(--ast-global-color-5)","background-image":"","background-repeat":"repeat","background-position":"center center","background-size":"auto","background-attachment":"scroll","background-type":"","background-media":"","overlay-type":"","overlay-color":"","overlay-opacity":"","overlay-gradient":""},"mobile":{"background-color":"var(--ast-global-color-5)","background-image":"","background-repeat":"repeat","background-position":"center center","background-size":"auto","background-attachment":"scroll","background-type":"","background-media":"","overlay-type":"","overlay-color":"","overlay-opacity":"","overlay-gradient":""}},"footnotes":""},"categories":[8],"tags":[12280,2234,12279],"class_list":["post-35743","post","type-post","status-publish","format-standard","has-post-thumbnail","hentry","category-noticias","tag-papa-francisco-angelus","tag-segunda-guerra-mundial","tag-tercera-guerra-mundial"],"_links":{"self":[{"href":"https:\/\/losperiodistas.com.mx\/portal\/wp-json\/wp\/v2\/posts\/35743","targetHints":{"allow":["GET"]}}],"collection":[{"href":"https:\/\/losperiodistas.com.mx\/portal\/wp-json\/wp\/v2\/posts"}],"about":[{"href":"https:\/\/losperiodistas.com.mx\/portal\/wp-json\/wp\/v2\/types\/post"}],"author":[{"embeddable":true,"href":"https:\/\/losperiodistas.com.mx\/portal\/wp-json\/wp\/v2\/users\/1"}],"replies":[{"embeddable":true,"href":"https:\/\/losperiodistas.com.mx\/portal\/wp-json\/wp\/v2\/comments?post=35743"}],"version-history":[{"count":1,"href":"https:\/\/losperiodistas.com.mx\/portal\/wp-json\/wp\/v2\/posts\/35743\/revisions"}],"predecessor-version":[{"id":35745,"href":"https:\/\/losperiodistas.com.mx\/portal\/wp-json\/wp\/v2\/posts\/35743\/revisions\/35745"}],"wp:featuredmedia":[{"embeddable":true,"href":"https:\/\/losperiodistas.com.mx\/portal\/wp-json\/wp\/v2\/media\/35744"}],"wp:attachment":[{"href":"https:\/\/losperiodistas.com.mx\/portal\/wp-json\/wp\/v2\/media?parent=35743"}],"wp:term":[{"taxonomy":"category","embeddable":true,"href":"https:\/\/losperiodistas.com.mx\/portal\/wp-json\/wp\/v2\/categories?post=35743"},{"taxonomy":"post_tag","embeddable":true,"href":"https:\/\/losperiodistas.com.mx\/portal\/wp-json\/wp\/v2\/tags?post=35743"}],"curies":[{"name":"wp","href":"https:\/\/api.w.org\/{rel}","templated":true}]}}