{"id":35735,"date":"2022-08-31T07:36:39","date_gmt":"2022-08-31T12:36:39","guid":{"rendered":"http:\/\/losperiodistas.com.mx\/portal\/?p=35735"},"modified":"2022-08-31T07:36:40","modified_gmt":"2022-08-31T12:36:40","slug":"vladimir-putin-gorbachov-fue-un-politico-que-personifico-cambios-globales-en-rusia-y-el-mundo-dw","status":"publish","type":"post","link":"https:\/\/losperiodistas.com.mx\/portal\/vladimir-putin-gorbachov-fue-un-politico-que-personifico-cambios-globales-en-rusia-y-el-mundo-dw\/","title":{"rendered":"Vladimir Putin: Gorbachov fue un pol\u00edtico que \u00abpersonific\u00f3 cambios globales en Rusia y el mundo\u00bb | DW"},"content":{"rendered":"\n<p class=\"has-medium-font-size\">El presidente de Rusia, Vlad\u00edmir Putin, afirm\u00f3 que el \u00faltimo l\u00edder sovi\u00e9tico, Mija\u00edl Gorbachov, que falleci\u00f3 este martes a los 91 a\u00f1os, fue un pol\u00edtico que \u00abinfluy\u00f3 enormemente en la marcha de la historia mundial\u00bb.<\/p>\n\n\n\n<p><\/p>\n\n\n\n<figure class=\"wp-block-image size-full is-style-default\"><img fetchpriority=\"high\" decoding=\"async\" width=\"700\" height=\"394\" src=\"https:\/\/losperiodistas.com.mx\/portal\/wp-content\/uploads\/2022\/08\/56613062_303.jpeg\" alt=\"\" class=\"wp-image-35736\" srcset=\"https:\/\/losperiodistas.com.mx\/portal\/wp-content\/uploads\/2022\/08\/56613062_303.jpeg 700w, https:\/\/losperiodistas.com.mx\/portal\/wp-content\/uploads\/2022\/08\/56613062_303-300x169.jpeg 300w\" sizes=\"(max-width: 700px) 100vw, 700px\" \/><figcaption>Mija\u00edl Gorbachov y el otrora canciller alem\u00e1n, Helmut Kohl, en Deidesheim, Alemania el 11 de noviembre de 1990<\/figcaption><\/figure>\n\n\n\n<p class=\"has-vivid-cyan-blue-color has-text-color has-medium-font-size\">DW<\/p>\n\n\n\n<p>\u00abMija\u00edl&nbsp;<a href=\"https:\/\/www.dw.com\/es\/mija%C3%ADl-gorbachov\/t-62980668\">Gorbachov<\/a>&nbsp;fue un pol\u00edtico y un estadista que influy\u00f3 enormemente en la marcha de la historia mundial\u00bb, se\u00f1al\u00f3 el jefe de Estado en un telegrama de condolencia publicado en la web oficial del&nbsp;<a href=\"https:\/\/www.dw.com\/es\/canciller-alem%C3%A1n-dice-que-gorbachov-muri%C3%B3-en-momentos-en-que-la-democracia-fracas%C3%B3-en-rusia\/a-62979459\">Kremlin.<\/a><\/p>\n\n\n\n<p>Putin destac\u00f3 que Gorbachov dirigi\u00f3 el pa\u00eds en un \u00abper\u00edodo de complejos y dram\u00e1ticos cambios, de desaf\u00edos sociales, econ\u00f3micos y de pol\u00edtica exterior de gran envergadura\u00bb.<\/p>\n\n\n\n<p>\u00abComprend\u00eda profundamente que las reformas eran necesarias y trat\u00f3 de proponer sus soluciones a&nbsp;<a href=\"https:\/\/www.dw.com\/es\/fue-gorbachov-el-perdedor-de-la-reunificaci%C3%B3n-alemana\/a-55125477\">problemas acuciantes<\/a>\u00ab, a\u00f1adi\u00f3.<\/p>\n\n\n\n<h2 class=\"wp-block-heading\">\u00abPersonific\u00f3 cambios globales en Rusia y el mundo\u00bb<\/h2>\n\n\n\n<p>El presidente ruso destac\u00f3 en especial la \u00abgran actividad humanitaria, benefactora y ilustradora que Mija\u00edl Sergu\u00e9yevich Gorbachov desarroll\u00f3 estos \u00faltimos a\u00f1os\u00bb. El primer ministro, Mija\u00edl Mishustin, se\u00f1al\u00f3 por su parte que Gorbachov \u00abpersonific\u00f3 los cambios globales que ocurrieron en Rusia y el mundo\u00bb.<\/p>\n\n\n\n<p>Seg\u00fan el portavoz de la Presidencia rusa, Dmitri Peskov, de momento no se ha decidido si los funerales de Gorbachov ser\u00e1n declarados de Estado.<\/p>\n\n\n\n<p>La Fundaci\u00f3n Gorbachov, que inform\u00f3 ayer de que \u00faltimo l\u00edder sovi\u00e9tico ser\u00e1 sepultado junto los restos de su esposa, Ra\u00edsa Gorbachova, indic\u00f3 hoy que la fecha de los funerales ser\u00e1 anunciada posiblemente en las pr\u00f3ximas horas.<\/p>\n\n\n\n<p>jov (efe, afp)<\/p>\n\n\n\n<p>Fuente: https:\/\/www.dw.com\/es\/vladimir-putin-gorbachov-fue-un-pol%C3%ADtico-que-personific%C3%B3-cambios-globales-en-rusia-y-el-mundo\/a-62980894<\/p>\n","protected":false},"excerpt":{"rendered":"<p>El presidente de Rusia, Vlad\u00edmir Putin, afirm\u00f3 que el \u00faltimo l\u00edder sovi\u00e9tico, Mija\u00edl Gorbachov, que falleci\u00f3 este martes a los [&hellip;]<\/p>\n","protected":false},"author":1,"featured_media":35736,"comment_status":"open","ping_status":"open","sticky":false,"template":"","format":"standard","meta":{"site-sidebar-layout":"default","site-content-layout":"","ast-site-content-layout":"default","site-content-style":"default","site-sidebar-style":"default","ast-global-header-display":"","ast-banner-title-visibility":"","ast-main-header-display":"","ast-hfb-above-header-display":"","ast-hfb-below-header-display":"","ast-hfb-mobile-header-display":"","site-post-title":"","ast-breadcrumbs-content":"","ast-featured-img":"","footer-sml-layout":"","theme-transparent-header-meta":"","adv-header-id-meta":"","stick-header-meta":"","header-above-stick-meta":"","header-main-stick-meta":"","header-below-stick-meta":"","astra-migrate-meta-layouts":"default","ast-page-background-enabled":"default","ast-page-background-meta":{"desktop":{"background-color":"var(--ast-global-color-4)","background-image":"","background-repeat":"repeat","background-position":"center center","background-size":"auto","background-attachment":"scroll","background-type":"","background-media":"","overlay-type":"","overlay-color":"","overlay-opacity":"","overlay-gradient":""},"tablet":{"background-color":"","background-image":"","background-repeat":"repeat","background-position":"center center","background-size":"auto","background-attachment":"scroll","background-type":"","background-media":"","overlay-type":"","overlay-color":"","overlay-opacity":"","overlay-gradient":""},"mobile":{"background-color":"","background-image":"","background-repeat":"repeat","background-position":"center center","background-size":"auto","background-attachment":"scroll","background-type":"","background-media":"","overlay-type":"","overlay-color":"","overlay-opacity":"","overlay-gradient":""}},"ast-content-background-meta":{"desktop":{"background-color":"var(--ast-global-color-5)","background-image":"","background-repeat":"repeat","background-position":"center center","background-size":"auto","background-attachment":"scroll","background-type":"","background-media":"","overlay-type":"","overlay-color":"","overlay-opacity":"","overlay-gradient":""},"tablet":{"background-color":"var(--ast-global-color-5)","background-image":"","background-repeat":"repeat","background-position":"center center","background-size":"auto","background-attachment":"scroll","background-type":"","background-media":"","overlay-type":"","overlay-color":"","overlay-opacity":"","overlay-gradient":""},"mobile":{"background-color":"var(--ast-global-color-5)","background-image":"","background-repeat":"repeat","background-position":"center center","background-size":"auto","background-attachment":"scroll","background-type":"","background-media":"","overlay-type":"","overlay-color":"","overlay-opacity":"","overlay-gradient":""}},"footnotes":""},"categories":[8],"tags":[6409,7151],"class_list":["post-35735","post","type-post","status-publish","format-standard","has-post-thumbnail","hentry","category-noticias","tag-mijail-gorbachov","tag-putin"],"_links":{"self":[{"href":"https:\/\/losperiodistas.com.mx\/portal\/wp-json\/wp\/v2\/posts\/35735","targetHints":{"allow":["GET"]}}],"collection":[{"href":"https:\/\/losperiodistas.com.mx\/portal\/wp-json\/wp\/v2\/posts"}],"about":[{"href":"https:\/\/losperiodistas.com.mx\/portal\/wp-json\/wp\/v2\/types\/post"}],"author":[{"embeddable":true,"href":"https:\/\/losperiodistas.com.mx\/portal\/wp-json\/wp\/v2\/users\/1"}],"replies":[{"embeddable":true,"href":"https:\/\/losperiodistas.com.mx\/portal\/wp-json\/wp\/v2\/comments?post=35735"}],"version-history":[{"count":1,"href":"https:\/\/losperiodistas.com.mx\/portal\/wp-json\/wp\/v2\/posts\/35735\/revisions"}],"predecessor-version":[{"id":35737,"href":"https:\/\/losperiodistas.com.mx\/portal\/wp-json\/wp\/v2\/posts\/35735\/revisions\/35737"}],"wp:featuredmedia":[{"embeddable":true,"href":"https:\/\/losperiodistas.com.mx\/portal\/wp-json\/wp\/v2\/media\/35736"}],"wp:attachment":[{"href":"https:\/\/losperiodistas.com.mx\/portal\/wp-json\/wp\/v2\/media?parent=35735"}],"wp:term":[{"taxonomy":"category","embeddable":true,"href":"https:\/\/losperiodistas.com.mx\/portal\/wp-json\/wp\/v2\/categories?post=35735"},{"taxonomy":"post_tag","embeddable":true,"href":"https:\/\/losperiodistas.com.mx\/portal\/wp-json\/wp\/v2\/tags?post=35735"}],"curies":[{"name":"wp","href":"https:\/\/api.w.org\/{rel}","templated":true}]}}