{"id":35729,"date":"2022-08-31T07:23:17","date_gmt":"2022-08-31T12:23:17","guid":{"rendered":"http:\/\/losperiodistas.com.mx\/portal\/?p=35729"},"modified":"2022-08-31T07:23:19","modified_gmt":"2022-08-31T12:23:19","slug":"andrew-morton-biografo-de-lady-di-el-principe-carlos-vivira-siempre-a-la-sombra-de-diana-vanity-fair","status":"publish","type":"post","link":"https:\/\/losperiodistas.com.mx\/portal\/andrew-morton-biografo-de-lady-di-el-principe-carlos-vivira-siempre-a-la-sombra-de-diana-vanity-fair\/","title":{"rendered":"Andrew Morton, bi\u00f3grafo de Lady Di: \u201cEl pr\u00edncipe Carlos vivir\u00e1 siempre a la sombra de Diana\u201d | Vanity Fair"},"content":{"rendered":"\n<p>El bi\u00f3grafo Andrew Morton, que conoci\u00f3 bien a la princesa Diana, reedita una nueva versi\u00f3n de su libro basado en las confidencias de la propia Lady Di. Veinticinco a\u00f1os despu\u00e9s de la muerte de la princesa de Gales, nos habla de una personalidad que permanecer\u00e1 para siempre en el coraz\u00f3n del pueblo brit\u00e1nico.<\/p>\n\n\n\n<p><\/p>\n\n\n\n<figure class=\"wp-block-image size-large is-style-default\"><img fetchpriority=\"high\" decoding=\"async\" width=\"1024\" height=\"576\" src=\"https:\/\/losperiodistas.com.mx\/portal\/wp-content\/uploads\/2022\/08\/Captura-de-Pantalla-2022-08-31-a-las-7.18.34-1024x576.jpg\" alt=\"\" class=\"wp-image-35730\" srcset=\"https:\/\/losperiodistas.com.mx\/portal\/wp-content\/uploads\/2022\/08\/Captura-de-Pantalla-2022-08-31-a-las-7.18.34-1024x576.jpg 1024w, https:\/\/losperiodistas.com.mx\/portal\/wp-content\/uploads\/2022\/08\/Captura-de-Pantalla-2022-08-31-a-las-7.18.34-300x169.jpg 300w, https:\/\/losperiodistas.com.mx\/portal\/wp-content\/uploads\/2022\/08\/Captura-de-Pantalla-2022-08-31-a-las-7.18.34-768x432.jpg 768w, https:\/\/losperiodistas.com.mx\/portal\/wp-content\/uploads\/2022\/08\/Captura-de-Pantalla-2022-08-31-a-las-7.18.34-1536x864.jpg 1536w, https:\/\/losperiodistas.com.mx\/portal\/wp-content\/uploads\/2022\/08\/Captura-de-Pantalla-2022-08-31-a-las-7.18.34.jpg 1944w\" sizes=\"(max-width: 1024px) 100vw, 1024px\" \/><figcaption>El pr\u00edncipe Carlos y la princesa Diana en una recepci\u00f3n en Auckland, Nueva Zelanda, en abril de 1983. ANWAR HUSSEIN\/GETTY IMAGES<\/figcaption><\/figure>\n\n\n\n<p class=\"has-vivid-cyan-blue-color has-text-color has-medium-font-size\">KAHINA SEKKAI \/ VANITY FAIR<\/p>\n\n\n\n<p><strong>Se cumplen 25 a\u00f1os de su muerte,<\/strong>&nbsp;<a href=\"https:\/\/www.vanityfair.fr\/dossier\/lady-diana\"><strong>\u00bfla princesa Diana<\/strong><\/a>&nbsp;<strong>ha desvelado todos sus secretos?<\/strong><br>Creo que s\u00ed.&nbsp;Ser\u00eda interesante escuchar a sus hermanos y a otras personas muy cercanas que guardaron silencio y que podr\u00edan aportar un nuevo punto de vista. Aunque creo que toda su vida ha sido sometida a un pormenorizado escrutinio.&nbsp;Vivi\u00f3 y muri\u00f3 bajo los focos.<\/p>\n\n\n\n<p><strong>\u00bfC\u00f3mo vivi\u00f3 el 31 de agosto de 1997,<\/strong>&nbsp;<a href=\"https:\/\/www.vanityfair.fr\/savoir-vivre\/article\/les-theories-du-complot-les-plus-tenaces-sur-la-mort-de-lady-di\"><strong>el d\u00eda de su muerte<\/strong><\/a><strong>?<\/strong><br>Estaba en el festival de arte de Edimburgo, me enter\u00e9 nada m\u00e1s despertar y volv\u00ed a Londres en cuanto pude. Consegu\u00ed el \u00faltimo asiento disponible en el primer vuelo. Me acuerdo de que me cruc\u00e9 con un franc\u00e9s, que me reconoci\u00f3 porque me hab\u00eda visto en un programa de televisi\u00f3n. Me pas\u00f3 una nota disculp\u00e1ndose en nombre de la naci\u00f3n francesa por lo ocurrido. Entonces, la gente pensaba que el coche se hab\u00eda estrellado por culpa de los paparazzi, lo que result\u00f3 no ser cierto.PUBLICIDAD<\/p>\n\n\n\n<p><strong>En su libro explica c\u00f3mo Diana plane\u00f3 contar al mundo el romance del pr\u00edncipe Carlos con Camilla Parker Bowles. \u00bfPlaneaba hacerlo para poner fin a un matrimonio infeliz o para vengarse de una familia real que parec\u00eda despreciarla?<\/strong><br>No creo que la familia real la despreciara. Ten\u00eda aliados y enemigos. La reina era una aliada,&nbsp;<a href=\"https:\/\/www.vanityfair.fr\/savoir-vivre\/article\/piques-trahisons-et-coups-bas-les-relations-tumultueuses-entre-la-princesse-margaret-et-lady-diana\">la princesa Margarita tambi\u00e9n<\/a>, al menos hasta la&nbsp;<a href=\"https:\/\/www.vanityfair.fr\/actualites\/article\/un-episode-de-la-saison-5-de-the-crown-sera-consacre-a-linterview-de-lady-diana-dans-lemission-panorama\">entrevista en&nbsp;<em>Panorama<\/em>&nbsp;con Martin Bashir<\/a>. La reina madre estaba muy unida a su abuela Ruth, que era una de sus damas de compa\u00f1\u00eda. Diana estaba en medio de estas corrientes opuestas dentro de la familia real.<\/p>\n\n\n\n<figure class=\"wp-block-pullquote\"><blockquote><p><em><strong>\u00abVer a Harry es como ver a Diana\u00bb<\/strong><\/em><\/p><\/blockquote><\/figure>\n\n\n\n<p><strong>Seg\u00fan su antiguo guardaespaldas Lee Sansum,<\/strong>&nbsp;<a href=\"https:\/\/www.vanityfair.fr\/royautes\/article\/la-princesse-diana-avait-prevu-de-demenager-aux-etats-unis-sans-les-princes-harry-et-william\"><strong>Diana planeaba dejar Reino Unido y trasladarse a Estados Unidos<\/strong><\/a>&nbsp;<strong>sin los pr\u00edncipes Guillermo y Harry.<\/strong><br>Estaba planeando comprar la casa de Julie Andrews en Malib\u00fa y hablaba con Dodi [al-Fayed] sobre la posibilidad de mudarse a Estados Unidos. Como cuento en mi libro, en los \u00faltimos 18 meses de su vida pas\u00f3 mucho tiempo en Estados Unidos. Le gustaba que no la criticaran, sentirse adulada y apreciada.&nbsp;<a href=\"https:\/\/www.vanityfair.fr\/savoir-vivre\/article\/quand-lady-diana-voulait-conquerir-hollywood-et-devenir-une-star-de-cinema\">Ve\u00eda Estados Unidos como una tierra de oportunidades<\/a>&nbsp;y optimismo. Sinceramente, le habr\u00eda encantado que el pr\u00edncipe Harry se mudara a Montecito.<\/p>\n\n\n\n<p><strong>Muchos comparan lo que le pas\u00f3 a Diana con lo que le est\u00e1 pasando a Meghan.&nbsp;\u00bfSon dos situaciones y dos mujeres parecidas?<\/strong><br>Diana vivi\u00f3 estas experiencias porque su matrimonio termin\u00f3, mientras que Meghan Markle, que tiene tanto admiradores como detractores, y el pr\u00edncipe Harry parecen enamorados de verdad.&nbsp;<a href=\"https:\/\/www.vanityfair.fr\/mode\/article\/meghan-markle-rend-hommage-a-diana-en-portant-son-sac-prefere-avec-un-twist\">Meghan y Diana tienen un punto en com\u00fan<\/a>: ambas han sido acusadas de crear sus propias reglas e imponer cambios. Diana fue tachada de monstruo, Meghan de acosadora.&nbsp;Parece que el escenario se repite.<\/p>\n\n\n\n<p><strong>\u00bfEn qu\u00e9 se parecen los pr\u00edncipes Guillermo y Harry a su madre?<\/strong><br>Ver a Harry es como ver a Diana: la forma de arrodillarse cuando habla con los ni\u00f1os, su lado sensible, la mano en el coraz\u00f3n\u2026 recuerda much\u00edsimo a su madre. Guillermo es m\u00e1s reservado, m\u00e1s reflexivo, su duelo ha sido distinto. Su trabajo con las personas sin hogar es fruto de lo que le ense\u00f1\u00f3 su madre cuando era ni\u00f1o.<\/p>\n\n\n\n<figure class=\"wp-block-pullquote\"><blockquote><p><strong><em>\u00abA Diana se le romper\u00eda el coraz\u00f3n viendo el distanciamiento entre Guillermo y Harry\u00bb<\/em><\/strong><\/p><\/blockquote><\/figure>\n\n\n\n<p><strong>El pr\u00edncipe Carlos ser\u00e1 rey alg\u00fan d\u00eda, se divorci\u00f3 de Diana a\u00f1os antes de su muerte, pero a\u00fan as\u00ed le siguen relacionando con su primer matrimonio. \u00bfAlg\u00fan d\u00eda podr\u00e1n dejar de vincularle con Diana?<\/strong><br>No. Sinceramente, el pr\u00edncipe Carlos siempre ser\u00e1 recordado por su matrimonio con Diana, igual que Enrique VIII es recordado por sus seis esposas. La tragedia de Carlos es que siempre ser\u00e1 definido por su esposa. Nunca conseguir\u00e1 que se olvide a la primera princesa de Gales, que se divorci\u00f3 por un adulterio con una mujer casada. Siempre vivir\u00e1 a la sombra de su esposa: cuando se escriba su obituario, la segunda frase ser\u00e1 sobre la princesa Diana.<\/p>\n\n\n\n<p><strong>Usted conoc\u00eda bien a Diana, \u00bfc\u00f3mo cree que habr\u00eda reaccionado a las \u00faltimas noticias sobre la familia real? El distanciamiento de Harry y Meghan, el esc\u00e1ndalo de Andr\u00e9s\u2026<\/strong><br>En el lado positivo, estar\u00eda encantada de ver que Guillermo est\u00e1 felizmente casado y que Catalina se ha convertido en un miembro maduro, seguro, elocuente y glamuroso de la familia real. Por no hablar de sus tres adorables hijos: habr\u00eda sido una abuela tremendamente feliz. Pero se le romper\u00eda el coraz\u00f3n por el distanciamiento entre Guillermo y Harry. Una vez me cont\u00f3 que Harry hab\u00eda nacido para ser el apoyo de Guillermo, para protegerlo y ser su leal ayudante. Su desencuentro, que no parece que vaya a resolverse, la pondr\u00eda muy triste. Pero no es la primera vez ocurre algo as\u00ed en la familia real: Jorge VI no se hablaba con su hermano, el duque de Windsor, y nunca se reconciliaron. En cuanto a Andr\u00e9s, Diana siempre se llev\u00f3 muy bien con \u00e9l y creo que lo sentir\u00eda mucho por Fergie y sus hijas, Beatriz y Eugenia. Es dif\u00edcil saber si Andr\u00e9s se recuperar\u00e1 alg\u00fan d\u00eda, pues estar\u00e1 siempre vinculado a este esc\u00e1ndalo.\u00a0Diana pensar\u00eda que es muy idiota.<\/p>\n\n\n\n<p>Fuente: https:\/\/www.revistavanityfair.es\/articulos\/andrew-morton-biografo-de-lady-di-el-principe-carlos-vivira-siempre-a-la-sombra-de-diana<\/p>\n","protected":false},"excerpt":{"rendered":"<p>El bi\u00f3grafo Andrew Morton, que conoci\u00f3 bien a la princesa Diana, reedita una nueva versi\u00f3n de su libro basado en [&hellip;]<\/p>\n","protected":false},"author":1,"featured_media":35730,"comment_status":"open","ping_status":"open","sticky":false,"template":"","format":"standard","meta":{"site-sidebar-layout":"default","site-content-layout":"","ast-site-content-layout":"default","site-content-style":"default","site-sidebar-style":"default","ast-global-header-display":"","ast-banner-title-visibility":"","ast-main-header-display":"","ast-hfb-above-header-display":"","ast-hfb-below-header-display":"","ast-hfb-mobile-header-display":"","site-post-title":"","ast-breadcrumbs-content":"","ast-featured-img":"","footer-sml-layout":"","theme-transparent-header-meta":"","adv-header-id-meta":"","stick-header-meta":"","header-above-stick-meta":"","header-main-stick-meta":"","header-below-stick-meta":"","astra-migrate-meta-layouts":"default","ast-page-background-enabled":"default","ast-page-background-meta":{"desktop":{"background-color":"var(--ast-global-color-4)","background-image":"","background-repeat":"repeat","background-position":"center center","background-size":"auto","background-attachment":"scroll","background-type":"","background-media":"","overlay-type":"","overlay-color":"","overlay-opacity":"","overlay-gradient":""},"tablet":{"background-color":"","background-image":"","background-repeat":"repeat","background-position":"center center","background-size":"auto","background-attachment":"scroll","background-type":"","background-media":"","overlay-type":"","overlay-color":"","overlay-opacity":"","overlay-gradient":""},"mobile":{"background-color":"","background-image":"","background-repeat":"repeat","background-position":"center center","background-size":"auto","background-attachment":"scroll","background-type":"","background-media":"","overlay-type":"","overlay-color":"","overlay-opacity":"","overlay-gradient":""}},"ast-content-background-meta":{"desktop":{"background-color":"var(--ast-global-color-5)","background-image":"","background-repeat":"repeat","background-position":"center center","background-size":"auto","background-attachment":"scroll","background-type":"","background-media":"","overlay-type":"","overlay-color":"","overlay-opacity":"","overlay-gradient":""},"tablet":{"background-color":"var(--ast-global-color-5)","background-image":"","background-repeat":"repeat","background-position":"center center","background-size":"auto","background-attachment":"scroll","background-type":"","background-media":"","overlay-type":"","overlay-color":"","overlay-opacity":"","overlay-gradient":""},"mobile":{"background-color":"var(--ast-global-color-5)","background-image":"","background-repeat":"repeat","background-position":"center center","background-size":"auto","background-attachment":"scroll","background-type":"","background-media":"","overlay-type":"","overlay-color":"","overlay-opacity":"","overlay-gradient":""}},"footnotes":""},"categories":[8],"tags":[12210,2394],"class_list":["post-35729","post","type-post","status-publish","format-standard","has-post-thumbnail","hentry","category-noticias","tag-lady-di","tag-princesa-diana"],"_links":{"self":[{"href":"https:\/\/losperiodistas.com.mx\/portal\/wp-json\/wp\/v2\/posts\/35729","targetHints":{"allow":["GET"]}}],"collection":[{"href":"https:\/\/losperiodistas.com.mx\/portal\/wp-json\/wp\/v2\/posts"}],"about":[{"href":"https:\/\/losperiodistas.com.mx\/portal\/wp-json\/wp\/v2\/types\/post"}],"author":[{"embeddable":true,"href":"https:\/\/losperiodistas.com.mx\/portal\/wp-json\/wp\/v2\/users\/1"}],"replies":[{"embeddable":true,"href":"https:\/\/losperiodistas.com.mx\/portal\/wp-json\/wp\/v2\/comments?post=35729"}],"version-history":[{"count":1,"href":"https:\/\/losperiodistas.com.mx\/portal\/wp-json\/wp\/v2\/posts\/35729\/revisions"}],"predecessor-version":[{"id":35731,"href":"https:\/\/losperiodistas.com.mx\/portal\/wp-json\/wp\/v2\/posts\/35729\/revisions\/35731"}],"wp:featuredmedia":[{"embeddable":true,"href":"https:\/\/losperiodistas.com.mx\/portal\/wp-json\/wp\/v2\/media\/35730"}],"wp:attachment":[{"href":"https:\/\/losperiodistas.com.mx\/portal\/wp-json\/wp\/v2\/media?parent=35729"}],"wp:term":[{"taxonomy":"category","embeddable":true,"href":"https:\/\/losperiodistas.com.mx\/portal\/wp-json\/wp\/v2\/categories?post=35729"},{"taxonomy":"post_tag","embeddable":true,"href":"https:\/\/losperiodistas.com.mx\/portal\/wp-json\/wp\/v2\/tags?post=35729"}],"curies":[{"name":"wp","href":"https:\/\/api.w.org\/{rel}","templated":true}]}}