{"id":35713,"date":"2022-08-31T01:31:39","date_gmt":"2022-08-31T06:31:39","guid":{"rendered":"http:\/\/losperiodistas.com.mx\/portal\/?p=35713"},"modified":"2022-08-31T01:31:41","modified_gmt":"2022-08-31T06:31:41","slug":"muere-a-los-60-anos-camilo-guevara-march-hijo-del-che-guevara-nius","status":"publish","type":"post","link":"https:\/\/losperiodistas.com.mx\/portal\/muere-a-los-60-anos-camilo-guevara-march-hijo-del-che-guevara-nius\/","title":{"rendered":"Muere a los 60 a\u00f1os Camilo Guevara March, hijo del Che Guevara\u00a0| NIUS"},"content":{"rendered":"\n<ul class=\"has-medium-font-size wp-block-list\"><li>El hijo del l\u00edder de la Revoluci\u00f3n Cubana ha fallecido en Caracas por un tromboembolismo pulmonar que deriv\u00f3 en un infarto<\/li><li>Era, junto a Aleida, Celia y Ernesto, uno de los cuatro hijos que el Che tuvo con Adeila March<\/li><\/ul>\n\n\n\n<p><\/p>\n\n\n\n<figure class=\"wp-block-image size-large\"><img fetchpriority=\"high\" decoding=\"async\" width=\"1024\" height=\"576\" src=\"https:\/\/losperiodistas.com.mx\/portal\/wp-content\/uploads\/2022\/08\/guevara_f81f-1024x576.jpg\" alt=\"\" class=\"wp-image-35714\" srcset=\"https:\/\/losperiodistas.com.mx\/portal\/wp-content\/uploads\/2022\/08\/guevara_f81f-1024x576.jpg 1024w, https:\/\/losperiodistas.com.mx\/portal\/wp-content\/uploads\/2022\/08\/guevara_f81f-300x169.jpg 300w, https:\/\/losperiodistas.com.mx\/portal\/wp-content\/uploads\/2022\/08\/guevara_f81f-768x432.jpg 768w, https:\/\/losperiodistas.com.mx\/portal\/wp-content\/uploads\/2022\/08\/guevara_f81f.jpg 1200w\" sizes=\"(max-width: 1024px) 100vw, 1024px\" \/><figcaption>Camilo Guevara March GETTY<\/figcaption><\/figure>\n\n\n\n<p class=\"has-vivid-cyan-blue-color has-text-color has-medium-font-size\">NIUS<\/p>\n\n\n\n<p>Camilo Guevara March, hijo de Ernesto, Che Guevara, ha muerto a los\u00a0<strong>60 a\u00f1os<\/strong>. As\u00ed lo ha comunicado a trav\u00e9s de su cuenta de Twitter, el presidente de Cuba,<strong>\u00a0Miguel D\u00edaz-Canel<\/strong>. \u00abCon profundo dolor decimos adi\u00f3s a Camilo, hijo del Che y promotor de sus ideas, como directivo del Centro Che, que conserva parte del extraordinario legado de su padre. Abrazos a su madre, Aleida, a su viuda e hijas y a toda la familia Guevara March.<\/p>\n\n\n\n<figure class=\"wp-block-embed is-type-rich is-provider-twitter wp-block-embed-twitter\"><div class=\"wp-block-embed__wrapper\">\n<blockquote class=\"twitter-tweet\" data-width=\"500\" data-dnt=\"true\"><p lang=\"es\" dir=\"ltr\">Con profundo dolor decimos adi\u00f3s a Camilo, hijo del Che y promotor de sus ideas, como directivo del Centro Che, que conserva parte del extraordinario legado de su padre. Abrazos a su madre, Aleida, a su viuda e hijas y a toda la familia Guevara March. <a href=\"https:\/\/t.co\/n7PaAVbmC2\">pic.twitter.com\/n7PaAVbmC2<\/a><\/p>&mdash; Miguel D\u00edaz-Canel Berm\u00fadez (@DiazCanelB) <a href=\"https:\/\/twitter.com\/DiazCanelB\/status\/1564574963461496833?ref_src=twsrc%5Etfw\">August 30, 2022<\/a><\/blockquote><script async src=\"https:\/\/platform.twitter.com\/widgets.js\" charset=\"utf-8\"><\/script>\n<\/div><\/figure>\n\n\n\n<p>Sobre las causas de su muerte, el gobierno cubano y diversos medios internacionales aseguran que Guevara March, se encontraba de visita en Caracas y falleci\u00f3 \u00ab<strong>a consecuencia de un tromboembolismo pulmonar que deriv\u00f3 en un infarto\u00bb.<\/strong><\/p>\n\n\n\n<p><strong>Camilo Guevara March,<\/strong>\u00a0nacido en 1962 era uno de los cuatro hijos que el revolucionario argentino tuvo con<strong>\u00a0Aleida March,<\/strong>\u00a0junto Aleida, Celia y Ernesto.\u00a0Actualmente dirig\u00eda en La Habana el \u00a0Centro Che, que conserva archivos personales del l\u00edder de la Revoluci\u00f3n Cubana y que se dedica a la promoci\u00f3n de su vida, obra y pensamiento.<\/p>\n\n\n\n<p>Fuente: https:\/\/www.niusdiario.es\/internacional\/latinoamerica\/20220830\/muere-camilo-guevara-march-hijo-che-cuba_18_07335687.html<\/p>\n","protected":false},"excerpt":{"rendered":"<p>El hijo del l\u00edder de la Revoluci\u00f3n Cubana ha fallecido en Caracas por un tromboembolismo pulmonar que deriv\u00f3 en un [&hellip;]<\/p>\n","protected":false},"author":1,"featured_media":35714,"comment_status":"open","ping_status":"open","sticky":false,"template":"","format":"standard","meta":{"site-sidebar-layout":"default","site-content-layout":"","ast-site-content-layout":"default","site-content-style":"default","site-sidebar-style":"default","ast-global-header-display":"","ast-banner-title-visibility":"","ast-main-header-display":"","ast-hfb-above-header-display":"","ast-hfb-below-header-display":"","ast-hfb-mobile-header-display":"","site-post-title":"","ast-breadcrumbs-content":"","ast-featured-img":"","footer-sml-layout":"","theme-transparent-header-meta":"","adv-header-id-meta":"","stick-header-meta":"","header-above-stick-meta":"","header-main-stick-meta":"","header-below-stick-meta":"","astra-migrate-meta-layouts":"default","ast-page-background-enabled":"default","ast-page-background-meta":{"desktop":{"background-color":"var(--ast-global-color-4)","background-image":"","background-repeat":"repeat","background-position":"center center","background-size":"auto","background-attachment":"scroll","background-type":"","background-media":"","overlay-type":"","overlay-color":"","overlay-opacity":"","overlay-gradient":""},"tablet":{"background-color":"","background-image":"","background-repeat":"repeat","background-position":"center center","background-size":"auto","background-attachment":"scroll","background-type":"","background-media":"","overlay-type":"","overlay-color":"","overlay-opacity":"","overlay-gradient":""},"mobile":{"background-color":"","background-image":"","background-repeat":"repeat","background-position":"center center","background-size":"auto","background-attachment":"scroll","background-type":"","background-media":"","overlay-type":"","overlay-color":"","overlay-opacity":"","overlay-gradient":""}},"ast-content-background-meta":{"desktop":{"background-color":"var(--ast-global-color-5)","background-image":"","background-repeat":"repeat","background-position":"center center","background-size":"auto","background-attachment":"scroll","background-type":"","background-media":"","overlay-type":"","overlay-color":"","overlay-opacity":"","overlay-gradient":""},"tablet":{"background-color":"var(--ast-global-color-5)","background-image":"","background-repeat":"repeat","background-position":"center center","background-size":"auto","background-attachment":"scroll","background-type":"","background-media":"","overlay-type":"","overlay-color":"","overlay-opacity":"","overlay-gradient":""},"mobile":{"background-color":"var(--ast-global-color-5)","background-image":"","background-repeat":"repeat","background-position":"center center","background-size":"auto","background-attachment":"scroll","background-type":"","background-media":"","overlay-type":"","overlay-color":"","overlay-opacity":"","overlay-gradient":""}},"footnotes":""},"categories":[8],"tags":[12273,4745],"class_list":["post-35713","post","type-post","status-publish","format-standard","has-post-thumbnail","hentry","category-noticias","tag-camilo-guevara-march","tag-che-guevara"],"_links":{"self":[{"href":"https:\/\/losperiodistas.com.mx\/portal\/wp-json\/wp\/v2\/posts\/35713","targetHints":{"allow":["GET"]}}],"collection":[{"href":"https:\/\/losperiodistas.com.mx\/portal\/wp-json\/wp\/v2\/posts"}],"about":[{"href":"https:\/\/losperiodistas.com.mx\/portal\/wp-json\/wp\/v2\/types\/post"}],"author":[{"embeddable":true,"href":"https:\/\/losperiodistas.com.mx\/portal\/wp-json\/wp\/v2\/users\/1"}],"replies":[{"embeddable":true,"href":"https:\/\/losperiodistas.com.mx\/portal\/wp-json\/wp\/v2\/comments?post=35713"}],"version-history":[{"count":1,"href":"https:\/\/losperiodistas.com.mx\/portal\/wp-json\/wp\/v2\/posts\/35713\/revisions"}],"predecessor-version":[{"id":35715,"href":"https:\/\/losperiodistas.com.mx\/portal\/wp-json\/wp\/v2\/posts\/35713\/revisions\/35715"}],"wp:featuredmedia":[{"embeddable":true,"href":"https:\/\/losperiodistas.com.mx\/portal\/wp-json\/wp\/v2\/media\/35714"}],"wp:attachment":[{"href":"https:\/\/losperiodistas.com.mx\/portal\/wp-json\/wp\/v2\/media?parent=35713"}],"wp:term":[{"taxonomy":"category","embeddable":true,"href":"https:\/\/losperiodistas.com.mx\/portal\/wp-json\/wp\/v2\/categories?post=35713"},{"taxonomy":"post_tag","embeddable":true,"href":"https:\/\/losperiodistas.com.mx\/portal\/wp-json\/wp\/v2\/tags?post=35713"}],"curies":[{"name":"wp","href":"https:\/\/api.w.org\/{rel}","templated":true}]}}