{"id":35710,"date":"2022-08-31T01:25:00","date_gmt":"2022-08-31T06:25:00","guid":{"rendered":"http:\/\/losperiodistas.com.mx\/portal\/?p=35710"},"modified":"2022-08-31T01:25:02","modified_gmt":"2022-08-31T06:25:02","slug":"secretarios-y-mario-delgado-plantan-a-monreal-y-senadores-en-plenaria-de-morena-la-lista","status":"publish","type":"post","link":"https:\/\/losperiodistas.com.mx\/portal\/secretarios-y-mario-delgado-plantan-a-monreal-y-senadores-en-plenaria-de-morena-la-lista\/","title":{"rendered":"Secretarios y Mario Delgado \u2018plantan\u2019 a Monreal y senadores en plenaria de Morena | La-Lista"},"content":{"rendered":"\n<p>Monreal acusa que esto se debe a la anticipada lucha por la sucesi\u00f3n presidencial, mientras que Cravioto le recuerda su distanciamiento con AMLO.<\/p>\n\n\n\n<p><\/p>\n\n\n\n<figure class=\"wp-block-image size-large\"><img fetchpriority=\"high\" decoding=\"async\" width=\"1024\" height=\"576\" src=\"https:\/\/losperiodistas.com.mx\/portal\/wp-content\/uploads\/2022\/08\/morena-senadores-plenaria-funcionarios-1024x576.jpg\" alt=\"\" class=\"wp-image-35711\" srcset=\"https:\/\/losperiodistas.com.mx\/portal\/wp-content\/uploads\/2022\/08\/morena-senadores-plenaria-funcionarios-1024x576.jpg 1024w, https:\/\/losperiodistas.com.mx\/portal\/wp-content\/uploads\/2022\/08\/morena-senadores-plenaria-funcionarios-300x169.jpg 300w, https:\/\/losperiodistas.com.mx\/portal\/wp-content\/uploads\/2022\/08\/morena-senadores-plenaria-funcionarios-768x432.jpg 768w, https:\/\/losperiodistas.com.mx\/portal\/wp-content\/uploads\/2022\/08\/morena-senadores-plenaria-funcionarios.jpg 1280w\" sizes=\"(max-width: 1024px) 100vw, 1024px\" \/><figcaption>Fotograf\u00eda: Morena<\/figcaption><\/figure>\n\n\n\n<p class=\"has-vivid-cyan-blue-color has-text-color has-medium-font-size\">LA-LISTA<\/p>\n\n\n\n<p>El secretario de Gobernaci\u00f3n, de la Defensa Nacional, el de Marina y la secretaria de Seguridad Ciudadana, as\u00ed como el dirigente y secretaria general de Morena, cancelaron su participaci\u00f3n en la reuni\u00f3n plenaria de los senadores de este partido,&nbsp;<strong>encabezada por Ricardo Monreal \u00c1vila.<\/strong><\/p>\n\n\n\n<p>Los \u00fanicos funcionarios que s\u00ed acudieron fue el canciller, Marcelo Ebrard Casaub\u00f3n y la secretaria de Econom\u00eda, Tatiana Clouthier Carrillo.<\/p>\n\n\n\n<p>No obstante, Ricardo Monreal s\u00f3lo explic\u00f3 la ausencia de alguno de los funcionarios que no asistieron a la convocatoria, mientras que para el resto no dio raz\u00f3n alguna:<\/p>\n\n\n\n<ul class=\"wp-block-list\"><li>La secretaria de Seguridad y Protecci\u00f3n Ciudadana, Rosa Icela Rodr\u00edguez, quien no asisti\u00f3 porque recibi\u00f3 un llamado del presidente Andr\u00e9s Manuel L\u00f3pez Obrador, seg\u00fan dijo el senador Ricardo Monreal. No obstante, estuvo presente en la plenaria del Partido del Trabajo (PT).<\/li><li>El secretario de gobernaci\u00f3n, Ad\u00e1n Augusto L\u00f3pez, quien hab\u00eda adquirido compromisos fuera de la Ciudad de M\u00e9xico.<\/li><li>El secretario de la Defensa Nacional, el general Luis Cresencio Sandoval Gonz\u00e1lez.<\/li><li>El secretario de Marina, el almirante Jos\u00e9 Rafael Ojeda Dur\u00e1n.<\/li><li>El comandante de la Guardia Nacional, el general Luis Rodr\u00edguez Bucio.<\/li><li>El presidente nacional de Morena, Mario Delgado Carrillo, porque deb\u00eda atender el recuento de votos en el tercer distrito de Guanajuato, seg\u00fan argument\u00f3 \u00e9l mismo.<\/li><li>La secretaria general de Morena, y quien tambi\u00e9n es senadora del partido, Citlalli Hern\u00e1ndez.<\/li><\/ul>\n\n\n\n<p>La plenaria se dividi\u00f3 en dos grupos, entre los que pensaban que este desaire representaba \u201cuna groser\u00eda y una falta de respeto\u201d a la imagen institucional del Senado y otro grupo, encabezado por Monreal, que argument\u00f3 que esto significaba un mensaje pol\u00edtico de\u00a0<strong>la desuni\u00f3n entre la C\u00e1mara alta y la presidencia de la Rep\u00fablica.<\/strong><\/p>\n\n\n\n<h2 class=\"wp-block-heading\"><strong>\u2018Esto es por la lucha anticipada por la candidatara presidencial\u2019: Monreal<\/strong><\/h2>\n\n\n\n<p>El senador Ricardo Monreal \u00c1vila se\u00f1al\u00f3 que este desaire&nbsp;<strong>es debido a la lucha anticipada por la sucesi\u00f3n presidencial.<\/strong><\/p>\n\n\n\n<p>\u201cEntiendo que esto es producto de la lucha anticipada por la sucesi\u00f3n presidencial que ser\u00e1 en dos a\u00f1os\u201d, asever\u00f3 el coordinador de Morena en el Senado.<\/p>\n\n\n\n<p>No obstante, Monreal \u00c1vila indic\u00f3 que entiende que es un tema de agenda, aunque todos los funcionarios decidieron la fecha y el horario en que pod\u00edan participar:&nbsp;<strong>\u201cyo as\u00ed lo dejo, sin ninguna especulaci\u00f3n\u201d, dijo.<\/strong><\/p>\n\n\n\n<p>El presidente de la Junta de Coordinaci\u00f3n Pol\u00edtica (Jucopo) en el Senado apunt\u00f3 que, si el problema de los funcionarios que no asistieron es contra \u00e9l, pues que inviten al resto de senadores de la bancada a otra reuni\u00f3n sin su presencia.<\/p>\n\n\n\n<p>\u201cEl desd\u00e9n es para un \u00f3rgano legislativo, si el problema es conmigo que los inviten a ustedes sin m\u00ed, yo no voy a la reuni\u00f3n que quieran ir con \u00e9l, pero no tiene porqu\u00e9 tratar a todos igual si el pleito es conmigo\u201d, destac\u00f3.No te pierdas:<a href=\"https:\/\/la-lista.com\/politica\/2022\/08\/30\/nunca-ha-habido-division-ebrard-y-monreal-en-plenaria-de-morena\">\u2018Nunca ha habido divisi\u00f3n\u2019: Ebrard y Monreal en plenaria de Morena<\/a><\/p>\n\n\n\n<h2 class=\"wp-block-heading\"><strong>Senadores se\u00f1alan que aspiraci\u00f3n presidencial de Monreal los alej\u00f3 de AMLO<\/strong><\/h2>\n\n\n\n<figure class=\"wp-block-image\"><img decoding=\"async\" src=\"https:\/\/i0.wp.com\/la-lista.com\/wp-content\/uploads\/2022\/08\/reunion-plenaria-morena-senadores.jpg?resize=800%2C450&amp;ssl=1\" alt=\"Secretarios y Mario Delgado \u2018plantan\u2019 a Monreal y senadores en plenaria de Morena - reunion-plenaria-morena-senadores\" class=\"wp-image-242805\"\/><figcaption>Fotograf\u00eda: Especial<\/figcaption><\/figure>\n\n\n\n<p>El senador C\u00e9sar Cravioto Romero, de la llamada \u201cala radical\u201d, acus\u00f3 a Ricardo Monreal de crear el distanciamiento entre el senado y el presidente Andr\u00e9s Manuel L\u00f3pez Obrador,&nbsp;<strong>producto de sus aspiraciones por ser el candidato presidencial de Morena en 2024.<\/strong><\/p>\n\n\n\n<p>Cravioto Romero tambi\u00e9n critic\u00f3 la presidencia en el Mesa Directiva del Senado de Olga S\u00e1nchez Cordero y pidi\u00f3 que&nbsp;<strong>el pr\u00f3ximo presidente acerque m\u00e1s el legislativo a AMLO.<\/strong><\/p>\n\n\n\n<p>\u201cEn t\u00e9rminos pol\u00edticos los mensajes no han sido de respaldo al proyecto que encabeza el presidente L\u00f3pez Obrador. Necesitamos encabezar en la Mesa Directiva a alguien que nos acerque al presidente de la Rep\u00fablica\u201d, remarc\u00f3.<\/p>\n\n\n\n<p>\u201cYo no voy a aceptar que el otro a\u00f1o en un informe de la presidencia del Senado no se mencione o no est\u00e9 presente el presidente de la Rep\u00fablica\u201d, a\u00f1adi\u00f3.<\/p>\n\n\n\n<p>Por su parte, la exsecretaria de Gobernaci\u00f3n Olga S\u00e1nchez Cordero asegur\u00f3 que s\u00ed invit\u00f3 personalmente a L\u00f3pez Obrador a su informe como presidenta del Senado,&nbsp;<strong>mediante una carta personal y una llamada telef\u00f3nica.<\/strong><\/p>\n\n\n\n<p>En tanto, Ricardo Monreal&nbsp;<strong>neg\u00f3 que este presunto distanciamiento con el Ejecutivo federal<\/strong>&nbsp;se deba a su aspiraci\u00f3n personal de contender por la presidencia de la Rep\u00fablica.&nbsp;<\/p>\n\n\n\n<p>\u201cNo lo acepto, he actuado con respeto y lealtad. No hay un solo acto legislativo que no demuestre lo que afirmo\u201d, sostuvo.<\/p>\n\n\n\n<p>\u201cResistir y afrontar la tormenta es lo m\u00e1s digno, estar del lado del poder es lo m\u00e1s c\u00f3modo. He actuado con honor y seguir\u00e9 haci\u00e9ndolo. Nunca me voy a enfrentar contra el presidente porque le tengo respeto\u201d, abund\u00f3.<\/p>\n\n\n\n<figure class=\"wp-block-embed is-type-rich is-provider-twitter wp-block-embed-twitter\"><div class=\"wp-block-embed__wrapper\">\n<blockquote class=\"twitter-tweet\" data-width=\"500\" data-dnt=\"true\"><p lang=\"es\" dir=\"ltr\">Aqu\u00ed el discurso de <a href=\"https:\/\/twitter.com\/RicardoMonrealA?ref_src=twsrc%5Etfw\">@RicardoMonrealA<\/a> al contestar a C\u00e9sar Cravioto, quien exigi\u00f3 una simbiosis del <a href=\"https:\/\/twitter.com\/senadomexicano?ref_src=twsrc%5Etfw\">@senadomexicano<\/a> con el Ejecutivo Federal. <a href=\"https:\/\/t.co\/tZyESBOD8z\">pic.twitter.com\/tZyESBOD8z<\/a><\/p>&mdash; Leti RoblesdelaRosa (@letroblesrosa) <a href=\"https:\/\/twitter.com\/letroblesrosa\/status\/1564763180659777537?ref_src=twsrc%5Etfw\">August 30, 2022<\/a><\/blockquote><script async src=\"https:\/\/platform.twitter.com\/widgets.js\" charset=\"utf-8\"><\/script>\n<\/div><\/figure>\n\n\n\n<p>Monreal enfatiz\u00f3 que su postura institucional y de respeto al derecho&nbsp;<strong>le han ganado \u201cmuchos adversarios dentro del movimiento\u201d.<\/strong><\/p>\n\n\n\n<p>En ese sentido, aclar\u00f3 que para pasar el mando de la Guardia Nacional a la Secretar\u00eda de la Defensa Nacional (Sedena) no es suficiente con un acuerdo presidencial como propone L\u00f3pez Obrador,&nbsp;<strong>sino que \u201ces indispensable\u201d impulsar una reforma constitucional.<\/strong><\/p>\n\n\n\n<p>\u201cDejar\u00e9 de ser senador, pero seguir\u00e9 siendo maestro de la UNAM. Yo no voy a traicionar lo que pienso\u201d, se\u00f1al\u00f3.<\/p>\n\n\n\n<p>Adem\u00e1s, Monreal \u00c1vila pidi\u00f3 a los senadores que se respeta la autonom\u00eda del poder legislativo frente a los dem\u00e1s poderes: \u201cA m\u00ed la abyecci\u00f3n no se me da.&nbsp;<strong>Yo soy un hombre libre con criterio propio y autonom\u00eda\u201d<\/strong>, apunt\u00f3. &nbsp;No te pierdas:<a href=\"https:\/\/la-lista.com\/derechos-humanos\/2022\/08\/30\/dar-autonomia-a-las-fiscalias-no-sirvio-para-acabar-con-la-impunidad-encinas\">\u2018Dar autonom\u00eda a las fiscal\u00edas no sirvi\u00f3 para acabar con la impunidad\u2019: Encinas<\/a><\/p>\n\n\n\n<h2 class=\"wp-block-heading\" id=\"h-exigen-a-funcionarios-rendir-cuentas-ante-la-ciudadania\"><strong>Exigen a funcionarios rendir cuentas ante la ciudadan\u00eda<\/strong><\/h2>\n\n\n\n<p>Aquellos senadores morenista que consideraron como una falta de respeto el desaire de los funcionarios p\u00fablicos, pidieron que se les convoque nuevamente&nbsp;<strong>para que rindan cuentas ante la ciudadan\u00eda.<\/strong><\/p>\n\n\n\n<p>Uno de ellos fue el senador Armando Guadiana Tijerina, quien asegur\u00f3 que&nbsp;<strong>\u201cse est\u00e1 pisoteando la dignidad\u201d de los legisladores de Morena<\/strong>.<\/p>\n\n\n\n<p>\u201cEsta falta de respeto no la podemos permitir, los secretarios tienen que estar aqu\u00ed, de acuerdo con las comparecencias, as\u00ed como van los directores de CFE y Pemex a la C\u00e1mara de Diputados\u201d, dijo.<\/p>\n\n\n\n<p>\u201cAqu\u00ed tienen que venir los secretarios de Estado a este \u00f3rgano legislativo, independientemente de las diferencias personales que tengan cada uno de los senadores y senadoras. Es una verg\u00fcenza esto\u201d, agreg\u00f3.<\/p>\n\n\n\n<p>Otro de los senadores que cuestion\u00f3 la ausencia de los funcionarios fue C\u00e9sar Cervantes Rojas, quien indic\u00f3 que el tema de seguridad&nbsp;<strong>es el que m\u00e1s preocupa a las mexicanas y mexicanos<\/strong>, por lo que era necesario que la secretaria de Seguridad, Rosa Icela Rodr\u00edguez, se presentara en la plenaria como se ten\u00eda previsto.<\/p>\n\n\n\n<p>\u201cEl dialogar, exponer y cuestionar no significa que nos estamos confrontando, a todos nos interesa la Cuarta Transformaci\u00f3n, pero s\u00ed es una falta de respeto que se le haga este vac\u00edo al poder legislativo\u201d, destac\u00f3.<\/p>\n\n\n\n<p>\u201cTenemos que hacer una exigencia respetuosa para que los secretarios den la atenci\u00f3n que se requiere, porque estamos solicitando respetar nuestras entidades para el beneficio de la poblaci\u00f3n\u201d, abund\u00f3.No te pierdas:<a href=\"https:\/\/la-lista.com\/politica\/2022\/08\/30\/amlo-el-rescate-de-mineros-no-se-para-y-laura-velazquez-seguira-al-frente\">AMLO: El rescate de mineros no se para y Laura Vel\u00e1zquez seguir\u00e1 al frente<\/a><\/p>\n\n\n\n<p>Fuente: https:\/\/la-lista.com\/entretenimiento\/2022\/08\/30\/mau-nieto-demanda-a-joven-que-lo-acuso-de-abuso-sexual<\/p>\n","protected":false},"excerpt":{"rendered":"<p>Monreal acusa que esto se debe a la anticipada lucha por la sucesi\u00f3n presidencial, mientras que Cravioto le recuerda su [&hellip;]<\/p>\n","protected":false},"author":1,"featured_media":35711,"comment_status":"open","ping_status":"open","sticky":false,"template":"","format":"standard","meta":{"site-sidebar-layout":"default","site-content-layout":"","ast-site-content-layout":"default","site-content-style":"default","site-sidebar-style":"default","ast-global-header-display":"","ast-banner-title-visibility":"","ast-main-header-display":"","ast-hfb-above-header-display":"","ast-hfb-below-header-display":"","ast-hfb-mobile-header-display":"","site-post-title":"","ast-breadcrumbs-content":"","ast-featured-img":"","footer-sml-layout":"","theme-transparent-header-meta":"","adv-header-id-meta":"","stick-header-meta":"","header-above-stick-meta":"","header-main-stick-meta":"","header-below-stick-meta":"","astra-migrate-meta-layouts":"default","ast-page-background-enabled":"default","ast-page-background-meta":{"desktop":{"background-color":"var(--ast-global-color-4)","background-image":"","background-repeat":"repeat","background-position":"center center","background-size":"auto","background-attachment":"scroll","background-type":"","background-media":"","overlay-type":"","overlay-color":"","overlay-opacity":"","overlay-gradient":""},"tablet":{"background-color":"","background-image":"","background-repeat":"repeat","background-position":"center center","background-size":"auto","background-attachment":"scroll","background-type":"","background-media":"","overlay-type":"","overlay-color":"","overlay-opacity":"","overlay-gradient":""},"mobile":{"background-color":"","background-image":"","background-repeat":"repeat","background-position":"center center","background-size":"auto","background-attachment":"scroll","background-type":"","background-media":"","overlay-type":"","overlay-color":"","overlay-opacity":"","overlay-gradient":""}},"ast-content-background-meta":{"desktop":{"background-color":"var(--ast-global-color-5)","background-image":"","background-repeat":"repeat","background-position":"center center","background-size":"auto","background-attachment":"scroll","background-type":"","background-media":"","overlay-type":"","overlay-color":"","overlay-opacity":"","overlay-gradient":""},"tablet":{"background-color":"var(--ast-global-color-5)","background-image":"","background-repeat":"repeat","background-position":"center center","background-size":"auto","background-attachment":"scroll","background-type":"","background-media":"","overlay-type":"","overlay-color":"","overlay-opacity":"","overlay-gradient":""},"mobile":{"background-color":"var(--ast-global-color-5)","background-image":"","background-repeat":"repeat","background-position":"center center","background-size":"auto","background-attachment":"scroll","background-type":"","background-media":"","overlay-type":"","overlay-color":"","overlay-opacity":"","overlay-gradient":""}},"footnotes":""},"categories":[8],"tags":[5486,12271,2098],"class_list":["post-35710","post","type-post","status-publish","format-standard","has-post-thumbnail","hentry","category-noticias","tag-elecciones-2024","tag-plenaria-senado-morena","tag-ricardo-monreal"],"_links":{"self":[{"href":"https:\/\/losperiodistas.com.mx\/portal\/wp-json\/wp\/v2\/posts\/35710","targetHints":{"allow":["GET"]}}],"collection":[{"href":"https:\/\/losperiodistas.com.mx\/portal\/wp-json\/wp\/v2\/posts"}],"about":[{"href":"https:\/\/losperiodistas.com.mx\/portal\/wp-json\/wp\/v2\/types\/post"}],"author":[{"embeddable":true,"href":"https:\/\/losperiodistas.com.mx\/portal\/wp-json\/wp\/v2\/users\/1"}],"replies":[{"embeddable":true,"href":"https:\/\/losperiodistas.com.mx\/portal\/wp-json\/wp\/v2\/comments?post=35710"}],"version-history":[{"count":1,"href":"https:\/\/losperiodistas.com.mx\/portal\/wp-json\/wp\/v2\/posts\/35710\/revisions"}],"predecessor-version":[{"id":35712,"href":"https:\/\/losperiodistas.com.mx\/portal\/wp-json\/wp\/v2\/posts\/35710\/revisions\/35712"}],"wp:featuredmedia":[{"embeddable":true,"href":"https:\/\/losperiodistas.com.mx\/portal\/wp-json\/wp\/v2\/media\/35711"}],"wp:attachment":[{"href":"https:\/\/losperiodistas.com.mx\/portal\/wp-json\/wp\/v2\/media?parent=35710"}],"wp:term":[{"taxonomy":"category","embeddable":true,"href":"https:\/\/losperiodistas.com.mx\/portal\/wp-json\/wp\/v2\/categories?post=35710"},{"taxonomy":"post_tag","embeddable":true,"href":"https:\/\/losperiodistas.com.mx\/portal\/wp-json\/wp\/v2\/tags?post=35710"}],"curies":[{"name":"wp","href":"https:\/\/api.w.org\/{rel}","templated":true}]}}