{"id":35572,"date":"2022-08-29T10:02:57","date_gmt":"2022-08-29T15:02:57","guid":{"rendered":"http:\/\/losperiodistas.com.mx\/portal\/?p=35572"},"modified":"2022-08-29T10:02:58","modified_gmt":"2022-08-29T15:02:58","slug":"barbosa-reprueba-destape-de-mier-y-exige-a-morena-no-imponerlo-e-consulta","status":"publish","type":"post","link":"https:\/\/losperiodistas.com.mx\/portal\/barbosa-reprueba-destape-de-mier-y-exige-a-morena-no-imponerlo-e-consulta\/","title":{"rendered":"Barbosa reprueba destape de Mier y exige a Morena no imponerlo | E-Consulta"},"content":{"rendered":"\n<p><strong>Con enojo el gobernador Miguel Barbosa reprob\u00f3 los mensajes de Mario Delgado y Gerardo Fern\u00e1ndez Noro\u00f1a en apoyo y defensa de Ignacio Mier<\/strong><\/p>\n\n\n\n<figure class=\"wp-block-image size-full is-style-default\"><img fetchpriority=\"high\" decoding=\"async\" width=\"640\" height=\"427\" src=\"https:\/\/losperiodistas.com.mx\/portal\/wp-content\/uploads\/2022\/08\/b08e2227-14f8-493a-95dc-9a264da248e1.jpg\" alt=\"\" class=\"wp-image-35573\" srcset=\"https:\/\/losperiodistas.com.mx\/portal\/wp-content\/uploads\/2022\/08\/b08e2227-14f8-493a-95dc-9a264da248e1.jpg 640w, https:\/\/losperiodistas.com.mx\/portal\/wp-content\/uploads\/2022\/08\/b08e2227-14f8-493a-95dc-9a264da248e1-300x200.jpg 300w\" sizes=\"(max-width: 640px) 100vw, 640px\" \/><figcaption><em>Foto \/ Agencia Enfoque<\/em><\/figcaption><\/figure>\n\n\n\n<p class=\"has-vivid-cyan-blue-color has-text-color has-medium-font-size\">H\u00c9CTOR LLORAME \/ E-CONSULTA<\/p>\n\n\n\n<p>Con ira el gobernador&nbsp;<strong>Luis Miguel Barbosa Huerta<\/strong>&nbsp;reprob\u00f3 el \u00abdestape\u00bb anticipado del diputado federal&nbsp;<strong><a href=\"https:\/\/www.e-consulta.com\/nota\/2022-08-25\/politica\/barbosa-acusa-que-adan-augusto-desequilibra-puebla-por-mier\">Ignacio Mier Velazco<\/a>,&nbsp;<\/strong>y conden\u00f3 el apoyo que tuvo de la dirigencia nacional de Morena y pol\u00edticos nacionales, a quienes&nbsp;<strong>exigi\u00f3 no imponerlo como candidato<\/strong>&nbsp;a la gubernatura de Puebla en 2024.<\/p>\n\n\n\n<p>Tras el \u00abdestape\u00bb del s\u00e1bado el mandatario exigi\u00f3 este lunes&nbsp;<strong>ser consultado sobre la candidatura<\/strong>&nbsp;y que no se imponga desde el gobierno federal o la c\u00fapula de Morena, que encabeza&nbsp;<strong>Mario Delgado Carrillo,<\/strong>&nbsp;y llam\u00f3 a la militancia a demandar el&nbsp;<strong>derecho a la consulta o encuesta.<\/strong><\/p>\n\n\n\n<p><strong>M\u00e1s del tema:&nbsp;<a href=\"https:\/\/www.e-consulta.com\/nota\/2022-08-27\/politica\/ignacio-mier-inicia-destape-por-la-gubernatura-de-puebla\">Ignacio Mier inicia destape por la gubernatura de Puebla<\/a><\/strong><\/p>\n\n\n\n<p>Esto al se\u00f1alar que existen otros aspirantes -todos afines a \u00e9l- que tambi\u00e9n deben ser considerados, como el senador\u00a0<strong>Alejandro Armenta Mier<\/strong>; el diputado local\u00a0<strong>Sergio<\/strong>\u00a0<strong>Salom\u00f3n C\u00e9spedes Peregrina; Melit\u00f3n Lozano P\u00e9rez, Olivia Salom\u00f3n Vivaldo y Gabriel Biestro Medinilla<\/strong>, secretarios de Educaci\u00f3n, Econom\u00eda y del Trabajo del gobierno estatal.<\/p>\n\n\n\n<p>\u00abA todos ellos, a Mario Delgado,&nbsp;<strong>a todos los factores nacionales que piensan que pueden imponer&nbsp;<\/strong>a Mier como candidato, les digo desde ac\u00e1 que en Puebla se tiene que respetar el derecho de los poblanos a decidir qui\u00e9n ser\u00e1 el candidato o la candidata. Aplicando los procedimientos legales y estatutarios: encuesta o consulta. No se trata de impedir que alguien no sea, sino de que no se imponga a alguien con discursos. Se tiene que respetar el derecho a eligir, y&nbsp;<strong>as\u00ed que gane Mier o cualquiera\u00bb,&nbsp;<\/strong>exigi\u00f3 en rueda de prensa.<\/p>\n\n\n\n<p>Barbosa Huerta tambi\u00e9n reclam\u00f3 a Delgado Carrillo y al diputado federal&nbsp;<strong>Gerardo Fern\u00e1ndez Noro\u00f1a&nbsp;<\/strong>los mensajes que le enviaron en el evento, donde le exigieron unidad en apoyo a Mier Velazco.<\/p>\n\n\n\n<p>\u00abAhora que Mier va a caminar el estado, por favor&#8230; que a Noro\u00f1a lo nombre coordinador, que es experto en crear unidad. La unidad se da con procesos democr\u00e1ticos, esa es la unidad&#8230; ahora ven a ayudar a Mier. Aqu\u00ed se te apreciaba y se te respetaba,\u00a0<strong>perdiste a un amigo; para que ya no hagas tus Tiktoks y esas payasadas<\/strong>. Y a quienes hiciste ese favor&#8230; que te pidieron venir a ser destapador, salvo que ya sepas que no ser\u00e1s candidato a la presidencia y ya andas buscando un acuerdo por una candidatura.\u00a0<strong>Yo siempre te he respetado cabr\u00f3n\u00bb,\u00a0<\/strong>reclam\u00f3 con coraje el gobernador.<\/p>\n\n\n\n<p>Fuente: <\/p>\n","protected":false},"excerpt":{"rendered":"<p>Con enojo el gobernador Miguel Barbosa reprob\u00f3 los mensajes de Mario Delgado y Gerardo Fern\u00e1ndez Noro\u00f1a en apoyo y defensa [&hellip;]<\/p>\n","protected":false},"author":1,"featured_media":35573,"comment_status":"open","ping_status":"open","sticky":false,"template":"","format":"standard","meta":{"site-sidebar-layout":"default","site-content-layout":"","ast-site-content-layout":"default","site-content-style":"default","site-sidebar-style":"default","ast-global-header-display":"","ast-banner-title-visibility":"","ast-main-header-display":"","ast-hfb-above-header-display":"","ast-hfb-below-header-display":"","ast-hfb-mobile-header-display":"","site-post-title":"","ast-breadcrumbs-content":"","ast-featured-img":"","footer-sml-layout":"","theme-transparent-header-meta":"","adv-header-id-meta":"","stick-header-meta":"","header-above-stick-meta":"","header-main-stick-meta":"","header-below-stick-meta":"","astra-migrate-meta-layouts":"default","ast-page-background-enabled":"default","ast-page-background-meta":{"desktop":{"background-color":"var(--ast-global-color-4)","background-image":"","background-repeat":"repeat","background-position":"center center","background-size":"auto","background-attachment":"scroll","background-type":"","background-media":"","overlay-type":"","overlay-color":"","overlay-opacity":"","overlay-gradient":""},"tablet":{"background-color":"","background-image":"","background-repeat":"repeat","background-position":"center center","background-size":"auto","background-attachment":"scroll","background-type":"","background-media":"","overlay-type":"","overlay-color":"","overlay-opacity":"","overlay-gradient":""},"mobile":{"background-color":"","background-image":"","background-repeat":"repeat","background-position":"center center","background-size":"auto","background-attachment":"scroll","background-type":"","background-media":"","overlay-type":"","overlay-color":"","overlay-opacity":"","overlay-gradient":""}},"ast-content-background-meta":{"desktop":{"background-color":"var(--ast-global-color-5)","background-image":"","background-repeat":"repeat","background-position":"center center","background-size":"auto","background-attachment":"scroll","background-type":"","background-media":"","overlay-type":"","overlay-color":"","overlay-opacity":"","overlay-gradient":""},"tablet":{"background-color":"var(--ast-global-color-5)","background-image":"","background-repeat":"repeat","background-position":"center center","background-size":"auto","background-attachment":"scroll","background-type":"","background-media":"","overlay-type":"","overlay-color":"","overlay-opacity":"","overlay-gradient":""},"mobile":{"background-color":"var(--ast-global-color-5)","background-image":"","background-repeat":"repeat","background-position":"center center","background-size":"auto","background-attachment":"scroll","background-type":"","background-media":"","overlay-type":"","overlay-color":"","overlay-opacity":"","overlay-gradient":""}},"footnotes":""},"categories":[8],"tags":[8711,3976,108],"class_list":["post-35572","post","type-post","status-publish","format-standard","has-post-thumbnail","hentry","category-noticias","tag-elecciones-puebla-2024","tag-ignacio-mier-velazco","tag-miguel-barbosa-huerta"],"_links":{"self":[{"href":"https:\/\/losperiodistas.com.mx\/portal\/wp-json\/wp\/v2\/posts\/35572","targetHints":{"allow":["GET"]}}],"collection":[{"href":"https:\/\/losperiodistas.com.mx\/portal\/wp-json\/wp\/v2\/posts"}],"about":[{"href":"https:\/\/losperiodistas.com.mx\/portal\/wp-json\/wp\/v2\/types\/post"}],"author":[{"embeddable":true,"href":"https:\/\/losperiodistas.com.mx\/portal\/wp-json\/wp\/v2\/users\/1"}],"replies":[{"embeddable":true,"href":"https:\/\/losperiodistas.com.mx\/portal\/wp-json\/wp\/v2\/comments?post=35572"}],"version-history":[{"count":1,"href":"https:\/\/losperiodistas.com.mx\/portal\/wp-json\/wp\/v2\/posts\/35572\/revisions"}],"predecessor-version":[{"id":35574,"href":"https:\/\/losperiodistas.com.mx\/portal\/wp-json\/wp\/v2\/posts\/35572\/revisions\/35574"}],"wp:featuredmedia":[{"embeddable":true,"href":"https:\/\/losperiodistas.com.mx\/portal\/wp-json\/wp\/v2\/media\/35573"}],"wp:attachment":[{"href":"https:\/\/losperiodistas.com.mx\/portal\/wp-json\/wp\/v2\/media?parent=35572"}],"wp:term":[{"taxonomy":"category","embeddable":true,"href":"https:\/\/losperiodistas.com.mx\/portal\/wp-json\/wp\/v2\/categories?post=35572"},{"taxonomy":"post_tag","embeddable":true,"href":"https:\/\/losperiodistas.com.mx\/portal\/wp-json\/wp\/v2\/tags?post=35572"}],"curies":[{"name":"wp","href":"https:\/\/api.w.org\/{rel}","templated":true}]}}