{"id":35560,"date":"2022-08-29T07:28:11","date_gmt":"2022-08-29T12:28:11","guid":{"rendered":"http:\/\/losperiodistas.com.mx\/portal\/?p=35560"},"modified":"2022-08-29T07:28:12","modified_gmt":"2022-08-29T12:28:12","slug":"un-estudio-revela-que-el-desarrollo-urbano-mata-los-corales-del-caribe-mexicano-rtve","status":"publish","type":"post","link":"https:\/\/losperiodistas.com.mx\/portal\/un-estudio-revela-que-el-desarrollo-urbano-mata-los-corales-del-caribe-mexicano-rtve\/","title":{"rendered":"Un estudio revela que el desarrollo urbano mata los corales del Caribe mexicano | RTVE"},"content":{"rendered":"\n<ul class=\"wp-block-list\"><li>El s\u00edndrome blanco es la enfermedad coralina m\u00e1s letal de la historia<\/li><li>Afecta especialmente a 25 de las 48 especies de coral registradas en el Sistema Arrecifal Mesoamericano<\/li><\/ul>\n\n\n\n<figure class=\"wp-block-image size-large is-style-default\"><img fetchpriority=\"high\" decoding=\"async\" width=\"1024\" height=\"576\" src=\"https:\/\/losperiodistas.com.mx\/portal\/wp-content\/uploads\/2022\/08\/descarga-2-1024x576.jpeg\" alt=\"\" class=\"wp-image-35561\" srcset=\"https:\/\/losperiodistas.com.mx\/portal\/wp-content\/uploads\/2022\/08\/descarga-2-1024x576.jpeg 1024w, https:\/\/losperiodistas.com.mx\/portal\/wp-content\/uploads\/2022\/08\/descarga-2-300x169.jpeg 300w, https:\/\/losperiodistas.com.mx\/portal\/wp-content\/uploads\/2022\/08\/descarga-2-768x432.jpeg 768w, https:\/\/losperiodistas.com.mx\/portal\/wp-content\/uploads\/2022\/08\/descarga-2-1536x864.jpeg 1536w, https:\/\/losperiodistas.com.mx\/portal\/wp-content\/uploads\/2022\/08\/descarga-2.jpeg 1600w\" sizes=\"(max-width: 1024px) 100vw, 1024px\" \/><figcaption>Un cient\u00edfico marino realizando labores de investigaci\u00f3n en las costas de Quintana Roo, M\u00e9xico.\u00a0<em>EFE\/ LORENZO \u00c1LVAREZ FILIP<\/em><\/figcaption><\/figure>\n\n\n\n<p class=\"has-vivid-cyan-blue-color has-text-color has-medium-font-size\">EFE \/ RTVE<\/p>\n\n\n\n<p>El desarrollo urbano en las zonas costeras es un factor determinante para la&nbsp;<strong>muerte de miles de colonias de coral<\/strong>&nbsp;en el Sistema Arrecifal Mesoamericano (SAM), el segundo m\u00e1s importante del mundo, el cual se extiende desde M\u00e9xico hasta Honduras.<\/p>\n\n\n\n<p>Tras cuatro a\u00f1os de estudios, Lorenzo \u00c1lvarez Filip, investigador del Instituto de Ciencias del Mar y Limnolog\u00eda de la Universidad Nacional Aut\u00f3noma de M\u00e9xico (UNAM), ha podido comprobar que&nbsp;<strong>donde hay m\u00e1s desarrollo urbano y tur\u00edstico es donde peor est\u00e1n los corales<\/strong>.<\/p>\n\n\n\n<p>De esta manera,&nbsp;no son la ubicaci\u00f3n o profundidad de los arrecifes, la temperatura del agua del mar o los vientos que corren los que inciden en la mortandad de corales enfermos por el s\u00edndrome.<\/p>\n\n\n\n<p>\u201cMedimos muchas cosas y nada fue tan importante, es decir, todos los sitios de\u00a0<strong>corales estaban igual de afectados sin importar si eran sitios profundos o someros<\/strong>, si estaban de un lado o de otro de una isla\u201d, ha dicho el cient\u00edfico mexicano, que ha asegurado\u00a0que el \u00fanico factor que encontr\u00f3 determinante para el deterioro de los corales fue la cercan\u00eda al desarrollo costero.<\/p>\n\n\n\n<p><a href=\"https:\/\/www.rtve.es\/noticias\/20211005\/coral-marino-desaparece-cambio-climatico\/2180783.shtml\"><strong>El 14% del coral mundial ha desaparecido como consecuencia del cambio clim\u00e1tico<\/strong><\/a><\/p>\n\n\n\n<p>Para su investigaci\u00f3n us\u00f3 el \u00cdndice de Arrecifes en Riesgo, que tiene diez a\u00f1os de antig\u00fcedad&nbsp;y el cual toma varios factores: la&nbsp;<strong>presencia de edificaciones, la poblaci\u00f3n y la presencia de puertos<\/strong>.&nbsp;\u201cEste \u00edndice en el estudio es el que sali\u00f3 m\u00e1s representativo: los arrecifes que estaban en zonas con un desarrollo costero alto est\u00e1n en peores condiciones en comparaci\u00f3n donde no hay desarrollo\u201d, a\u00f1adi\u00f3.<\/p>\n\n\n\n<h3 class=\"wp-block-heading\"><strong>El s\u00edndrome blanco es la enfermedad coralina m\u00e1s letal de la historia<\/strong><\/h3>\n\n\n\n<p>El s\u00edndrome blanco es la enfermedad coralina m\u00e1s letal de la historia.&nbsp;La enfermedad provoca el&nbsp;<strong>desprendimiento del tejido vivo y deja expuesto los esqueletos<\/strong>, creando el efecto de manchas blancas que r\u00e1pidamente avanzan por toda la colonia, hasta matarla por completo en unas pocas semanas.<\/p>\n\n\n\n<p>El especialista ha documentado que la enfermedad\u00a0<strong>afecta especialmente a 25 de las 48 especies de coral registradas en el SAM<\/strong>, particularmente a los cuernos de alce, pilar y cerebro, que est\u00e1n a punto de la extinci\u00f3n local.<\/p>\n\n\n\n<p><a href=\"https:\/\/www.rtve.es\/noticias\/20211105\/98-corales-gran-barrera-sufrido-efectos-del-blanqueo\/2215760.shtml\"><strong>El 98% de los corales de la Gran Barrera ha sufrido los efectos del blanqueo<\/strong><\/a><\/p>\n\n\n\n<p>Los arrecifes son organismos de una importancia ecol\u00f3gica superlativa. Aunque comprenden el 2% de los sistemas oce\u00e1nicos,&nbsp;<strong>albergan al 30% de las especies marinas<\/strong>.<\/p>\n\n\n\n<p>Otra de las conclusiones a las que lleg\u00f3 el investigador de la Unidad Acad\u00e9mica de Sistemas Arrecifales fue que el pat\u00f3geno se transmite a trav\u00e9s del agua, por vectores y muy probablemente por los sedimentos.<\/p>\n\n\n\n<h3 class=\"wp-block-heading\"><strong>Casi 30.000&nbsp;colonias de coral&nbsp;censadas en el Caribe mexicano<\/strong><\/h3>\n\n\n\n<p>\u00c1lvarez Filip ha revelado que la UNAM invertir\u00e1 800.000 pesos (unos 40.000 euros) en un censo, que inici\u00f3 la semana pasada y deber\u00e1 concluir en diciembre pr\u00f3ximo, que determinar\u00e1 cu\u00e1ntos corales han muerto a causa del s\u00edndrome blanco en los arrecifes de M\u00e9xico.\u00a0Este ser\u00e1 el segundo censo, tras el realizado por el investigador en 2018 en varios arrecifes del Caribe mexicano para evaluar la situaci\u00f3n, donde\u00a0<strong>hasta enero de 2020, registr\u00f3 29.095 colonias de coral<\/strong>.<\/p>\n\n\n\n<p><a href=\"https:\/\/www.rtve.es\/noticias\/20220827\/negociaciones-para-tratado-global-oceanos-se-suspenden-ante-falta-acuerdo\/2398661.shtml\"><strong>Las negociaciones para un tratado global de los oc\u00e9anos se suspenden ante la falta de acuerdo<\/strong><\/a><\/p>\n\n\n\n<p>El&nbsp;<strong>17% de las colonias censadas ya estaban muertas<\/strong>&nbsp;o con signos de mortandad reciente. Un 10% adicional mostraba presencia de la enfermedad.&nbsp;Estas cifras, ha estimado el investigador, han quedado totalmente rebasadas.<\/p>\n\n\n\n<p>Antes de la pandemia de\u00a0<a href=\"https:\/\/www.rtve.es\/noticias\/coronavirus-covid-19\/\">coronavirus<\/a>, M\u00e9xico recib\u00eda unos 14,2 millones de turistas y 6,4 millones de viajeros de crucero al a\u00f1o, lo que representa una derrama econ\u00f3mica de 9.500 millones de d\u00f3lares anuales, de acuerdo con datos de la Secretar\u00eda de Turismo estatal.<\/p>\n\n\n\n<p>Fuente: https:\/\/www.rtve.es\/noticias\/20220828\/desarrollo-urbano-mata-corales-caribe-mexicano\/2398833.shtml<\/p>\n","protected":false},"excerpt":{"rendered":"<p>El s\u00edndrome blanco es la enfermedad coralina m\u00e1s letal de la historia Afecta especialmente a 25 de las 48 especies [&hellip;]<\/p>\n","protected":false},"author":1,"featured_media":35561,"comment_status":"open","ping_status":"open","sticky":false,"template":"","format":"standard","meta":{"site-sidebar-layout":"default","site-content-layout":"","ast-site-content-layout":"default","site-content-style":"default","site-sidebar-style":"default","ast-global-header-display":"","ast-banner-title-visibility":"","ast-main-header-display":"","ast-hfb-above-header-display":"","ast-hfb-below-header-display":"","ast-hfb-mobile-header-display":"","site-post-title":"","ast-breadcrumbs-content":"","ast-featured-img":"","footer-sml-layout":"","theme-transparent-header-meta":"","adv-header-id-meta":"","stick-header-meta":"","header-above-stick-meta":"","header-main-stick-meta":"","header-below-stick-meta":"","astra-migrate-meta-layouts":"default","ast-page-background-enabled":"default","ast-page-background-meta":{"desktop":{"background-color":"var(--ast-global-color-4)","background-image":"","background-repeat":"repeat","background-position":"center center","background-size":"auto","background-attachment":"scroll","background-type":"","background-media":"","overlay-type":"","overlay-color":"","overlay-opacity":"","overlay-gradient":""},"tablet":{"background-color":"","background-image":"","background-repeat":"repeat","background-position":"center center","background-size":"auto","background-attachment":"scroll","background-type":"","background-media":"","overlay-type":"","overlay-color":"","overlay-opacity":"","overlay-gradient":""},"mobile":{"background-color":"","background-image":"","background-repeat":"repeat","background-position":"center center","background-size":"auto","background-attachment":"scroll","background-type":"","background-media":"","overlay-type":"","overlay-color":"","overlay-opacity":"","overlay-gradient":""}},"ast-content-background-meta":{"desktop":{"background-color":"var(--ast-global-color-5)","background-image":"","background-repeat":"repeat","background-position":"center center","background-size":"auto","background-attachment":"scroll","background-type":"","background-media":"","overlay-type":"","overlay-color":"","overlay-opacity":"","overlay-gradient":""},"tablet":{"background-color":"var(--ast-global-color-5)","background-image":"","background-repeat":"repeat","background-position":"center center","background-size":"auto","background-attachment":"scroll","background-type":"","background-media":"","overlay-type":"","overlay-color":"","overlay-opacity":"","overlay-gradient":""},"mobile":{"background-color":"var(--ast-global-color-5)","background-image":"","background-repeat":"repeat","background-position":"center center","background-size":"auto","background-attachment":"scroll","background-type":"","background-media":"","overlay-type":"","overlay-color":"","overlay-opacity":"","overlay-gradient":""}},"footnotes":""},"categories":[8],"tags":[176,12242,10447,12243,12244],"class_list":["post-35560","post","type-post","status-publish","format-standard","has-post-thumbnail","hentry","category-noticias","tag-cambio-climatico","tag-coral","tag-quintana-roo","tag-sam","tag-sindrome-vlanco"],"_links":{"self":[{"href":"https:\/\/losperiodistas.com.mx\/portal\/wp-json\/wp\/v2\/posts\/35560","targetHints":{"allow":["GET"]}}],"collection":[{"href":"https:\/\/losperiodistas.com.mx\/portal\/wp-json\/wp\/v2\/posts"}],"about":[{"href":"https:\/\/losperiodistas.com.mx\/portal\/wp-json\/wp\/v2\/types\/post"}],"author":[{"embeddable":true,"href":"https:\/\/losperiodistas.com.mx\/portal\/wp-json\/wp\/v2\/users\/1"}],"replies":[{"embeddable":true,"href":"https:\/\/losperiodistas.com.mx\/portal\/wp-json\/wp\/v2\/comments?post=35560"}],"version-history":[{"count":1,"href":"https:\/\/losperiodistas.com.mx\/portal\/wp-json\/wp\/v2\/posts\/35560\/revisions"}],"predecessor-version":[{"id":35562,"href":"https:\/\/losperiodistas.com.mx\/portal\/wp-json\/wp\/v2\/posts\/35560\/revisions\/35562"}],"wp:featuredmedia":[{"embeddable":true,"href":"https:\/\/losperiodistas.com.mx\/portal\/wp-json\/wp\/v2\/media\/35561"}],"wp:attachment":[{"href":"https:\/\/losperiodistas.com.mx\/portal\/wp-json\/wp\/v2\/media?parent=35560"}],"wp:term":[{"taxonomy":"category","embeddable":true,"href":"https:\/\/losperiodistas.com.mx\/portal\/wp-json\/wp\/v2\/categories?post=35560"},{"taxonomy":"post_tag","embeddable":true,"href":"https:\/\/losperiodistas.com.mx\/portal\/wp-json\/wp\/v2\/tags?post=35560"}],"curies":[{"name":"wp","href":"https:\/\/api.w.org\/{rel}","templated":true}]}}