{"id":35547,"date":"2022-08-29T06:49:16","date_gmt":"2022-08-29T11:49:16","guid":{"rendered":"http:\/\/losperiodistas.com.mx\/portal\/?p=35547"},"modified":"2022-08-29T06:49:19","modified_gmt":"2022-08-29T11:49:19","slug":"morena-arrasa-con-sheinbaum-como-candidata-favorita-y-afianza-su-ventaja-sobre-toda-la-oposicion-el-pais","status":"publish","type":"post","link":"https:\/\/losperiodistas.com.mx\/portal\/morena-arrasa-con-sheinbaum-como-candidata-favorita-y-afianza-su-ventaja-sobre-toda-la-oposicion-el-pais\/","title":{"rendered":"Morena arrasa con Sheinbaum como candidata favorita y afianza su ventaja sobre toda la oposici\u00f3n | El Pa\u00eds"},"content":{"rendered":"\n<p class=\"has-medium-font-size\">La jefa de Gobierno de Ciudad de M\u00e9xico se impone con una amplia diferencia dentro del partido gobernante, seg\u00fan una encuesta de Enkoll para EL PA\u00cdS y W Radio. El 82% de los mexicanos votar\u00eda por una presidenta<\/p>\n\n\n\n<figure class=\"wp-block-image size-large is-style-default\"><img fetchpriority=\"high\" decoding=\"async\" width=\"1024\" height=\"576\" src=\"https:\/\/losperiodistas.com.mx\/portal\/wp-content\/uploads\/2022\/08\/OA5P22XZPNEDPCSDACHTLYJUIY-1024x576.jpeg\" alt=\"\" class=\"wp-image-35548\" srcset=\"https:\/\/losperiodistas.com.mx\/portal\/wp-content\/uploads\/2022\/08\/OA5P22XZPNEDPCSDACHTLYJUIY-1024x576.jpeg 1024w, https:\/\/losperiodistas.com.mx\/portal\/wp-content\/uploads\/2022\/08\/OA5P22XZPNEDPCSDACHTLYJUIY-300x169.jpeg 300w, https:\/\/losperiodistas.com.mx\/portal\/wp-content\/uploads\/2022\/08\/OA5P22XZPNEDPCSDACHTLYJUIY-768x432.jpeg 768w, https:\/\/losperiodistas.com.mx\/portal\/wp-content\/uploads\/2022\/08\/OA5P22XZPNEDPCSDACHTLYJUIY-1536x864.jpeg 1536w, https:\/\/losperiodistas.com.mx\/portal\/wp-content\/uploads\/2022\/08\/OA5P22XZPNEDPCSDACHTLYJUIY.jpeg 1960w\" sizes=\"(max-width: 1024px) 100vw, 1024px\" \/><figcaption>Los aspirantes de Morena Ricardo Monreal, Marcelo Ebrard, Claudia Sheinbaum y Ad\u00e1n Augusto L\u00f3pez. AGENCIAS<\/figcaption><\/figure>\n\n\n\n<p class=\"has-vivid-cyan-blue-color has-text-color has-medium-font-size\">FRANCESCO MANETTO \/ EL PA\u00cdS<\/p>\n\n\n\n<p><a href=\"https:\/\/elpais.com\/noticias\/morena-movimiento-regeneracion-nacional\/\" target=\"_blank\" rel=\"noreferrer noopener\">Morena<\/a>\u00a0enfila la carrera hacia las elecciones presidenciales de 2024 con una amplia ventaja de m\u00e1s de 10 puntos frente a la suma de todo el bloque opositor. El partido de Andr\u00e9s Manuel L\u00f3pez Obrador no tiene rivales, seg\u00fan una\u00a0<a href=\"https:\/\/ep00.epimg.net\/descargables\/2022\/08\/29\/08091940345e4ca949b25a83119ebc8b.pdf\" target=\"_blank\" rel=\"noreferrer noopener\">encuesta de Enkoll para EL PA\u00cdS y W Radio<\/a>, y es el \u00fanico que afronta desde ya la cita electoral con un abanico de posibles aspirantes que lograr\u00edan una holgada victoria. La favorita para suceder al mandatario es, sin ning\u00fan tipo de matiz, la jefa de Gobierno de Ciudad de M\u00e9xico.\u00a0<a href=\"https:\/\/elpais.com\/noticias\/claudia-sheinbaum-pardo\/\" target=\"_blank\" rel=\"noreferrer noopener\">Claudia Sheinbaum\u00a0<\/a>encabeza la lista de los presidenciables de la formaci\u00f3n gobernante nueve puntos por encima del canciller,\u00a0<a href=\"https:\/\/elpais.com\/noticias\/marcelo-ebrard\/\" target=\"_blank\" rel=\"noreferrer noopener\">Marcelo Ebrard,\u00a0<\/a>seg\u00fan la proyecci\u00f3n de la preferencia bruta o el voto directo que incluye a los indecisos y a los que no respondieron. Esa diferencia se ampl\u00eda hasta 12 puntos en el c\u00e1lculo de la preferencia efectiva o estimaci\u00f3n de voto.<\/p>\n\n\n\n<figure class=\"wp-block-image size-large is-style-default\"><img decoding=\"async\" width=\"1024\" height=\"904\" src=\"https:\/\/losperiodistas.com.mx\/portal\/wp-content\/uploads\/2022\/08\/Captura-de-Pantalla-2022-08-29-a-las-6.46.59-1024x904.jpg\" alt=\"\" class=\"wp-image-35555\" srcset=\"https:\/\/losperiodistas.com.mx\/portal\/wp-content\/uploads\/2022\/08\/Captura-de-Pantalla-2022-08-29-a-las-6.46.59-1024x904.jpg 1024w, https:\/\/losperiodistas.com.mx\/portal\/wp-content\/uploads\/2022\/08\/Captura-de-Pantalla-2022-08-29-a-las-6.46.59-300x265.jpg 300w, https:\/\/losperiodistas.com.mx\/portal\/wp-content\/uploads\/2022\/08\/Captura-de-Pantalla-2022-08-29-a-las-6.46.59-768x678.jpg 768w, https:\/\/losperiodistas.com.mx\/portal\/wp-content\/uploads\/2022\/08\/Captura-de-Pantalla-2022-08-29-a-las-6.46.59.jpg 1422w\" sizes=\"(max-width: 1024px) 100vw, 1024px\" \/><\/figure>\n\n\n\n<p>El horizonte pol\u00edtico de M\u00e9xico que se desprende del estudio de opini\u00f3n, realizado entre el 16 y 19 de agosto en todo el pa\u00eds, es di\u00e1fano: el Movimiento Regeneraci\u00f3n Nacional consolida su poder despu\u00e9s del primer sexenio de gobierno. La formaci\u00f3n se impondr\u00eda con el 55% frente al 53% que obtuvo en 2018. Con la suma de los apoyos cosechados por el\u00a0<a href=\"https:\/\/elpais.com\/noticias\/pt-partido-trabajo-mexico\/\" target=\"_blank\" rel=\"noreferrer noopener\">Partido del Trabajo<\/a>\u00a0(PT) y el<a href=\"https:\/\/elpais.com\/noticias\/pvem-partido-verde-ecologista-mexico\/\" target=\"_blank\" rel=\"noreferrer noopener\">\u00a0Partido Verde Ecologista<\/a>\u00a0(PVEM), ambos aliados de la Cuarta Transformaci\u00f3n, esa ventaja alcanzar\u00eda el 58%. No hay ninguna fuerza opositora con unos n\u00fameros que puedan arrojar un escenario de competici\u00f3n directa. El\u00a0<a href=\"https:\/\/elpais.com\/noticias\/pan-partido-accion-nacional-mexico\/\" target=\"_blank\" rel=\"noreferrer noopener\">Partido Acci\u00f3n Nacional<\/a>\u00a0(PAN) es el que m\u00e1s ciudadanos est\u00e1 en condiciones de movilizar, un 22%, seguido del 16% del\u00a0<a href=\"https:\/\/elpais.com\/noticias\/pri-partido-revolucionario-institucional-mexico\/\" target=\"_blank\" rel=\"noreferrer noopener\">Partido Revolucionario Institucional\u00a0<\/a>(PRI), el mastodonte que gobern\u00f3 el pa\u00eds durante siete d\u00e9cadas ininterrumpidas.\u00a0<a href=\"https:\/\/elpais.com\/noticias\/mc-movimiento-ciudadano-mexico\/\" target=\"_blank\" rel=\"noreferrer noopener\">Movimiento Ciudadano<\/a>\u00a0(MC) y el\u00a0<a href=\"https:\/\/elpais.com\/noticias\/prd-partido-revolucion-democratica-mexico\/\" target=\"_blank\" rel=\"noreferrer noopener\">Partido de la Revoluci\u00f3n Democr\u00e1tica<\/a>\u00a0(PRD) lograr\u00edan un 3%. Pero ni siguiera la suma de todas las candidaturas de la oposici\u00f3n tendr\u00eda, seg\u00fan estos datos, el empuje suficiente para hacerle sombra a Morena.<\/p>\n\n\n\n<p>Todav\u00eda faltan 21 de meses para las presidenciales de 2024, aunque en cada una de las elecciones federales y locales celebradas en los \u00faltimos a\u00f1os el movimiento oficialista, que apenas tiene ocho a\u00f1os de vida, ha afianzado su presencia en las instituciones. Incluso en la reciente consulta sobre la\u00a0<a href=\"https:\/\/elpais.com\/mexico\/2022-04-11\/lopez-obrador-logra-un-respaldo-aplastante-de-sus-seguidores-en-la-consulta-sobre-la-revocacion-de-mandato.html\" target=\"_blank\" rel=\"noreferrer noopener\">revocaci\u00f3n de mandato,\u00a0<\/a>L\u00f3pez Obrador se llev\u00f3 un mensaje de rotundo apoyo de sus bases, refrendando su agenda con un 91,1% de los votos a favor y una participaci\u00f3n del 17,5% -modesta, pero representantiva de la militancia m\u00e1s dura, m\u00e1s de 15 millones de personas-.<\/p>\n\n\n\n<figure class=\"wp-block-image size-large is-style-default\"><img decoding=\"async\" width=\"1024\" height=\"638\" src=\"https:\/\/losperiodistas.com.mx\/portal\/wp-content\/uploads\/2022\/08\/Captura-de-Pantalla-2022-08-29-a-las-6.46.09-1024x638.jpg\" alt=\"\" class=\"wp-image-35552\" srcset=\"https:\/\/losperiodistas.com.mx\/portal\/wp-content\/uploads\/2022\/08\/Captura-de-Pantalla-2022-08-29-a-las-6.46.09-1024x638.jpg 1024w, https:\/\/losperiodistas.com.mx\/portal\/wp-content\/uploads\/2022\/08\/Captura-de-Pantalla-2022-08-29-a-las-6.46.09-300x187.jpg 300w, https:\/\/losperiodistas.com.mx\/portal\/wp-content\/uploads\/2022\/08\/Captura-de-Pantalla-2022-08-29-a-las-6.46.09-768x479.jpg 768w, https:\/\/losperiodistas.com.mx\/portal\/wp-content\/uploads\/2022\/08\/Captura-de-Pantalla-2022-08-29-a-las-6.46.09-1536x957.jpg 1536w, https:\/\/losperiodistas.com.mx\/portal\/wp-content\/uploads\/2022\/08\/Captura-de-Pantalla-2022-08-29-a-las-6.46.09.jpg 1640w\" sizes=\"(max-width: 1024px) 100vw, 1024px\" \/><\/figure>\n\n\n\n<p>La oposici\u00f3n, en cambio, a\u00fan no ha dado se\u00f1ales de haberse recuperado de la derrota de 2018. El PAN, el PRI y el PRD trataron de retomar la iniciativa hace dos a\u00f1os con la conformaci\u00f3n de una alianza,\u00a0<a href=\"https:\/\/elpais.com\/noticias\/va-por-mexico\/\" target=\"_blank\" rel=\"noreferrer noopener\">Va por M\u00e9xico<\/a>, que de momento no ha logrado demostrar una gran eficacia contra el proyecto de L\u00f3pez Obrador. A eso se suma la ausencias de liderazgos fuertes. Las investigaciones judiciales asedian al expresidente\u00a0<a href=\"https:\/\/elpais.com\/mexico\/2022-08-05\/de-pena-nieto-a-alito-las-investigaciones-judiciales-asedian-al-pri.html\" target=\"_blank\" rel=\"noreferrer noopener\">Enrique Pe\u00f1a Nieto y su entorno,<\/a>\u00a0al actual dirigente priista,\u00a0<a href=\"https:\/\/elpais.com\/noticias\/alejandro-moreno\/\" target=\"_blank\" rel=\"noreferrer noopener\">Alejandro Moreno<\/a>, y el excandidato del PAN,\u00a0<a href=\"https:\/\/elpais.com\/noticias\/ricardo-anaya-cortes\/\" target=\"_blank\" rel=\"noreferrer noopener\">Ricardo Anaya,<\/a>\u00a0sali\u00f3 del pa\u00eds rodeado de se\u00f1alamientos por el\u00a0<em>caso Odebrecht.\u00a0<\/em>En medio de esa desarticulaci\u00f3n han surgido otros nombres como el de la senadora\u00a0<a href=\"https:\/\/elpais.com\/mexico\/2022-08-28\/beatriz-paredes-uno-de-los-problemas-mas-serios-de-mexico-es-la-posibilidad-de-una-regresion-antidemocratica.html\" target=\"_blank\" rel=\"noreferrer noopener\">Beatriz Paredes<\/a>, con recorrido y peso pol\u00edtico, que ya es la favorita para liderar el PRI.<\/p>\n\n\n\n<figure class=\"wp-block-image size-large is-style-default\"><img loading=\"lazy\" decoding=\"async\" width=\"1024\" height=\"602\" src=\"https:\/\/losperiodistas.com.mx\/portal\/wp-content\/uploads\/2022\/08\/Captura-de-Pantalla-2022-08-29-a-las-6.45.15-1024x602.jpg\" alt=\"\" class=\"wp-image-35551\" srcset=\"https:\/\/losperiodistas.com.mx\/portal\/wp-content\/uploads\/2022\/08\/Captura-de-Pantalla-2022-08-29-a-las-6.45.15-1024x602.jpg 1024w, https:\/\/losperiodistas.com.mx\/portal\/wp-content\/uploads\/2022\/08\/Captura-de-Pantalla-2022-08-29-a-las-6.45.15-300x176.jpg 300w, https:\/\/losperiodistas.com.mx\/portal\/wp-content\/uploads\/2022\/08\/Captura-de-Pantalla-2022-08-29-a-las-6.45.15-768x451.jpg 768w, https:\/\/losperiodistas.com.mx\/portal\/wp-content\/uploads\/2022\/08\/Captura-de-Pantalla-2022-08-29-a-las-6.45.15-1536x903.jpg 1536w, https:\/\/losperiodistas.com.mx\/portal\/wp-content\/uploads\/2022\/08\/Captura-de-Pantalla-2022-08-29-a-las-6.45.15.jpg 1596w\" sizes=\"(max-width: 1024px) 100vw, 1024px\" \/><\/figure>\n\n\n\n<p>Todav\u00eda es pronto, en cualquier caso, para vislumbrar un panorama n\u00edtido de los equilibrios en las filas opositoras. Sin embargo, Morena inmersa estas semanas en un proceso de renovaci\u00f3n de cargos locales, lleva m\u00e1s de un a\u00f1o volcada en el debate sucesorio. Los nombres de los aspirantes con m\u00e1s posibilidades siempre han estado ah\u00ed. Pero ahora\u00a0<a href=\"https:\/\/elpais.com\/noticias\/claudia-sheinbaum-pardo\/\" target=\"_blank\" rel=\"noreferrer noopener\">Claudia Sheinbaum<\/a>\u00a0ha tomado una clara ventaja, seg\u00fan el sondeo de Enkoll, que formula la pregunta a los votantes de todos los partidos. La estimaci\u00f3n del resultado en una competici\u00f3n con\u00a0<a href=\"https:\/\/elpais.com\/noticias\/marcelo-ebrard\/\" target=\"_blank\" rel=\"noreferrer noopener\">Ebrard,<\/a>\u00a0el senador\u00a0<a href=\"https:\/\/elpais.com\/noticias\/ricardo-monreal-avila\/\" target=\"_blank\" rel=\"noreferrer noopener\">Ricardo Monreal<\/a>\u00a0y el secretario de Gobernaci\u00f3n,\u00a0<a href=\"https:\/\/elpais.com\/noticias\/adan-augusto-lopez-hernandez\/\" target=\"_blank\" rel=\"noreferrer noopener\">Ad\u00e1n Augusto L\u00f3pez,<\/a>\u00a0le otorga un 48% frente al 36% del canciller. Los otros precandidatos quedar\u00edan excluidos de la disputa, aunque tendr\u00e1n un papel importante en la movilizaci\u00f3n de los votos de los simpatizantes, que est\u00e1n llamados a pronunciarse dentro de 10 meses. Mientras tanto, la jefa de Gobierno de la capital trata de fortalecer su perfil nacional y acaba de sumar a su equipo al consultor y analista pol\u00edtico espa\u00f1ol\u00a0<a href=\"https:\/\/elpais.com\/mexico\/2022-08-22\/sheinbaum-incorpora-a-su-equipo-al-analista-y-consultor-antoni-gutierrez-rubi.html\" target=\"_blank\" rel=\"noreferrer noopener\">Antoni Guti\u00e9rrez-Rub\u00ed,<\/a>\u00a0que recientemente llev\u00f3 a Gustavo Petro a ganar las elecciones en Colombia.<\/p>\n\n\n\n<figure class=\"wp-block-image size-large is-style-default\"><img loading=\"lazy\" decoding=\"async\" width=\"1024\" height=\"632\" src=\"https:\/\/losperiodistas.com.mx\/portal\/wp-content\/uploads\/2022\/08\/Captura-de-Pantalla-2022-08-29-a-las-6.44.14-1024x632.jpg\" alt=\"\" class=\"wp-image-35550\" srcset=\"https:\/\/losperiodistas.com.mx\/portal\/wp-content\/uploads\/2022\/08\/Captura-de-Pantalla-2022-08-29-a-las-6.44.14-1024x632.jpg 1024w, https:\/\/losperiodistas.com.mx\/portal\/wp-content\/uploads\/2022\/08\/Captura-de-Pantalla-2022-08-29-a-las-6.44.14-300x185.jpg 300w, https:\/\/losperiodistas.com.mx\/portal\/wp-content\/uploads\/2022\/08\/Captura-de-Pantalla-2022-08-29-a-las-6.44.14-768x474.jpg 768w, https:\/\/losperiodistas.com.mx\/portal\/wp-content\/uploads\/2022\/08\/Captura-de-Pantalla-2022-08-29-a-las-6.44.14-1536x948.jpg 1536w, https:\/\/losperiodistas.com.mx\/portal\/wp-content\/uploads\/2022\/08\/Captura-de-Pantalla-2022-08-29-a-las-6.44.14.jpg 1634w\" sizes=\"(max-width: 1024px) 100vw, 1024px\" \/><\/figure>\n\n\n\n<p>Pese a situar a Sheinbaum como clara ganadora de la votaci\u00f3n interna de Morena, la encuesta plantea tambi\u00e9n el escenario de una victoria de Ebrard. En varias simulaciones de contienda con dirigentes de partidos de la opositores, los dos ganan con comodidad, aunque la primera tiende a imponerse con una mayor diferencia: con hasta un 63% en una hipot\u00e9tica competici\u00f3n con la senadora del PAN\u00a0<a href=\"https:\/\/elpais.com\/mexico\/2022-08-23\/desde-lilly-tellez-hasta-ricardo-anaya-el-pan-destapa-a-sus-aspirantes-a-la-presidencia-de-mexico.html\" target=\"_blank\" rel=\"noreferrer noopener\">Lilly T\u00e9llez<\/a>\u00a0y el gobernador de Jalisco,\u00a0<a href=\"https:\/\/elpais.com\/mexico\/2021-12-06\/enrique-alfaro-estoy-mas-que-preparado-para-ser-candidato-presidencial.html\" target=\"_blank\" rel=\"noreferrer noopener\">Enrique Alfaro,<\/a>\u00a0como candidato de Movimiento Ciudadano.<\/p>\n\n\n\n<figure class=\"wp-block-image size-large is-style-default\"><img loading=\"lazy\" decoding=\"async\" width=\"1024\" height=\"381\" src=\"https:\/\/losperiodistas.com.mx\/portal\/wp-content\/uploads\/2022\/08\/Captura-de-Pantalla-2022-08-29-a-las-6.43.31-1024x381.jpg\" alt=\"\" class=\"wp-image-35549\" srcset=\"https:\/\/losperiodistas.com.mx\/portal\/wp-content\/uploads\/2022\/08\/Captura-de-Pantalla-2022-08-29-a-las-6.43.31-1024x381.jpg 1024w, https:\/\/losperiodistas.com.mx\/portal\/wp-content\/uploads\/2022\/08\/Captura-de-Pantalla-2022-08-29-a-las-6.43.31-300x112.jpg 300w, https:\/\/losperiodistas.com.mx\/portal\/wp-content\/uploads\/2022\/08\/Captura-de-Pantalla-2022-08-29-a-las-6.43.31-768x286.jpg 768w, https:\/\/losperiodistas.com.mx\/portal\/wp-content\/uploads\/2022\/08\/Captura-de-Pantalla-2022-08-29-a-las-6.43.31-1536x572.jpg 1536w, https:\/\/losperiodistas.com.mx\/portal\/wp-content\/uploads\/2022\/08\/Captura-de-Pantalla-2022-08-29-a-las-6.43.31.jpg 1590w\" sizes=\"(max-width: 1024px) 100vw, 1024px\" \/><\/figure>\n\n\n\n<p>Las elecciones de 2024 a\u00fan quedan lejos, pero hay adem\u00e1s una circunstancia especialmente relevante que no debe excluirse. Adem\u00e1s de Sheinbaum, es posible que su contrincante al frente a la alianza opositora sea otra mujer. Con estas premisas, el estudio de opini\u00f3n pregunta a los encuestados su disposici\u00f3n a votar por una dirigente pol\u00edtica, independientemente del nombre de la candidata, como presidenta de la Rep\u00fablica. La mayor\u00eda de respuestas afirmativas es abrumadora, un 82%. Sin embargo, en M\u00e9xico todav\u00eda hay un 14% que rechazar\u00eda esa posibilidad. El factor generacional, m\u00e1s que el de g\u00e9nero, es que el m\u00e1s influye en esa opci\u00f3n, ya que el porcentaje aumenta hasta el 26% entre los mayores de 65 a\u00f1os.<\/p>\n\n\n\n<p><a href=\"https:\/\/ep00.epimg.net\/descargables\/2022\/08\/29\/08091940345e4ca949b25a83119ebc8b.pdf\" target=\"_blank\" rel=\"noreferrer noopener\">Consulte aqu\u00ed la encuesta completa y la metodolog\u00eda.<\/a><\/p>\n\n\n\n<p><a href=\"https:\/\/plus.elpais.com\/newsletters\/lnp\/1\/348\"><strong>Suscr\u00edbase aqu\u00ed<\/strong><\/a>a la\u00a0<em>newsletter<\/em>\u00a0de EL PA\u00cdS M\u00e9xico y reciba todas las claves informativas de la actualidad de este pa\u00eds<\/p>\n\n\n\n<p>Fuente: https:\/\/elpais.com\/mexico\/2022-08-29\/morena-arrasa-con-sheinbaum-como-candidata-favorita-y-afianza-su-ventaja-sobre-toda-la-oposicion.html<\/p>\n","protected":false},"excerpt":{"rendered":"<p>La jefa de Gobierno de Ciudad de M\u00e9xico se impone con una amplia diferencia dentro del partido gobernante, seg\u00fan una [&hellip;]<\/p>\n","protected":false},"author":1,"featured_media":35548,"comment_status":"open","ping_status":"open","sticky":false,"template":"","format":"standard","meta":{"site-sidebar-layout":"default","site-content-layout":"","ast-site-content-layout":"default","site-content-style":"default","site-sidebar-style":"default","ast-global-header-display":"","ast-banner-title-visibility":"","ast-main-header-display":"","ast-hfb-above-header-display":"","ast-hfb-below-header-display":"","ast-hfb-mobile-header-display":"","site-post-title":"","ast-breadcrumbs-content":"","ast-featured-img":"","footer-sml-layout":"","theme-transparent-header-meta":"","adv-header-id-meta":"","stick-header-meta":"","header-above-stick-meta":"","header-main-stick-meta":"","header-below-stick-meta":"","astra-migrate-meta-layouts":"default","ast-page-background-enabled":"default","ast-page-background-meta":{"desktop":{"background-color":"var(--ast-global-color-4)","background-image":"","background-repeat":"repeat","background-position":"center center","background-size":"auto","background-attachment":"scroll","background-type":"","background-media":"","overlay-type":"","overlay-color":"","overlay-opacity":"","overlay-gradient":""},"tablet":{"background-color":"","background-image":"","background-repeat":"repeat","background-position":"center center","background-size":"auto","background-attachment":"scroll","background-type":"","background-media":"","overlay-type":"","overlay-color":"","overlay-opacity":"","overlay-gradient":""},"mobile":{"background-color":"","background-image":"","background-repeat":"repeat","background-position":"center center","background-size":"auto","background-attachment":"scroll","background-type":"","background-media":"","overlay-type":"","overlay-color":"","overlay-opacity":"","overlay-gradient":""}},"ast-content-background-meta":{"desktop":{"background-color":"var(--ast-global-color-5)","background-image":"","background-repeat":"repeat","background-position":"center center","background-size":"auto","background-attachment":"scroll","background-type":"","background-media":"","overlay-type":"","overlay-color":"","overlay-opacity":"","overlay-gradient":""},"tablet":{"background-color":"var(--ast-global-color-5)","background-image":"","background-repeat":"repeat","background-position":"center center","background-size":"auto","background-attachment":"scroll","background-type":"","background-media":"","overlay-type":"","overlay-color":"","overlay-opacity":"","overlay-gradient":""},"mobile":{"background-color":"var(--ast-global-color-5)","background-image":"","background-repeat":"repeat","background-position":"center center","background-size":"auto","background-attachment":"scroll","background-type":"","background-media":"","overlay-type":"","overlay-color":"","overlay-opacity":"","overlay-gradient":""}},"footnotes":""},"categories":[8],"tags":[5209,1233,10764,3404],"class_list":["post-35547","post","type-post","status-publish","format-standard","has-post-thumbnail","hentry","category-noticias","tag-claudia-sheinbaum-pardo","tag-luis-donaldo-colosio","tag-morena-2024","tag-ricardo-anaya"],"_links":{"self":[{"href":"https:\/\/losperiodistas.com.mx\/portal\/wp-json\/wp\/v2\/posts\/35547","targetHints":{"allow":["GET"]}}],"collection":[{"href":"https:\/\/losperiodistas.com.mx\/portal\/wp-json\/wp\/v2\/posts"}],"about":[{"href":"https:\/\/losperiodistas.com.mx\/portal\/wp-json\/wp\/v2\/types\/post"}],"author":[{"embeddable":true,"href":"https:\/\/losperiodistas.com.mx\/portal\/wp-json\/wp\/v2\/users\/1"}],"replies":[{"embeddable":true,"href":"https:\/\/losperiodistas.com.mx\/portal\/wp-json\/wp\/v2\/comments?post=35547"}],"version-history":[{"count":1,"href":"https:\/\/losperiodistas.com.mx\/portal\/wp-json\/wp\/v2\/posts\/35547\/revisions"}],"predecessor-version":[{"id":35556,"href":"https:\/\/losperiodistas.com.mx\/portal\/wp-json\/wp\/v2\/posts\/35547\/revisions\/35556"}],"wp:featuredmedia":[{"embeddable":true,"href":"https:\/\/losperiodistas.com.mx\/portal\/wp-json\/wp\/v2\/media\/35548"}],"wp:attachment":[{"href":"https:\/\/losperiodistas.com.mx\/portal\/wp-json\/wp\/v2\/media?parent=35547"}],"wp:term":[{"taxonomy":"category","embeddable":true,"href":"https:\/\/losperiodistas.com.mx\/portal\/wp-json\/wp\/v2\/categories?post=35547"},{"taxonomy":"post_tag","embeddable":true,"href":"https:\/\/losperiodistas.com.mx\/portal\/wp-json\/wp\/v2\/tags?post=35547"}],"curies":[{"name":"wp","href":"https:\/\/api.w.org\/{rel}","templated":true}]}}