{"id":35541,"date":"2022-08-29T06:08:31","date_gmt":"2022-08-29T11:08:31","guid":{"rendered":"http:\/\/losperiodistas.com.mx\/portal\/?p=35541"},"modified":"2022-08-29T06:08:33","modified_gmt":"2022-08-29T11:08:33","slug":"cfe-instalara-2800-antenas-de-comunicaciones-como-parte-de-su-proyecto-internet-para-todos-bartlett-el-economista","status":"publish","type":"post","link":"https:\/\/losperiodistas.com.mx\/portal\/cfe-instalara-2800-antenas-de-comunicaciones-como-parte-de-su-proyecto-internet-para-todos-bartlett-el-economista\/","title":{"rendered":"CFE instalar\u00e1 2,800 antenas de comunicaciones como parte de su proyecto Internet para Todos: Bartlett | El Economista"},"content":{"rendered":"\n<p class=\"has-medium-font-size\">El\u00a0director general de la Comisi\u00f3n Federal de Electricidad, Manuel Bartlett D\u00edaz, explic\u00f3 ante trabajadores de la CFE\u00a0que el\u00a0proyecto de Internet para Todos\u00a0pretende llevar la conectividad de forma gratuita hasta las comunidades m\u00e1s apartadas del pa\u00eds.<a href=\"https:\/\/api.whatsapp.com\/send?text=https%3A%2F%2Fwww.eleconomista.com.mx%2Fempresas%2FCFE-instalara-2800-antenas-de-comunicaciones-como-parte-de-su-proyecto-Internet-para-Todos-Bartlett-20220828-0019.html\" target=\"_blank\" rel=\"noreferrer noopener\"><\/a><a href=\"https:\/\/twitter.com\/intent\/tweet?text=CFE%20instalar%C3%A1%202,800%20antenas%20de%20comunicaciones%20como%20parte%20de%20su%20proyecto%20Internet%20para%20Todos:%20Bartlett?&amp;url=https%3A%2F%2Fwww.eleconomista.com.mx%2Fempresas%2FCFE-instalara-2800-antenas-de-comunicaciones-como-parte-de-su-proyecto-Internet-para-Todos-Bartlett-20220828-0019.html\" target=\"_blank\" rel=\"noreferrer noopener\"><\/a><a href=\"https:\/\/www.facebook.com\/sharer\/sharer.php?u=https%3A%2F%2Fwww.eleconomista.com.mx%2Fempresas%2FCFE-instalara-2800-antenas-de-comunicaciones-como-parte-de-su-proyecto-Internet-para-Todos-Bartlett-20220828-0019.html\" target=\"_blank\" rel=\"noreferrer noopener\"><\/a><a href=\"https:\/\/www.linkedin.com\/sharing\/share-offsite\/?url=https%3A%2F%2Fwww.eleconomista.com.mx%2Fempresas%2FCFE-instalara-2800-antenas-de-comunicaciones-como-parte-de-su-proyecto-Internet-para-Todos-Bartlett-20220828-0019.html\" target=\"_blank\" rel=\"noreferrer noopener\"><\/a><\/p>\n\n\n\n<p><\/p>\n\n\n\n<figure class=\"wp-block-image size-large is-style-default\"><img fetchpriority=\"high\" decoding=\"async\" width=\"1024\" height=\"614\" src=\"https:\/\/losperiodistas.com.mx\/portal\/wp-content\/uploads\/2022\/08\/cfe.jpg_185051853-1024x614.jpg\" alt=\"\" class=\"wp-image-35542\" srcset=\"https:\/\/losperiodistas.com.mx\/portal\/wp-content\/uploads\/2022\/08\/cfe.jpg_185051853-1024x614.jpg 1024w, https:\/\/losperiodistas.com.mx\/portal\/wp-content\/uploads\/2022\/08\/cfe.jpg_185051853-300x180.jpg 300w, https:\/\/losperiodistas.com.mx\/portal\/wp-content\/uploads\/2022\/08\/cfe.jpg_185051853-768x461.jpg 768w, https:\/\/losperiodistas.com.mx\/portal\/wp-content\/uploads\/2022\/08\/cfe.jpg_185051853.jpg 1200w\" sizes=\"(max-width: 1024px) 100vw, 1024px\" \/><figcaption>Foto EE: Archivo<\/figcaption><\/figure>\n\n\n\n<p class=\"has-vivid-cyan-blue-color has-text-color has-medium-font-size\">KAROL GARC\u00cdA \/ EL ECONOMISTA<\/p>\n\n\n\n<p>El director general de la&nbsp;<strong>Comisi\u00f3n Federal de Electricidad<\/strong>&nbsp;(<strong>CFE<\/strong>), Manuel Bartlett D\u00edaz, afirm\u00f3 que el proyecto para brindar el servicio de&nbsp;<a href=\"https:\/\/www.eleconomista.com.mx\/empresas\/Estado-invertira-30000-mdp-en-proyecto-de-Internet-20220811-0013.html\" target=\"_blank\" rel=\"noreferrer noopener\">Internet para Todos<\/a>&nbsp;contempla la instalaci\u00f3n de 2,800 antenas de comunicaciones que beneficiar\u00e1n a 6.4 millones de personas en 18,364 poblaciones. De este total, 873 antenas ser\u00e1n instaladas en los estados de&nbsp;<strong>Oaxaca<\/strong>,&nbsp;<strong>Chiapas<\/strong>&nbsp;y&nbsp;<strong>Tabasco<\/strong>, con lo que se beneficiar\u00e1 a 1.2 millones de personas en 5,201 poblaciones; mientras que, en&nbsp;<strong>Veracruz<\/strong>,<strong>&nbsp;Tlaxcala<\/strong>&nbsp;y<strong>&nbsp;Puebla<\/strong>, ser\u00e1n 407 antenas para llevar internet a 3,373 localidades y beneficiar a 1 mill\u00f3n 250,000 habitantes.<\/p>\n\n\n\n<p>Lo anterior, luego de que \u00fanicamente anunciaron en su p\u00e1gina que la estatal a trav\u00e9s de su subsidiaria&nbsp;<a href=\"https:\/\/www.eleconomista.com.mx\/opinion\/CFE-Telecom-para-que-20220824-0008.html\" target=\"_blank\" rel=\"noreferrer noopener\">CFE Telecomunicaciones, Internet para Todos<\/a>&nbsp;(TEIT) ofrecer\u00e1 servicios de&nbsp;<strong>internet<\/strong>y&nbsp;<strong>telefon\u00eda m\u00f3vil<\/strong>&nbsp;en las 32 entidades federativas del pa\u00eds, inform\u00f3 en su sitio web:&nbsp;<a href=\"https:\/\/cfeteit.mx\/\" target=\"_blank\" rel=\"noreferrer noopener\">cfeteit.mx<\/a>. adem\u00e1s, CFE TEIT ofrece una red de banda ancha m\u00f3vil con tecnolog\u00eda 4.5G con planes de&nbsp;<a href=\"https:\/\/www.eleconomista.com.mx\/empresas\/La-CFE-lanza-paquetes-de-internet-y-telefonia-movil-desde-30-pesos-20220817-0045.html\" target=\"_blank\" rel=\"noreferrer noopener\">datos m\u00f3viles y telefon\u00eda<\/a>&nbsp;sin plazos forzosos. Por lo pronto, tendr\u00e1 12 paquetes de prepago que van desde 30 pesos hasta 300 pesos mensuales. El paquete m\u00e1s econ\u00f3mico, de 30 pesos ofrece hasta 4GB de velocidad de internet, 250 minutos de llamadas y 125 mensajes SMS; su vigencia es de tres d\u00edas.<\/p>\n\n\n\n<p>Aunque no lo confirm\u00f3, la&nbsp;<strong>CFE<\/strong>&nbsp;no desminti\u00f3 que utilizar\u00e1 la red de Alt\u00e1n.<\/p>\n\n\n\n<p>Al respecto, Jes\u00fas Romo, analista de Telconom\u00eda, explic\u00f3 en su momento que por tanto, aunque tiene a todos los mexicanos cautivos como usuarios de electricidad, CFE TIT no debe ser un competidor sino un\u00a0<strong>Operador Movil Virtual<\/strong>\u00a0(OMV) con un enfoque social, que el gobierno finalmente sumar\u00e1 para que se avance en la interconexi\u00f3n del pa\u00eds.<\/p>\n\n\n\n<p>Ello, porque el t\u00edtulo de concesi\u00f3n de&nbsp;<strong>CFE Internet para Todos<\/strong>&nbsp;deben ofrecer alg\u00fan tipo de&nbsp;<a href=\"http:\/\/www.eleconomista.com.mx\/empresas\/Que-fue-de-la-Red-Troncal-y-la-Red-Compartida-que-el-Pacto-por-Mexico-proyecto-hace-diez-anos-20220711-0052.html\" target=\"_blank\" rel=\"noreferrer noopener\">servicio de internet donde no hay un proveedor<\/a>&nbsp;ya sea terrestre, satelital, etc\u00e9tera e incluye una lista de los lugares donde podr\u00e1 prestar los servicios, dijo a El Economista, ya que era de esperarse, la oferta dice que s\u00f3lo puede entrar donde no hay otros y por tanto es un proveedor, no un competidor.<\/p>\n\n\n\n<p>A la vez, por el tipo de precios, tarifas y paquetes que ofrece, se enfoca en un sector espec\u00edfico de la econom\u00eda al cual el Estado se compromete a apoyar, aunque a\u00fan le faltan dispositivos, es importante buscar esta conexi\u00f3n y que exista este proveedor para los mexicanos.<\/p>\n\n\n\n<p>En tanto, este fin de semana, frente a m\u00e1s de 660 trabajadores de las \u00e1reas de Distribuci\u00f3n, Transmisi\u00f3n, Construcci\u00f3n, Generaci\u00f3n y Suministro B\u00e1sico en Tuxtla Guti\u00e9rrez, Chiapas, Manuel Bartlett D\u00edaz, reconoci\u00f3 la importancia del proyecto que busca llevar&nbsp;<strong>internet<\/strong>&nbsp;a todo M\u00e9xico y destac\u00f3 que solamente la&nbsp;<strong>CFE&nbsp;<\/strong>y su personal pueden lograr el reto de construir e instalar m\u00e1s de 2,000 torres en todo el pa\u00eds.<\/p>\n\n\n\n<p>El proyecto de&nbsp;<strong>Internet para Todos<\/strong>&nbsp;que encabeza la&nbsp;<strong>CFE<\/strong>, a trav\u00e9s de su filial CFE Telecomunicaciones e Internet para Todos (CFE TEIT) pretende llevar la conectividad de forma gratuita hasta las comunidades m\u00e1s apartadas del pa\u00eds a trav\u00e9s de la instalaci\u00f3n de 2,800 antenas de comunicaciones en beneficio de 6.4 millones de personas en 18,364 poblaciones.<\/p>\n\n\n\n<p>De ese total, corresponde al&nbsp;<strong>Estado de M\u00e9xico<\/strong>,&nbsp;<strong>Michoac\u00e1n<\/strong>&nbsp;y<strong>&nbsp;Guerrero<\/strong>&nbsp;la instalaci\u00f3n de 436 antenas, en beneficio de 1 mill\u00f3n 21 mil habitantes de 2,419 poblaciones; y en los estados de&nbsp;<strong>Nayarit<\/strong>,&nbsp;<strong>Jalisco<\/strong>&nbsp;y&nbsp;<strong>Colima<\/strong>&nbsp;la instalaci\u00f3n de 148 antenas, en beneficio de 209 mil habitantes de mil 57 poblaciones, para dotar de internet gratuito a escuelas, plazas p\u00fablicas e instituciones.<\/p>\n\n\n\n<p>En encuentros con personal de la CFE en Toluca, Estado de M\u00e9xico, y Bah\u00eda de Banderas, Nayarit, el director general de la CFE, Manuel Bartlett D\u00edaz, refiri\u00f3 que Internet para Todos forma parte de los grandes proyectos de transformaci\u00f3n que lleva a cabo la administraci\u00f3n del presidente Andr\u00e9s Manuel L\u00f3pez Obrador para romper con las injusticias sociales, igual que los Bancos del Bienestar y el Tren Maya. Asever\u00f3 que cuenta con el valioso apoyo de las y los trabajadores electricistas para impulsar el desarrollo del pa\u00eds.<\/p>\n\n\n\n<p>Manuel Bartlett apunt\u00f3 que la&nbsp;<strong>CFE<\/strong>&nbsp;sigue siendo una sola empresa, la misma que electrific\u00f3 a todo el pa\u00eds y ha transmitido sus conocimientos por generaciones. Es la empresa m\u00e1s importante de M\u00e9xico.<\/p>\n\n\n\n<p>En su gira de trabajo por seis estados, para reunirse con personal de la CFE, el presidente Andr\u00e9s Manuel L\u00f3pez Obrador visit\u00f3 Tuxtla Guti\u00e9rrez, Chiapas, y Cosoleacaque, Veracruz. En el primer encuentro, dijo que el pueblo de M\u00e9xico les necesita y lanz\u00f3 el reto: \u201cSi los anteriores trabajadores de la CFE ya electrificaron todo M\u00e9xico, \u00bfpor qu\u00e9 no vamos a poder llevar internet a todo el pa\u00eds con los trabajadores de la CFE?\u201d.<\/p>\n\n\n\n<p>kg<\/p>\n\n\n\n<p>Fuente: https:\/\/www.eleconomista.com.mx\/empresas\/CFE-instalara-2800-antenas-de-comunicaciones-como-parte-de-su-proyecto-Internet-para-Todos-Bartlett-20220828-0019.html<\/p>\n","protected":false},"excerpt":{"rendered":"<p>El\u00a0director general de la Comisi\u00f3n Federal de Electricidad, Manuel Bartlett D\u00edaz, explic\u00f3 ante trabajadores de la CFE\u00a0que el\u00a0proyecto de Internet [&hellip;]<\/p>\n","protected":false},"author":1,"featured_media":35542,"comment_status":"open","ping_status":"open","sticky":false,"template":"","format":"standard","meta":{"site-sidebar-layout":"default","site-content-layout":"","ast-site-content-layout":"default","site-content-style":"default","site-sidebar-style":"default","ast-global-header-display":"","ast-banner-title-visibility":"","ast-main-header-display":"","ast-hfb-above-header-display":"","ast-hfb-below-header-display":"","ast-hfb-mobile-header-display":"","site-post-title":"","ast-breadcrumbs-content":"","ast-featured-img":"","footer-sml-layout":"","theme-transparent-header-meta":"","adv-header-id-meta":"","stick-header-meta":"","header-above-stick-meta":"","header-main-stick-meta":"","header-below-stick-meta":"","astra-migrate-meta-layouts":"default","ast-page-background-enabled":"default","ast-page-background-meta":{"desktop":{"background-color":"var(--ast-global-color-4)","background-image":"","background-repeat":"repeat","background-position":"center center","background-size":"auto","background-attachment":"scroll","background-type":"","background-media":"","overlay-type":"","overlay-color":"","overlay-opacity":"","overlay-gradient":""},"tablet":{"background-color":"","background-image":"","background-repeat":"repeat","background-position":"center center","background-size":"auto","background-attachment":"scroll","background-type":"","background-media":"","overlay-type":"","overlay-color":"","overlay-opacity":"","overlay-gradient":""},"mobile":{"background-color":"","background-image":"","background-repeat":"repeat","background-position":"center center","background-size":"auto","background-attachment":"scroll","background-type":"","background-media":"","overlay-type":"","overlay-color":"","overlay-opacity":"","overlay-gradient":""}},"ast-content-background-meta":{"desktop":{"background-color":"var(--ast-global-color-5)","background-image":"","background-repeat":"repeat","background-position":"center center","background-size":"auto","background-attachment":"scroll","background-type":"","background-media":"","overlay-type":"","overlay-color":"","overlay-opacity":"","overlay-gradient":""},"tablet":{"background-color":"var(--ast-global-color-5)","background-image":"","background-repeat":"repeat","background-position":"center center","background-size":"auto","background-attachment":"scroll","background-type":"","background-media":"","overlay-type":"","overlay-color":"","overlay-opacity":"","overlay-gradient":""},"mobile":{"background-color":"var(--ast-global-color-5)","background-image":"","background-repeat":"repeat","background-position":"center center","background-size":"auto","background-attachment":"scroll","background-type":"","background-media":"","overlay-type":"","overlay-color":"","overlay-opacity":"","overlay-gradient":""}},"footnotes":""},"categories":[8],"tags":[34,12239,12238],"class_list":["post-35541","post","type-post","status-publish","format-standard","has-post-thumbnail","hentry","category-noticias","tag-cfe","tag-internet-para-todos","tag-teit"],"_links":{"self":[{"href":"https:\/\/losperiodistas.com.mx\/portal\/wp-json\/wp\/v2\/posts\/35541","targetHints":{"allow":["GET"]}}],"collection":[{"href":"https:\/\/losperiodistas.com.mx\/portal\/wp-json\/wp\/v2\/posts"}],"about":[{"href":"https:\/\/losperiodistas.com.mx\/portal\/wp-json\/wp\/v2\/types\/post"}],"author":[{"embeddable":true,"href":"https:\/\/losperiodistas.com.mx\/portal\/wp-json\/wp\/v2\/users\/1"}],"replies":[{"embeddable":true,"href":"https:\/\/losperiodistas.com.mx\/portal\/wp-json\/wp\/v2\/comments?post=35541"}],"version-history":[{"count":1,"href":"https:\/\/losperiodistas.com.mx\/portal\/wp-json\/wp\/v2\/posts\/35541\/revisions"}],"predecessor-version":[{"id":35543,"href":"https:\/\/losperiodistas.com.mx\/portal\/wp-json\/wp\/v2\/posts\/35541\/revisions\/35543"}],"wp:featuredmedia":[{"embeddable":true,"href":"https:\/\/losperiodistas.com.mx\/portal\/wp-json\/wp\/v2\/media\/35542"}],"wp:attachment":[{"href":"https:\/\/losperiodistas.com.mx\/portal\/wp-json\/wp\/v2\/media?parent=35541"}],"wp:term":[{"taxonomy":"category","embeddable":true,"href":"https:\/\/losperiodistas.com.mx\/portal\/wp-json\/wp\/v2\/categories?post=35541"},{"taxonomy":"post_tag","embeddable":true,"href":"https:\/\/losperiodistas.com.mx\/portal\/wp-json\/wp\/v2\/tags?post=35541"}],"curies":[{"name":"wp","href":"https:\/\/api.w.org\/{rel}","templated":true}]}}