{"id":35534,"date":"2022-08-29T05:47:03","date_gmt":"2022-08-29T10:47:03","guid":{"rendered":"http:\/\/losperiodistas.com.mx\/portal\/?p=35534"},"modified":"2022-08-29T05:47:05","modified_gmt":"2022-08-29T10:47:05","slug":"puebla-capital-se-enciende-con-alumbrado-decorativo-por-fiestas-patrias","status":"publish","type":"post","link":"https:\/\/losperiodistas.com.mx\/portal\/puebla-capital-se-enciende-con-alumbrado-decorativo-por-fiestas-patrias\/","title":{"rendered":"Puebla Capital se enciende con alumbrado decorativo por Fiestas Patrias"},"content":{"rendered":"\n<ul class=\"has-medium-font-size wp-block-list\"><li>El Mariachi El Divo \u201cAlma de Ju\u00e1rez\u201d, hizo vibrar a cientos de asistentes que abarrotaron el Z\u00f3calo de la ciudad.<\/li><\/ul>\n\n\n\n<figure class=\"wp-block-image size-large is-style-default\"><img fetchpriority=\"high\" decoding=\"async\" width=\"1024\" height=\"682\" src=\"https:\/\/losperiodistas.com.mx\/portal\/wp-content\/uploads\/2022\/08\/WhatsApp-Image-2022-08-28-at-8.23.17-PM-1024x682.jpeg\" alt=\"\" class=\"wp-image-35535\" srcset=\"https:\/\/losperiodistas.com.mx\/portal\/wp-content\/uploads\/2022\/08\/WhatsApp-Image-2022-08-28-at-8.23.17-PM-1024x682.jpeg 1024w, https:\/\/losperiodistas.com.mx\/portal\/wp-content\/uploads\/2022\/08\/WhatsApp-Image-2022-08-28-at-8.23.17-PM-300x200.jpeg 300w, https:\/\/losperiodistas.com.mx\/portal\/wp-content\/uploads\/2022\/08\/WhatsApp-Image-2022-08-28-at-8.23.17-PM-768x512.jpeg 768w, https:\/\/losperiodistas.com.mx\/portal\/wp-content\/uploads\/2022\/08\/WhatsApp-Image-2022-08-28-at-8.23.17-PM.jpeg 1280w\" sizes=\"(max-width: 1024px) 100vw, 1024px\" \/><figcaption>Ayuntamiento Puebla<\/figcaption><\/figure>\n\n\n\n<p><\/p>\n\n\n\n<p class=\"has-vivid-cyan-blue-color has-text-color has-medium-font-size\">REDACCI\u00d3N<\/p>\n\n\n\n<p>\u00a1Y se hizo la luz! Las calles del Centro Hist\u00f3rico se vistieron de verde, blanco y rojo con los los m\u00e1s de nueve mil 800 adornos tricolor y 44 kil\u00f3metros de luces que se iluminaron con el tradicional encendido que realiz\u00f3 Eduardo Rivera P\u00e9rez, Presidente Municipal de Puebla para arrancar con los festejos septembrinos.<\/p>\n\n\n\n<p>\u00abDebemos sentirnos muy orgullosos de ser mexicanos, pero tambi\u00e9n muy orgullosos de ser poblanos\u00bb, expres\u00f3 el Alcalde ante la gente que acompa\u00f1\u00f3 este evento.<\/p>\n\n\n\n<p>Pese a la lluvia, se vivi\u00f3 un lleno espectacular en el Z\u00f3calo de la ciudad y frente a Palacio Municipal, gracias a la presentaci\u00f3n estelar de del Mariachi El Divo \u201cAlma de Ju\u00e1rez\u201d, agrupaci\u00f3n que hizo vibrar a cientos de asistentes; familias enteras, visitantes y extranjeros que disfrutaron de las interpretaciones de \u00abLa Diferencia\u00bb y \u00abPero qu\u00e9 necesidad\u00bb, entre otros \u00e9xitos del g\u00e9nero, adem\u00e1s de una ante sala folcl\u00f3rica con el ballet Nahui Ollin y el mariachi \u201cLos Gallos\u201d<\/p>\n\n\n\n<figure class=\"wp-block-image size-large is-style-default\"><img decoding=\"async\" width=\"1024\" height=\"682\" src=\"https:\/\/losperiodistas.com.mx\/portal\/wp-content\/uploads\/2022\/08\/WhatsApp-Image-2022-08-28-at-8.23.18-PM-1024x682.jpeg\" alt=\"\" class=\"wp-image-35536\" srcset=\"https:\/\/losperiodistas.com.mx\/portal\/wp-content\/uploads\/2022\/08\/WhatsApp-Image-2022-08-28-at-8.23.18-PM-1024x682.jpeg 1024w, https:\/\/losperiodistas.com.mx\/portal\/wp-content\/uploads\/2022\/08\/WhatsApp-Image-2022-08-28-at-8.23.18-PM-300x200.jpeg 300w, https:\/\/losperiodistas.com.mx\/portal\/wp-content\/uploads\/2022\/08\/WhatsApp-Image-2022-08-28-at-8.23.18-PM-768x512.jpeg 768w, https:\/\/losperiodistas.com.mx\/portal\/wp-content\/uploads\/2022\/08\/WhatsApp-Image-2022-08-28-at-8.23.18-PM.jpeg 1280w\" sizes=\"(max-width: 1024px) 100vw, 1024px\" \/><figcaption>Ayuntamiento Puebla<\/figcaption><\/figure>\n\n\n\n<p>Como se anunci\u00f3 previamente, toda la decoraci\u00f3n e iluminaci\u00f3n que vestir\u00e1 la ciudad durante el mes de fiestas patrias se encuentra en avenida Ju\u00e1rez, Reforma, Juan de Palafox y Mendoza, 16 de Septiembre, calle 5 de Mayo, 6 Oriente y 3 Oriente, as\u00ed como en Palacio Municipal, Z\u00f3calo, Parque del Carmen, Puente de Ovando y Fuente de los Frailes. Tambi\u00e9n adornaron 517 postes, 134 pasacalles, 58 fachadas, se colocaron 74 ornamentos 3D en piso y 30 cielos de luz.<\/p>\n","protected":false},"excerpt":{"rendered":"<p>El Mariachi El Divo \u201cAlma de Ju\u00e1rez\u201d, hizo vibrar a cientos de asistentes que abarrotaron el Z\u00f3calo de la ciudad. [&hellip;]<\/p>\n","protected":false},"author":1,"featured_media":35535,"comment_status":"open","ping_status":"open","sticky":false,"template":"","format":"standard","meta":{"site-sidebar-layout":"default","site-content-layout":"","ast-site-content-layout":"default","site-content-style":"default","site-sidebar-style":"default","ast-global-header-display":"","ast-banner-title-visibility":"","ast-main-header-display":"","ast-hfb-above-header-display":"","ast-hfb-below-header-display":"","ast-hfb-mobile-header-display":"","site-post-title":"","ast-breadcrumbs-content":"","ast-featured-img":"","footer-sml-layout":"","theme-transparent-header-meta":"","adv-header-id-meta":"","stick-header-meta":"","header-above-stick-meta":"","header-main-stick-meta":"","header-below-stick-meta":"","astra-migrate-meta-layouts":"default","ast-page-background-enabled":"default","ast-page-background-meta":{"desktop":{"background-color":"var(--ast-global-color-4)","background-image":"","background-repeat":"repeat","background-position":"center center","background-size":"auto","background-attachment":"scroll","background-type":"","background-media":"","overlay-type":"","overlay-color":"","overlay-opacity":"","overlay-gradient":""},"tablet":{"background-color":"","background-image":"","background-repeat":"repeat","background-position":"center center","background-size":"auto","background-attachment":"scroll","background-type":"","background-media":"","overlay-type":"","overlay-color":"","overlay-opacity":"","overlay-gradient":""},"mobile":{"background-color":"","background-image":"","background-repeat":"repeat","background-position":"center center","background-size":"auto","background-attachment":"scroll","background-type":"","background-media":"","overlay-type":"","overlay-color":"","overlay-opacity":"","overlay-gradient":""}},"ast-content-background-meta":{"desktop":{"background-color":"var(--ast-global-color-5)","background-image":"","background-repeat":"repeat","background-position":"center center","background-size":"auto","background-attachment":"scroll","background-type":"","background-media":"","overlay-type":"","overlay-color":"","overlay-opacity":"","overlay-gradient":""},"tablet":{"background-color":"var(--ast-global-color-5)","background-image":"","background-repeat":"repeat","background-position":"center center","background-size":"auto","background-attachment":"scroll","background-type":"","background-media":"","overlay-type":"","overlay-color":"","overlay-opacity":"","overlay-gradient":""},"mobile":{"background-color":"var(--ast-global-color-5)","background-image":"","background-repeat":"repeat","background-position":"center center","background-size":"auto","background-attachment":"scroll","background-type":"","background-media":"","overlay-type":"","overlay-color":"","overlay-opacity":"","overlay-gradient":""}},"footnotes":""},"categories":[8],"tags":[7279,12237,4243],"class_list":["post-35534","post","type-post","status-publish","format-standard","has-post-thumbnail","hentry","category-noticias","tag-contigoyconrumbo","tag-alumbrado-patrio","tag-centro-historico"],"_links":{"self":[{"href":"https:\/\/losperiodistas.com.mx\/portal\/wp-json\/wp\/v2\/posts\/35534","targetHints":{"allow":["GET"]}}],"collection":[{"href":"https:\/\/losperiodistas.com.mx\/portal\/wp-json\/wp\/v2\/posts"}],"about":[{"href":"https:\/\/losperiodistas.com.mx\/portal\/wp-json\/wp\/v2\/types\/post"}],"author":[{"embeddable":true,"href":"https:\/\/losperiodistas.com.mx\/portal\/wp-json\/wp\/v2\/users\/1"}],"replies":[{"embeddable":true,"href":"https:\/\/losperiodistas.com.mx\/portal\/wp-json\/wp\/v2\/comments?post=35534"}],"version-history":[{"count":1,"href":"https:\/\/losperiodistas.com.mx\/portal\/wp-json\/wp\/v2\/posts\/35534\/revisions"}],"predecessor-version":[{"id":35537,"href":"https:\/\/losperiodistas.com.mx\/portal\/wp-json\/wp\/v2\/posts\/35534\/revisions\/35537"}],"wp:featuredmedia":[{"embeddable":true,"href":"https:\/\/losperiodistas.com.mx\/portal\/wp-json\/wp\/v2\/media\/35535"}],"wp:attachment":[{"href":"https:\/\/losperiodistas.com.mx\/portal\/wp-json\/wp\/v2\/media?parent=35534"}],"wp:term":[{"taxonomy":"category","embeddable":true,"href":"https:\/\/losperiodistas.com.mx\/portal\/wp-json\/wp\/v2\/categories?post=35534"},{"taxonomy":"post_tag","embeddable":true,"href":"https:\/\/losperiodistas.com.mx\/portal\/wp-json\/wp\/v2\/tags?post=35534"}],"curies":[{"name":"wp","href":"https:\/\/api.w.org\/{rel}","templated":true}]}}