{"id":35502,"date":"2022-08-28T12:03:02","date_gmt":"2022-08-28T17:03:02","guid":{"rendered":"http:\/\/losperiodistas.com.mx\/portal\/?p=35502"},"modified":"2022-08-28T12:03:06","modified_gmt":"2022-08-28T17:03:06","slug":"horner-elogia-a-checo-perez-por-su-resultado-en-el-gp-de-belgica-mediotiempo","status":"publish","type":"post","link":"https:\/\/losperiodistas.com.mx\/portal\/horner-elogia-a-checo-perez-por-su-resultado-en-el-gp-de-belgica-mediotiempo\/","title":{"rendered":"Horner elogia a Checo P\u00e9rez por su resultado en el GP de B\u00e9lgica | Mediotiempo"},"content":{"rendered":"\n<h2 class=\"wp-block-heading\">El jefe de Red Bull aplaudi\u00f3 el rendimiento del mexicano, quien termin\u00f3 en segundo lugar en la \u00faltima fecha de F1.<\/h2>\n\n\n\n<figure class=\"wp-block-image size-full is-style-default\"><img fetchpriority=\"high\" decoding=\"async\" width=\"958\" height=\"596\" src=\"https:\/\/losperiodistas.com.mx\/portal\/wp-content\/uploads\/2022\/08\/christian-horner-celebro-continuidad-horner.jpg\" alt=\"\" class=\"wp-image-35503\" srcset=\"https:\/\/losperiodistas.com.mx\/portal\/wp-content\/uploads\/2022\/08\/christian-horner-celebro-continuidad-horner.jpg 958w, https:\/\/losperiodistas.com.mx\/portal\/wp-content\/uploads\/2022\/08\/christian-horner-celebro-continuidad-horner-300x187.jpg 300w, https:\/\/losperiodistas.com.mx\/portal\/wp-content\/uploads\/2022\/08\/christian-horner-celebro-continuidad-horner-768x478.jpg 768w\" sizes=\"(max-width: 958px) 100vw, 958px\" \/><figcaption>Christian Horner y Checo P\u00e9rez. (Foto: AFP)<\/figcaption><\/figure>\n\n\n\n<p class=\"has-vivid-cyan-blue-color has-text-color has-medium-font-size\">EDITORIAL MEDIOTIEMPO<\/p>\n\n\n\n<p>Checo P\u00e9rez termin\u00f3 en segundo lugar el Gran Premio de B\u00e9lgica tras varias carreras flojas por diversos factores como el coche. El mexicano se qued\u00f3 muy por detr\u00e1s de Max Verstappen, sin embargo, obtuvo un gran resultado que le permiti\u00f3 sumar 16 puntos de cara al Mundial de Pilotos, lo cual le permite seguir en la pela con su compa\u00f1ero.\u00a0 <\/p>\n\n\n\n<p>La gran mejor\u00eda del mexicano fue aplaudida por Christian Horner, quien antes de que finalizara la carrera felicit\u00f3 a P\u00e9rez por su gran actuaci\u00f3n en uno de los circuitos m\u00edticos de la F\u00f3rmula 1.\u00a0 <\/p>\n\n\n\n<p>\u201cBien hecho Checo, este ha sido un resultado realmente s\u00f3lido, 1-2, puntos grandes para el equipo. Bien hecho amigo\u201d, le dijo el jefe de Red Bull al tapat\u00edo por medio de la radio.\u00a0 <\/p>\n\n\n\n<figure class=\"wp-block-embed is-type-rich is-provider-twitter wp-block-embed-twitter\"><div class=\"wp-block-embed__wrapper\">\nhttps:\/\/twitter.com\/PrimeF1__\/status\/1563898316022325251?ref_src=twsrc%5Etfw%7Ctwcamp%5Etweetembed%7Ctwterm%5E1563898316022325251%7Ctwgr%5E654d8096c5139e895bf527e5ba864a1039515466%7Ctwcon%5Es1_c10&#038;ref_url=https%3A%2F%2Fwww.mediotiempo.com%2Fautomovilismo%2Ff1%2Fhorner-felicita-a-checo-perez-por-segundo-lugar-en-gp-de-belgica\n<\/div><\/figure>\n\n\n\n<p>El mexicano larg\u00f3 desde la segunda posici\u00f3n en B\u00e9lgica, una plaza que, aunque se la perdi\u00f3 por varias vueltas, pudo recuperar para as\u00ed sumar puntos importantes para su causa y tambi\u00e9n para el equipo.\u00a0 <\/p>\n\n\n\n<p>Checo buscar\u00e1 la ansiada victoria en el Gran Premio de Pa\u00edses Bajos, el cual se disputar\u00e1 el pr\u00f3ximo domingo 4 de septiembre en punto de las 8:00 horas. Esta carrera, como todas las dem\u00e1s, la podr\u00e1s seguir EN VIVO en mediotiempo.\u00a0 <\/p>\n\n\n\n<p>Fuente: https:\/\/www.mediotiempo.com\/automovilismo\/f1\/horner-felicita-a-checo-perez-por-segundo-lugar-en-gp-de-belgica<\/p>\n","protected":false},"excerpt":{"rendered":"<p>El jefe de Red Bull aplaudi\u00f3 el rendimiento del mexicano, quien termin\u00f3 en segundo lugar en la \u00faltima fecha de [&hellip;]<\/p>\n","protected":false},"author":1,"featured_media":35503,"comment_status":"open","ping_status":"open","sticky":false,"template":"","format":"standard","meta":{"site-sidebar-layout":"default","site-content-layout":"","ast-site-content-layout":"default","site-content-style":"default","site-sidebar-style":"default","ast-global-header-display":"","ast-banner-title-visibility":"","ast-main-header-display":"","ast-hfb-above-header-display":"","ast-hfb-below-header-display":"","ast-hfb-mobile-header-display":"","site-post-title":"","ast-breadcrumbs-content":"","ast-featured-img":"","footer-sml-layout":"","theme-transparent-header-meta":"","adv-header-id-meta":"","stick-header-meta":"","header-above-stick-meta":"","header-main-stick-meta":"","header-below-stick-meta":"","astra-migrate-meta-layouts":"default","ast-page-background-enabled":"default","ast-page-background-meta":{"desktop":{"background-color":"var(--ast-global-color-4)","background-image":"","background-repeat":"repeat","background-position":"center center","background-size":"auto","background-attachment":"scroll","background-type":"","background-media":"","overlay-type":"","overlay-color":"","overlay-opacity":"","overlay-gradient":""},"tablet":{"background-color":"","background-image":"","background-repeat":"repeat","background-position":"center center","background-size":"auto","background-attachment":"scroll","background-type":"","background-media":"","overlay-type":"","overlay-color":"","overlay-opacity":"","overlay-gradient":""},"mobile":{"background-color":"","background-image":"","background-repeat":"repeat","background-position":"center center","background-size":"auto","background-attachment":"scroll","background-type":"","background-media":"","overlay-type":"","overlay-color":"","overlay-opacity":"","overlay-gradient":""}},"ast-content-background-meta":{"desktop":{"background-color":"var(--ast-global-color-5)","background-image":"","background-repeat":"repeat","background-position":"center center","background-size":"auto","background-attachment":"scroll","background-type":"","background-media":"","overlay-type":"","overlay-color":"","overlay-opacity":"","overlay-gradient":""},"tablet":{"background-color":"var(--ast-global-color-5)","background-image":"","background-repeat":"repeat","background-position":"center center","background-size":"auto","background-attachment":"scroll","background-type":"","background-media":"","overlay-type":"","overlay-color":"","overlay-opacity":"","overlay-gradient":""},"mobile":{"background-color":"var(--ast-global-color-5)","background-image":"","background-repeat":"repeat","background-position":"center center","background-size":"auto","background-attachment":"scroll","background-type":"","background-media":"","overlay-type":"","overlay-color":"","overlay-opacity":"","overlay-gradient":""}},"footnotes":""},"categories":[8],"tags":[276,12236,466],"class_list":["post-35502","post","type-post","status-publish","format-standard","has-post-thumbnail","hentry","category-noticias","tag-checo-perez","tag-gp-belgica-f1","tag-red-bull"],"_links":{"self":[{"href":"https:\/\/losperiodistas.com.mx\/portal\/wp-json\/wp\/v2\/posts\/35502","targetHints":{"allow":["GET"]}}],"collection":[{"href":"https:\/\/losperiodistas.com.mx\/portal\/wp-json\/wp\/v2\/posts"}],"about":[{"href":"https:\/\/losperiodistas.com.mx\/portal\/wp-json\/wp\/v2\/types\/post"}],"author":[{"embeddable":true,"href":"https:\/\/losperiodistas.com.mx\/portal\/wp-json\/wp\/v2\/users\/1"}],"replies":[{"embeddable":true,"href":"https:\/\/losperiodistas.com.mx\/portal\/wp-json\/wp\/v2\/comments?post=35502"}],"version-history":[{"count":1,"href":"https:\/\/losperiodistas.com.mx\/portal\/wp-json\/wp\/v2\/posts\/35502\/revisions"}],"predecessor-version":[{"id":35504,"href":"https:\/\/losperiodistas.com.mx\/portal\/wp-json\/wp\/v2\/posts\/35502\/revisions\/35504"}],"wp:featuredmedia":[{"embeddable":true,"href":"https:\/\/losperiodistas.com.mx\/portal\/wp-json\/wp\/v2\/media\/35503"}],"wp:attachment":[{"href":"https:\/\/losperiodistas.com.mx\/portal\/wp-json\/wp\/v2\/media?parent=35502"}],"wp:term":[{"taxonomy":"category","embeddable":true,"href":"https:\/\/losperiodistas.com.mx\/portal\/wp-json\/wp\/v2\/categories?post=35502"},{"taxonomy":"post_tag","embeddable":true,"href":"https:\/\/losperiodistas.com.mx\/portal\/wp-json\/wp\/v2\/tags?post=35502"}],"curies":[{"name":"wp","href":"https:\/\/api.w.org\/{rel}","templated":true}]}}