{"id":3550,"date":"2021-01-20T05:17:36","date_gmt":"2021-01-20T11:17:36","guid":{"rendered":"http:\/\/losperiodistas.com.mx\/portal\/?p=3550"},"modified":"2021-01-20T05:17:36","modified_gmt":"2021-01-20T11:17:36","slug":"intuban-al-cardenal-norberto-rivera-por-covid-19-ya-recibio-la-extremauncion-exvocero-an","status":"publish","type":"post","link":"https:\/\/losperiodistas.com.mx\/portal\/intuban-al-cardenal-norberto-rivera-por-covid-19-ya-recibio-la-extremauncion-exvocero-an\/","title":{"rendered":"Intuban al cardenal Norberto Rivera por Covid-19; ya recibi\u00f3 la extremaunci\u00f3n: exvocero | AN"},"content":{"rendered":"\n<p style=\"font-size:18px\"><em>El exvocero de la Arquidi\u00f3cesis, Hugo Valdemar, dijo que Rivera tiene serios da\u00f1os pulmonares y muy baja saturaci\u00f3n de ox\u00edgeno, que ha llegado a bajar al 40%. Tambi\u00e9n se quej\u00f3 de que ni a \u00e9l ni a los familiares del c\u00e1rdenal se les ha permitido visitarlo.<\/em><\/p>\n\n\n\n<p class=\"has-vivid-cyan-blue-color has-text-color has-medium-font-size\">AN \/ MDS<\/p>\n\n\n\n<p>El cardenal em\u00e9rito de M\u00e9xico,&nbsp;<strong>Norberto Rivera Carrera, fue intubado y este lunes recibi\u00f3 la extremaunci\u00f3n,<\/strong>asegur\u00f3 el sacerdote Hugo Valdmar Romero, quien fuera su vocero. Valdemar acus\u00f3 a la Arquidi\u00f3cesis Primada de no costear los gastos m\u00e9dicos de Rivera ni darle apoyo espiritual.<\/p>\n\n\n\n<p>\u201cEl cardenal ingres\u00f3 por Covid al Hospital Mocel, pero&nbsp;<strong>debido a que se agrav\u00f3 su estado de salud se le tuvo que cambiar a otro hospital<\/strong>, del que prefiero omitir su nombre para mantener la privacidad del cardenal. Actualmente ah\u00ed permanece en terapia intensiva, sedado e intubado\u201d, dijo en una entrevista con la agencia&nbsp;<em>Apro<\/em>.<\/p>\n\n\n\n<p>Valdemar coment\u00f3 que Rivera tiene&nbsp;<strong>serios da\u00f1os pulmonares y muy baja saturaci\u00f3n de ox\u00edgeno, que ha llegado a bajar al 40%.<\/strong>&nbsp;Tambi\u00e9n se quej\u00f3 de que ni a \u00e9l ni a los familiares del c\u00e1rdenal se les ha permitido visitarlo.<\/p>\n\n\n\n<p>El exvocero dijo que el traslado hospitalario sucedi\u00f3 el domingo 17 de enero y que el pron\u00f3stico es bueno.&nbsp;<strong>\u201cHoy nos dieron un pron\u00f3stico muy esperanzador y confiamos en que va a superar esta enfermedad.&nbsp;<\/strong>El martes pasado fue internado, el domingo se complic\u00f3 y se traslad\u00f3 del Mocel a otro hospital del que nos reservamos el nombre por cuesti\u00f3n de privacidad\u201d, se\u00f1al\u00f3 en otra entrevista con el diario&nbsp;<em>El Universal.<\/em><\/p>\n\n\n\n<p>El domingo, la Arquidi\u00f3cesis Primada de M\u00e9xico dio a conocer que el cardenal Norberto Rivera Carrera, de 78 a\u00f1os de edad, hab\u00eda sido hospitalizado por Covid-19 y\u00a0<strong>desminti\u00f3 versiones que circularon en Internet acerca de su fallecimiento.<\/strong><\/p>\n\n\n\n<figure class=\"wp-block-embed-twitter wp-block-embed is-type-rich is-provider-twitter\"><div class=\"wp-block-embed__wrapper\">\n<blockquote class=\"twitter-tweet\" data-width=\"500\" data-dnt=\"true\"><p lang=\"es\" dir=\"ltr\">Esta informaci\u00f3n que circula en internet es falsa. El Cardenal Norberto Rivera est\u00e1 siendo atendido en un hospital. Sigamos orando por el Arzobispo Em\u00e9rito de M\u00e9xico \ud83d\ude4f <a href=\"https:\/\/t.co\/yLE9aH9tK7\">pic.twitter.com\/yLE9aH9tK7<\/a><\/p>&mdash; Arquidi\u00f3cesis Primada de M\u00e9xico (@ArquidiocesisMx) <a href=\"https:\/\/twitter.com\/ArquidiocesisMx\/status\/1350919746577956866?ref_src=twsrc%5Etfw\">January 17, 2021<\/a><\/blockquote><script async src=\"https:\/\/platform.twitter.com\/widgets.js\" charset=\"utf-8\"><\/script>\n<\/div><\/figure>\n\n\n\n<p>El 6 de junio de 2017, el cardenal present\u00f3 al papa Francisco su renuncia como Arzobispo de la Arquidi\u00f3cesis Primada de M\u00e9xico. En su lugar fue nombrado el cardenal&nbsp;<strong>Carlos Aguiar Retes.<\/strong><\/p>\n\n\n\n<p>En una carta p\u00fablica dijo que se iba con&nbsp;<strong>\u201cla satisfacci\u00f3n de no haber permanecido mudo ante la violaci\u00f3n de los derechos humanos y divinos de mi madre la Iglesia.<\/strong>&nbsp;Lamento si, por mi posici\u00f3n firme, alguien se sinti\u00f3 ofendido y lastimado, y una vez m\u00e1s pido humildemente perd\u00f3n a quien, aun sin querer, haya ofendido\u201d.<\/p>\n\n\n\n<p>\u201cSiempre cont\u00e9 con la cercan\u00eda y el amor maternal de mi Morenita del Tepeyac y el ejemplo de san Juan Diego, a quienes ahora elevo mis oraciones por el nuevo Arzobispo de M\u00e9xico.<br>Finalmente, pido perd\u00f3n a Dios por mis debilidades y omisiones.&nbsp;<strong>Al final de mis d\u00edas espero encontrarme con mi Salvador, rico en Misericordia\u201d,&nbsp;<\/strong>asegur\u00f3.<\/p>\n\n\n\n<p>Norberto Rivera Carrera naci\u00f3 el 6 de junio de 1942 en La Pur\u00edsima, Tepehuanes, en la Arquidi\u00f3cesis de Durango y&nbsp;<strong>fue ordenado sacerdote el 3 de julio de 1966 en Roma por el papa Pablo VI,<\/strong>&nbsp;en la Bas\u00edlica de San Pedro.<\/p>\n\n\n\n<p>El 5 de noviembre de 1985, fue nombrado Obispo de Tehuac\u00e1n, su consagraci\u00f3n episcopal se realiz\u00f3 el 21 de diciembre de 1985 y&nbsp;<strong>promovido a la sede metropolitana y primada de M\u00e9xico el 13 de junio de 1995.<\/strong><\/p>\n\n\n\n<p>El 18 de enero de 1998 fue designado Cardenal de la Iglesia;<strong>&nbsp;el 21 de febrero del mismo a\u00f1o le fue impuesto el capelo cardenalicio por el papa Juan Pablo II en la Bas\u00edlica de San Pedro<\/strong>&nbsp;y, posteriormente, el 1 de marzo fue recibido en la Catedral Metropolitana como nuevo cardenal metropolitano.<\/p>\n\n\n\n<p>Ya como cardenal, fue designado como miembro de la Congregaci\u00f3n para el Culto Divino y la Disciplina de los Sacramentos, integrante del Comit\u00e9 de Presidencia del Consejo Pontificio para la Familia y&nbsp;<strong>miembro de la Pontificia Comisi\u00f3n para Am\u00e9rica Latina.<\/strong><\/p>\n\n\n\n<p>Adem\u00e1s, titular de la Iglesia de San Francisco de As\u00eds en Roma, integrante de la Congregaci\u00f3n del Clero y form\u00f3 parte del S\u00ednodo Permanente de los Obispos (realizado en octubre de 2001). Entre otros cargos, fue\u00a0<strong>presidente del<\/strong>\u00a0<strong>Consejo Interreligioso de M\u00e9xico y Presidente del Consejo Ecum\u00e9nico.<\/strong><\/p>\n\n\n\n<p>Fuente: https:\/\/aristeguinoticias.com\/2001\/mexico\/intuban-al-cardenal-norberto-rivera-por-covid-19-ya-recibio-la-extremauncion-exvocero\/<\/p>\n","protected":false},"excerpt":{"rendered":"<p>El exvocero de la Arquidi\u00f3cesis, Hugo Valdemar, dijo que Rivera tiene serios da\u00f1os pulmonares y muy baja saturaci\u00f3n de ox\u00edgeno, [&hellip;]<\/p>\n","protected":false},"author":1,"featured_media":3551,"comment_status":"open","ping_status":"open","sticky":false,"template":"","format":"standard","meta":{"site-sidebar-layout":"default","site-content-layout":"","ast-site-content-layout":"default","site-content-style":"default","site-sidebar-style":"default","ast-global-header-display":"","ast-banner-title-visibility":"","ast-main-header-display":"","ast-hfb-above-header-display":"","ast-hfb-below-header-display":"","ast-hfb-mobile-header-display":"","site-post-title":"","ast-breadcrumbs-content":"","ast-featured-img":"","footer-sml-layout":"","theme-transparent-header-meta":"","adv-header-id-meta":"","stick-header-meta":"","header-above-stick-meta":"","header-main-stick-meta":"","header-below-stick-meta":"","astra-migrate-meta-layouts":"default","ast-page-background-enabled":"default","ast-page-background-meta":{"desktop":{"background-color":"var(--ast-global-color-4)","background-image":"","background-repeat":"repeat","background-position":"center center","background-size":"auto","background-attachment":"scroll","background-type":"","background-media":"","overlay-type":"","overlay-color":"","overlay-opacity":"","overlay-gradient":""},"tablet":{"background-color":"","background-image":"","background-repeat":"repeat","background-position":"center center","background-size":"auto","background-attachment":"scroll","background-type":"","background-media":"","overlay-type":"","overlay-color":"","overlay-opacity":"","overlay-gradient":""},"mobile":{"background-color":"","background-image":"","background-repeat":"repeat","background-position":"center center","background-size":"auto","background-attachment":"scroll","background-type":"","background-media":"","overlay-type":"","overlay-color":"","overlay-opacity":"","overlay-gradient":""}},"ast-content-background-meta":{"desktop":{"background-color":"var(--ast-global-color-5)","background-image":"","background-repeat":"repeat","background-position":"center center","background-size":"auto","background-attachment":"scroll","background-type":"","background-media":"","overlay-type":"","overlay-color":"","overlay-opacity":"","overlay-gradient":""},"tablet":{"background-color":"var(--ast-global-color-5)","background-image":"","background-repeat":"repeat","background-position":"center center","background-size":"auto","background-attachment":"scroll","background-type":"","background-media":"","overlay-type":"","overlay-color":"","overlay-opacity":"","overlay-gradient":""},"mobile":{"background-color":"var(--ast-global-color-5)","background-image":"","background-repeat":"repeat","background-position":"center center","background-size":"auto","background-attachment":"scroll","background-type":"","background-media":"","overlay-type":"","overlay-color":"","overlay-opacity":"","overlay-gradient":""}},"footnotes":""},"categories":[8],"tags":[],"class_list":["post-3550","post","type-post","status-publish","format-standard","has-post-thumbnail","hentry","category-noticias"],"_links":{"self":[{"href":"https:\/\/losperiodistas.com.mx\/portal\/wp-json\/wp\/v2\/posts\/3550","targetHints":{"allow":["GET"]}}],"collection":[{"href":"https:\/\/losperiodistas.com.mx\/portal\/wp-json\/wp\/v2\/posts"}],"about":[{"href":"https:\/\/losperiodistas.com.mx\/portal\/wp-json\/wp\/v2\/types\/post"}],"author":[{"embeddable":true,"href":"https:\/\/losperiodistas.com.mx\/portal\/wp-json\/wp\/v2\/users\/1"}],"replies":[{"embeddable":true,"href":"https:\/\/losperiodistas.com.mx\/portal\/wp-json\/wp\/v2\/comments?post=3550"}],"version-history":[{"count":1,"href":"https:\/\/losperiodistas.com.mx\/portal\/wp-json\/wp\/v2\/posts\/3550\/revisions"}],"predecessor-version":[{"id":3552,"href":"https:\/\/losperiodistas.com.mx\/portal\/wp-json\/wp\/v2\/posts\/3550\/revisions\/3552"}],"wp:featuredmedia":[{"embeddable":true,"href":"https:\/\/losperiodistas.com.mx\/portal\/wp-json\/wp\/v2\/media\/3551"}],"wp:attachment":[{"href":"https:\/\/losperiodistas.com.mx\/portal\/wp-json\/wp\/v2\/media?parent=3550"}],"wp:term":[{"taxonomy":"category","embeddable":true,"href":"https:\/\/losperiodistas.com.mx\/portal\/wp-json\/wp\/v2\/categories?post=3550"},{"taxonomy":"post_tag","embeddable":true,"href":"https:\/\/losperiodistas.com.mx\/portal\/wp-json\/wp\/v2\/tags?post=3550"}],"curies":[{"name":"wp","href":"https:\/\/api.w.org\/{rel}","templated":true}]}}