{"id":35492,"date":"2022-08-28T10:22:59","date_gmt":"2022-08-28T15:22:59","guid":{"rendered":"http:\/\/losperiodistas.com.mx\/portal\/?p=35492"},"modified":"2022-08-28T10:23:01","modified_gmt":"2022-08-28T15:23:01","slug":"la-sucesion-poblana-avanza","status":"publish","type":"post","link":"https:\/\/losperiodistas.com.mx\/portal\/la-sucesion-poblana-avanza\/","title":{"rendered":"La sucesi\u00f3n poblana avanza"},"content":{"rendered":"\n<p class=\"has-medium-font-size\">Las apuestas corren, los escenarios se modifican; los golfistas buscan candidato&#8230; Mario Delgado reta a Miguel Barbosa a no tener miedo a los destapes y pide unidad.<\/p>\n\n\n\n<p><\/p>\n\n\n\n<figure class=\"wp-block-embed is-type-video is-provider-youtube wp-block-embed-youtube wp-embed-aspect-16-9 wp-has-aspect-ratio\"><div class=\"wp-block-embed__wrapper\">\n<iframe title=\"La sucesi\u00f3n poblana avanza\" width=\"500\" height=\"281\" src=\"https:\/\/www.youtube.com\/embed\/oCkm05qjAQ0?feature=oembed\" frameborder=\"0\" allow=\"accelerometer; autoplay; clipboard-write; encrypted-media; gyroscope; picture-in-picture; web-share\" referrerpolicy=\"strict-origin-when-cross-origin\" allowfullscreen><\/iframe>\n<\/div><\/figure>\n\n\n\n<p><\/p>\n\n\n\n<p class=\"has-vivid-cyan-blue-color has-text-color\" style=\"font-size:26px\"><strong><em>Por Jes\u00fas Manuel Hern\u00e1ndez<\/em><\/strong><\/p>\n\n\n\n<p>Por lo visto y escuchado, la sucesi\u00f3n gubernamental en Puebla no le compete solo a los iniciados en el protocolo de las <strong>\u201ccorcholatas locales\u201d,<\/strong> tampoco es un tema exclusivo de quienes militan en un partido o forman parte de los grupos cupulares de quienes detentan el poder.<\/p>\n\n\n\n<p>No, no es as\u00ed.<\/p>\n\n\n\n<p>Para nadie es extra\u00f1o que un buen n\u00famero de poblanos, sobre todo de condiciones econ\u00f3micas elevadas, padecen la debilidad l\u00fadica, la llevan a cuestas en su carga gen\u00e9tica, hay inclinaciones, concupiscencias a la <strong>\u201capuesta\u201d<\/strong>.<\/p>\n\n\n\n<p>En el pasado fueron los \u201cbrincos\u201d y los \u201ccazadores\u201d de apuestas quienes divulgaban los momios, hasta que llegaron oficialmente los <strong>\u201cBooks\u201d<\/strong>, esos espacios franquiciados con relaci\u00f3n a los casinos de Estados Unidos que plagaron las ciudades del pa\u00eds.<\/p>\n\n\n\n<p>Pero hay otro rubro, muy refinado, donde el protocolo forma parte de una actividad elitista: el golf.<\/p>\n\n\n\n<p>Escribi\u00f3 <strong>Ortega y Gasset<\/strong> hace algunas d\u00e9cadas al visitar un campo de golf en Madrid: <em>\u201c\u2026 <\/em><strong><em>esta sobria delicia que es un almuerzo en el golf.<\/em><\/strong><em>&nbsp;Ya me parece ver que surge del follaje, s\u00fabitamente, el fauno con jersey, tras del cual la ninfa bruna agita su melena al viento mientras ajusta su falda precisa. No lejos emerge el coboldo asalariado,&nbsp;<strong>arrastrando un vago carcaj, \u00faltima manifestaci\u00f3n del viejo s\u00edmbolo er\u00f3tico, donde las flechas venusinas han sido suplantadas por los palos de juego\u2026\u201d.<\/strong><\/em><strong><em><\/em><\/strong><\/p>\n\n\n\n<p><strong>Se entiende que quiz\u00e1 Ortega y Gasset estar\u00eda en el almuerzo en el hoyo 19.<\/strong><strong><\/strong><\/p>\n\n\n\n<p><strong>En Puebla los apostadores no hablan de Ortega y Gasset<\/strong><strong>, quiz\u00e1 uno o dos de ellos lo hayan le\u00eddo, el resto m\u00e1s bien juega a la especulaci\u00f3n inmobiliaria y es que ven en el siguiente sexenio una oportunidad para dejar los activos necesarios para cuatro o cinco generaciones m\u00e1s. <\/strong>Qu\u00e9 si tienen favorito, por supuesto. Qu\u00e9 si tienen influencia, claro que s\u00ed.<\/p>\n\n\n\n<p>Y el <strong>\u201cHoyo 19\u201d<\/strong> se ha convertido en el centro de operaciones de esas apuestas cazadas cada semana por un grupo de aficionados tanto al golf como a la influencia pol\u00edtica.<\/p>\n\n\n\n<p>Este grupo adem\u00e1s de pegarle a la pelota habla de pol\u00edtica, de afinidades con tal o cual personaje que \u201cconvendr\u00eda\u201d continuara con la acci\u00f3n de gobernar.<\/p>\n\n\n\n<p>Las apuestas corren cada semana, la recaudaci\u00f3n a veces llega al mill\u00f3n de pesos, no por la pol\u00edtica, por los r\u00e9cords de golpes, \u201chole in one\u201d, \u201calbatros\u201d, y una cantidad de acciones propias del juego.<\/p>\n\n\n\n<p>Mientras tanto el gobernador ha usado sus conferencias matutinas para arreciar las cr\u00edticas y ataques a los precandidatos no alineados e incluso ha invitado a otros actores a integrarse a la pol\u00e9mica.<\/p>\n\n\n\n<p>No es extra\u00f1a la menci\u00f3n de <strong>Ad\u00e1n Augusto L\u00f3pez, por lo visto favorable a Nacho Mier<\/strong>. O la inclusi\u00f3n de <strong>Rodrigo Abdala y Francisco Ramos, <em>\u201ccarga maletas de Nacho\u201d<\/em><\/strong> dijo de \u00e9ste \u00faltimo, presuntos delegados del gobierno, menos la menci\u00f3n de <strong>Manuel Bartlett<\/strong> a quien le pide <strong>\u201cno se meta\u201d<\/strong>, pues hasta ahora ha sido <strong>\u201cun buen ex gobernador\u201d<\/strong>.<\/p>\n\n\n\n<p>Miguel Barbosa es un hombre empe\u00f1ado en demostrar a todos que el poder no puede regate\u00e1rsele.<\/p>\n\n\n\n<p>En la medida que los tiempos se acercan, que los escenarios pueden ser alterados, el gobernador usa su fuerza y se dirige a los admiradores del pasado, reporteros incluidos, <strong>les recomienda que los morenovallistas les deben \u201ccaer gordos\u201d y les pide rezar todas las noches un Padre Nuestro y decir diez veces la frase<\/strong>.<\/p>\n\n\n\n<p>O sea, a \u201cDios rogando y con el mazo dando\u201d. <strong>Un mensaje muy claro para Lozano Alarc\u00f3n y banda que lo acompa\u00f1a<\/strong>.<\/p>\n\n\n\n<p>Pero los aspirantes no est\u00e1n amarrados de las manos, salvo los del c\u00edrculo cercano a Casa Aguayo. He aqu\u00ed que el s\u00e1bado 27 <strong>Nacho Mier<\/strong> en su informe de labores junt\u00f3 a la crema y algo de nata de MORENA. La presencia de <strong>Mario Delgado y C\u00e9sar Y\u00e1\u00f1ez<\/strong>, entre otros, algunos gobernadores y exgobernadores sirvieron tambi\u00e9n para mostrar <strong>el m\u00fasculo ignaciano<\/strong>.<\/p>\n\n\n\n<p>Mario Delgado convoc\u00f3 a la \u201cunidad\u201d al gobernador, un mensaje que seguramente tendr\u00e1 respuesta a lo largo de estos d\u00edas y con ello abundar\u00e1 el \u00e9nfasis de la divisi\u00f3n de los pol\u00edticos morenistas.<\/p>\n\n\n\n<p><strong>Nacho Mier con el respaldo cupular del centro y la ausencia del movimiento en Puebla<\/strong>.<\/p>\n\n\n\n<p>Una an\u00e9cdota:<\/p>\n\n\n\n<p>Desde 1973 dos gobernadores han pretendido eludir las \u00f3rdenes del centro, del gobierno federal y sus actores, asumieron, los dos, posturas personales en aras de proyectos tambi\u00e9n personales.<\/p>\n\n\n\n<p>El primero fue <strong>Gonzalo Bautista O\u2019Farrill<\/strong> quien como interino de Rafael Moreno Valle, opt\u00f3 por iniciar una lucha contra los universitarios. Pag\u00f3 cara su desobediencia, fue destituido de manera poco protocolaria y exhibido en sus excesos y vinculado a asesinatos de acad\u00e9micos de la UAP.<\/p>\n\n\n\n<p>El otro fue <strong>Manuel Bartlett D\u00edaz<\/strong>, quien en su idea de ser candidato del PRI a la Presidencia, cuestion\u00f3 a <strong>Ernesto Zedillo<\/strong> y lo convoc\u00f3 a no meterse en la sucesi\u00f3n presidencial. El entonces presidente declar\u00f3 que se \u201chab\u00eda amarrado el dedo\u201d en la sucesi\u00f3n pretendiendo dejar en claro que no habr\u00eda <strong>\u201cdedazo\u201d<\/strong>.<\/p>\n\n\n\n<p>Bartlett le respondi\u00f3 que no bastaba amarrarse el dedo, deb\u00eda <strong>\u201camarrarse la mano\u201d<\/strong>.<\/p>\n\n\n\n<p>El futuro de don Manuel no fue llano a partir de esa diferencia, hubo recortes presupuestales que repercutieron en la no conclusi\u00f3n de obras como el Perif\u00e9rico y despu\u00e9s acotarlo en sus premisas en la convenci\u00f3n nacional del PRI en Tehuac\u00e1n donde defendi\u00f3 la autonom\u00eda energ\u00e9tica del pa\u00eds.<\/p>\n\n\n\n<p>Bartlett acab\u00f3 abandonando el PRI.<\/p>\n\n\n\n<p>En conclusi\u00f3n el poder central pesa mucho.<\/p>\n\n\n\n<p>Barbosa sigue empe\u00f1ado en manejar la sucesi\u00f3n, le compete, le asiste la verdad en sus deseos aunque quiz\u00e1 est\u00e9 perdiendo de vista algunos escenarios, pero eso solo se sabr\u00e1 con el paso del tiempo y la llegada de la sucesi\u00f3n en vivo y a todo color.<\/p>\n\n\n\n<p>Mientras tanto a la espera de la respuesta de Barbosa al reto de Mario Delgado, de no asustarse por los destapes.<\/p>\n\n\n\n<p>O por lo menos, as\u00ed me lo parece.<\/p>\n\n\n\n<p>losperiodistas.com.mx@gmail.com<\/p>\n","protected":false},"excerpt":{"rendered":"<p>Las apuestas corren, los escenarios se modifican; los golfistas buscan candidato&#8230; Mario Delgado reta a Miguel Barbosa a no tener [&hellip;]<\/p>\n","protected":false},"author":1,"featured_media":35493,"comment_status":"open","ping_status":"open","sticky":false,"template":"","format":"standard","meta":{"site-sidebar-layout":"default","site-content-layout":"","ast-site-content-layout":"default","site-content-style":"default","site-sidebar-style":"default","ast-global-header-display":"","ast-banner-title-visibility":"","ast-main-header-display":"","ast-hfb-above-header-display":"","ast-hfb-below-header-display":"","ast-hfb-mobile-header-display":"","site-post-title":"","ast-breadcrumbs-content":"","ast-featured-img":"","footer-sml-layout":"","theme-transparent-header-meta":"","adv-header-id-meta":"","stick-header-meta":"","header-above-stick-meta":"","header-main-stick-meta":"","header-below-stick-meta":"","astra-migrate-meta-layouts":"default","ast-page-background-enabled":"default","ast-page-background-meta":{"desktop":{"background-color":"var(--ast-global-color-4)","background-image":"","background-repeat":"repeat","background-position":"center center","background-size":"auto","background-attachment":"scroll","background-type":"","background-media":"","overlay-type":"","overlay-color":"","overlay-opacity":"","overlay-gradient":""},"tablet":{"background-color":"","background-image":"","background-repeat":"repeat","background-position":"center center","background-size":"auto","background-attachment":"scroll","background-type":"","background-media":"","overlay-type":"","overlay-color":"","overlay-opacity":"","overlay-gradient":""},"mobile":{"background-color":"","background-image":"","background-repeat":"repeat","background-position":"center center","background-size":"auto","background-attachment":"scroll","background-type":"","background-media":"","overlay-type":"","overlay-color":"","overlay-opacity":"","overlay-gradient":""}},"ast-content-background-meta":{"desktop":{"background-color":"var(--ast-global-color-5)","background-image":"","background-repeat":"repeat","background-position":"center center","background-size":"auto","background-attachment":"scroll","background-type":"","background-media":"","overlay-type":"","overlay-color":"","overlay-opacity":"","overlay-gradient":""},"tablet":{"background-color":"var(--ast-global-color-5)","background-image":"","background-repeat":"repeat","background-position":"center center","background-size":"auto","background-attachment":"scroll","background-type":"","background-media":"","overlay-type":"","overlay-color":"","overlay-opacity":"","overlay-gradient":""},"mobile":{"background-color":"var(--ast-global-color-5)","background-image":"","background-repeat":"repeat","background-position":"center center","background-size":"auto","background-attachment":"scroll","background-type":"","background-media":"","overlay-type":"","overlay-color":"","overlay-opacity":"","overlay-gradient":""}},"footnotes":""},"categories":[8,5],"tags":[8711,2324,73,12221],"class_list":["post-35492","post","type-post","status-publish","format-standard","has-post-thumbnail","hentry","category-noticias","category-por-soleares","tag-elecciones-puebla-2024","tag-mario-delgado","tag-miguel-barbosa","tag-nacho-mier"],"_links":{"self":[{"href":"https:\/\/losperiodistas.com.mx\/portal\/wp-json\/wp\/v2\/posts\/35492","targetHints":{"allow":["GET"]}}],"collection":[{"href":"https:\/\/losperiodistas.com.mx\/portal\/wp-json\/wp\/v2\/posts"}],"about":[{"href":"https:\/\/losperiodistas.com.mx\/portal\/wp-json\/wp\/v2\/types\/post"}],"author":[{"embeddable":true,"href":"https:\/\/losperiodistas.com.mx\/portal\/wp-json\/wp\/v2\/users\/1"}],"replies":[{"embeddable":true,"href":"https:\/\/losperiodistas.com.mx\/portal\/wp-json\/wp\/v2\/comments?post=35492"}],"version-history":[{"count":1,"href":"https:\/\/losperiodistas.com.mx\/portal\/wp-json\/wp\/v2\/posts\/35492\/revisions"}],"predecessor-version":[{"id":35494,"href":"https:\/\/losperiodistas.com.mx\/portal\/wp-json\/wp\/v2\/posts\/35492\/revisions\/35494"}],"wp:featuredmedia":[{"embeddable":true,"href":"https:\/\/losperiodistas.com.mx\/portal\/wp-json\/wp\/v2\/media\/35493"}],"wp:attachment":[{"href":"https:\/\/losperiodistas.com.mx\/portal\/wp-json\/wp\/v2\/media?parent=35492"}],"wp:term":[{"taxonomy":"category","embeddable":true,"href":"https:\/\/losperiodistas.com.mx\/portal\/wp-json\/wp\/v2\/categories?post=35492"},{"taxonomy":"post_tag","embeddable":true,"href":"https:\/\/losperiodistas.com.mx\/portal\/wp-json\/wp\/v2\/tags?post=35492"}],"curies":[{"name":"wp","href":"https:\/\/api.w.org\/{rel}","templated":true}]}}