{"id":3544,"date":"2021-01-20T05:03:30","date_gmt":"2021-01-20T11:03:30","guid":{"rendered":"http:\/\/losperiodistas.com.mx\/portal\/?p=3544"},"modified":"2021-01-20T05:03:30","modified_gmt":"2021-01-20T11:03:30","slug":"trump-en-su-discurso-de-despedida-pide-rezar-por-el-exito-de-la-administracion-biden-y-dice-que-unio-al-mundo-frente-a-china-rt","status":"publish","type":"post","link":"https:\/\/losperiodistas.com.mx\/portal\/trump-en-su-discurso-de-despedida-pide-rezar-por-el-exito-de-la-administracion-biden-y-dice-que-unio-al-mundo-frente-a-china-rt\/","title":{"rendered":"Trump en su discurso de despedida: pide \u00abrezar por el \u00e9xito\u00bb de la Administraci\u00f3n Biden y dice que uni\u00f3 al mundo frente a China | RT"},"content":{"rendered":"\n<p style=\"font-size:18px\"><em>\u00abHicimos lo que vinimos a hacer aqu\u00ed, y mucho m\u00e1s\u00bb, ha declarado el mandatario saliente.<\/em><\/p>\n\n\n\n<p class=\"has-vivid-cyan-blue-color has-text-color has-medium-font-size\">RT<\/p>\n\n\n\n<p>En su discurso de despedida, el presidente de EE.UU., Donald Trump, ha hecho un llamamiento este martes a \u00abrezar\u00bb por el \u00e9xito de la nueva Administraci\u00f3n, y ha resumido los que considera sus principales logros en el cargo, entre los que ha destacado los esfuerzos por normalizar las relaciones en Oriente Medio o por unir a las naciones del mundo \u00abpara enfrentar a China como nunca antes\u00bb.<\/p>\n\n\n\n<p>\u00abEsta semana inauguramos una nueva Administraci\u00f3n y&nbsp;<strong>oramos por su \u00e9xito en mantener a EE.UU. seguro y pr\u00f3spero<\/strong>\u00ab, declar\u00f3 Trump, que no llam\u00f3 por su nombre a su sucesor dem\u00f3crata, seg\u00fan los extractos publicados por la Casa Blanca.<\/p>\n\n\n\n<p>Al mismo tiempo, el presidente saliente advirti\u00f3 que, mientras se prepara para traspasar el poder a la nueva Administraci\u00f3n, \u00abel movimiento que comenzamos apenas est\u00e1 empezando\u00bb.<\/p>\n\n\n\n<p>El mandatario tambi\u00e9n se refiri\u00f3 el asalto al Capitolio que parte de sus partidarios protagonizaron el pasado 6 de enero, y declar\u00f3 que \u00abtodos los estadounidenses estaban horrorizados\u00bb por lo ocurrido. En este sentido, enfatiz\u00f3 que \u00abla violencia pol\u00edtica es un ataque a todo lo que apreciamos como estadounidenses\u00bb y \u00abnunca podr\u00e1 ser tolerado\u00bb.<\/p>\n\n\n\n<figure class=\"wp-block-image\"><img decoding=\"async\" src=\"https:\/\/i.ytimg.com\/vi\/8YPgI8QJNCQ\/sddefault.jpg\" alt=\"\"\/><\/figure>\n\n\n\n<h3 class=\"wp-block-heading\">\u00abEl primer presidente en d\u00e9cadas sin nuevas guerras\u00bb<\/h3>\n\n\n\n<p>Sobre su mandato, Trump subray\u00f3 que asumi\u00f3 las peleas \u00abm\u00e1s duras\u00bb y las decisiones \u00abm\u00e1s dif\u00edciles\u00bb, porque para eso lo hab\u00edan elegido.<\/p>\n\n\n\n<p>\u00abRevitalizamos nuestras alianzas y unimos a las naciones del mundo para enfrentar a China como nunca antes\u00bb, se jact\u00f3 el presidente saliente.<\/p>\n\n\n\n<p>Por otro lado, se\u00f1al\u00f3 que, gracias a la \u00abaudaz diplomacia y al realismo basado en principios\u00bb de su Administraci\u00f3n, se lograron \u00ab<strong>una serie de acuerdos de paz hist\u00f3ricos<\/strong>en Oriente Medio\u00bb. \u00abEs el amanecer de un nuevo Oriente Medio y estamos trayendo a nuestros soldados a casa\u00bb, recalc\u00f3 Trump.<\/p>\n\n\n\n<figure class=\"wp-block-image\"><img decoding=\"async\" src=\"https:\/\/cdni.rt.com\/actualidad\/public_images\/2021.01\/thumbnail\/5fff822e59bf5b06a936074f.JPG\" alt=\"Trump se pronuncia tras la aprobaci\u00f3n del segundo juicio pol\u00edtico en su contra en la C\u00e1mara de Representantes de EE.UU.\"\/><\/figure>\n\n\n\n<p><a href=\"https:\/\/actualidad.rt.com\/actualidad\/380089-trump-pronunciarse-aprobacion-juicio-politico\">Trump se pronuncia tras la aprobaci\u00f3n del segundo juicio pol\u00edtico en su contra en la C\u00e1mara de Representantes de EE.UU.<\/a><\/p>\n\n\n\n<p>En particular, el mandatario se mostr\u00f3 especialmente orgulloso de ser \u00abel primer presidente en d\u00e9cadas que no ha iniciado nuevas guerras\u00bb.<\/p>\n\n\n\n<p>Trump asegur\u00f3 que la agenda que desarroll\u00f3 durante su mandato \u00abno se trataba de derecha o izquierda\u00bb, de republicanos o dem\u00f3cratas, sino \u00abdel bien de una naci\u00f3n\u00bb, lo que -subray\u00f3- significa \u00abtoda la naci\u00f3n\u00bb.<\/p>\n\n\n\n<p>Asimismo, resalt\u00f3 que su Administraci\u00f3n hab\u00eda \u00abrestaurado la fuerza estadounidense en casa y el liderazgo estadounidense en el exterior\u00bb, al tiempo que \u00abconstruy\u00f3 la mayor econom\u00eda de la historia del mundo\u00bb.<\/p>\n\n\n\n<p>\u00abHicimos lo que vinimos a hacer aqu\u00ed, y mucho m\u00e1s\u00bb, resumi\u00f3.<\/p>\n\n\n\n<p>Fuente: https:\/\/actualidad.rt.com\/actualidad\/380731-discurso-despedida-trump-rezar-biden<\/p>\n","protected":false},"excerpt":{"rendered":"<p>\u00abHicimos lo que vinimos a hacer aqu\u00ed, y mucho m\u00e1s\u00bb, ha declarado el mandatario saliente. RT En su discurso de [&hellip;]<\/p>\n","protected":false},"author":1,"featured_media":3545,"comment_status":"open","ping_status":"open","sticky":false,"template":"","format":"standard","meta":{"site-sidebar-layout":"default","site-content-layout":"","ast-site-content-layout":"default","site-content-style":"default","site-sidebar-style":"default","ast-global-header-display":"","ast-banner-title-visibility":"","ast-main-header-display":"","ast-hfb-above-header-display":"","ast-hfb-below-header-display":"","ast-hfb-mobile-header-display":"","site-post-title":"","ast-breadcrumbs-content":"","ast-featured-img":"","footer-sml-layout":"","theme-transparent-header-meta":"","adv-header-id-meta":"","stick-header-meta":"","header-above-stick-meta":"","header-main-stick-meta":"","header-below-stick-meta":"","astra-migrate-meta-layouts":"default","ast-page-background-enabled":"default","ast-page-background-meta":{"desktop":{"background-color":"var(--ast-global-color-4)","background-image":"","background-repeat":"repeat","background-position":"center center","background-size":"auto","background-attachment":"scroll","background-type":"","background-media":"","overlay-type":"","overlay-color":"","overlay-opacity":"","overlay-gradient":""},"tablet":{"background-color":"","background-image":"","background-repeat":"repeat","background-position":"center center","background-size":"auto","background-attachment":"scroll","background-type":"","background-media":"","overlay-type":"","overlay-color":"","overlay-opacity":"","overlay-gradient":""},"mobile":{"background-color":"","background-image":"","background-repeat":"repeat","background-position":"center center","background-size":"auto","background-attachment":"scroll","background-type":"","background-media":"","overlay-type":"","overlay-color":"","overlay-opacity":"","overlay-gradient":""}},"ast-content-background-meta":{"desktop":{"background-color":"var(--ast-global-color-5)","background-image":"","background-repeat":"repeat","background-position":"center center","background-size":"auto","background-attachment":"scroll","background-type":"","background-media":"","overlay-type":"","overlay-color":"","overlay-opacity":"","overlay-gradient":""},"tablet":{"background-color":"var(--ast-global-color-5)","background-image":"","background-repeat":"repeat","background-position":"center center","background-size":"auto","background-attachment":"scroll","background-type":"","background-media":"","overlay-type":"","overlay-color":"","overlay-opacity":"","overlay-gradient":""},"mobile":{"background-color":"var(--ast-global-color-5)","background-image":"","background-repeat":"repeat","background-position":"center center","background-size":"auto","background-attachment":"scroll","background-type":"","background-media":"","overlay-type":"","overlay-color":"","overlay-opacity":"","overlay-gradient":""}},"footnotes":""},"categories":[8],"tags":[],"class_list":["post-3544","post","type-post","status-publish","format-standard","has-post-thumbnail","hentry","category-noticias"],"_links":{"self":[{"href":"https:\/\/losperiodistas.com.mx\/portal\/wp-json\/wp\/v2\/posts\/3544","targetHints":{"allow":["GET"]}}],"collection":[{"href":"https:\/\/losperiodistas.com.mx\/portal\/wp-json\/wp\/v2\/posts"}],"about":[{"href":"https:\/\/losperiodistas.com.mx\/portal\/wp-json\/wp\/v2\/types\/post"}],"author":[{"embeddable":true,"href":"https:\/\/losperiodistas.com.mx\/portal\/wp-json\/wp\/v2\/users\/1"}],"replies":[{"embeddable":true,"href":"https:\/\/losperiodistas.com.mx\/portal\/wp-json\/wp\/v2\/comments?post=3544"}],"version-history":[{"count":1,"href":"https:\/\/losperiodistas.com.mx\/portal\/wp-json\/wp\/v2\/posts\/3544\/revisions"}],"predecessor-version":[{"id":3546,"href":"https:\/\/losperiodistas.com.mx\/portal\/wp-json\/wp\/v2\/posts\/3544\/revisions\/3546"}],"wp:featuredmedia":[{"embeddable":true,"href":"https:\/\/losperiodistas.com.mx\/portal\/wp-json\/wp\/v2\/media\/3545"}],"wp:attachment":[{"href":"https:\/\/losperiodistas.com.mx\/portal\/wp-json\/wp\/v2\/media?parent=3544"}],"wp:term":[{"taxonomy":"category","embeddable":true,"href":"https:\/\/losperiodistas.com.mx\/portal\/wp-json\/wp\/v2\/categories?post=3544"},{"taxonomy":"post_tag","embeddable":true,"href":"https:\/\/losperiodistas.com.mx\/portal\/wp-json\/wp\/v2\/tags?post=3544"}],"curies":[{"name":"wp","href":"https:\/\/api.w.org\/{rel}","templated":true}]}}