{"id":3537,"date":"2021-01-19T20:21:49","date_gmt":"2021-01-20T02:21:49","guid":{"rendered":"http:\/\/losperiodistas.com.mx\/portal\/?p=3537"},"modified":"2021-01-19T20:21:49","modified_gmt":"2021-01-20T02:21:49","slug":"investidura-de-biden-3-decisiones-de-ultima-hora-de-trump-que-complicaran-el-arranque-del-presidente-electo-bbc","status":"publish","type":"post","link":"https:\/\/losperiodistas.com.mx\/portal\/investidura-de-biden-3-decisiones-de-ultima-hora-de-trump-que-complicaran-el-arranque-del-presidente-electo-bbc\/","title":{"rendered":"Investidura de Biden: 3 decisiones de \u00faltima hora de Trump que complicar\u00e1n el arranque del presidente electo | BBC"},"content":{"rendered":"\n<p style=\"font-size:18px\"><em>Donald Trump acaba su presidencia el 20 de enero.<\/em><\/p>\n\n\n\n<p class=\"has-vivid-cyan-blue-color has-text-color has-medium-font-size\">BBC NEWS MUNDO<\/p>\n\n\n\n<p><strong>En Estados Unidos, se denomina \u00abpato cojo\u00bb o \u00abrengo\u00bb (de \u00ablame duck\u00bb) a un presidente saliente en el periodo que va desde la elecci\u00f3n de su sucesor hasta su efectiva toma de posesi\u00f3n.<\/strong><\/p>\n\n\n\n<p>El adjetivo de \u00abcojo\u00bb hace referencia a la supuesta poca capacidad del mandatario saliente de \u00abmoverse\u00bb pol\u00edticamente en ese periodo. Pero, como en tantas otras ocasiones, el gobierno de Donald Trump&nbsp;<strong>ha roto con lo establecido.<\/strong><\/p>\n\n\n\n<p>En las \u00faltimas semanas y d\u00edas, el Ejecutivo ha tomado importantes decisiones en materia de pol\u00edtica exterior que pueden complicar los planes de Joe Biden, que toma posesi\u00f3n como el 46\u00ba presidente de EE.UU. el mi\u00e9rcoles 20 de enero.<\/p>\n\n\n\n<p>Estos son algunos ejemplos.<\/p>\n\n\n\n<h2 class=\"wp-block-heading\" id=\"1-Cuba\">1. Cuba<\/h2>\n\n\n\n<p>El pasado 11 de enero, a poco m\u00e1s de una semana del traspaso de poder, el gobierno de Trump hizo un anuncio con importantes repercusiones para Am\u00e9rica Latina: devolvi\u00f3 a Cuba a la lista de pa\u00edses\u00a0<strong>patrocinadores del terrorismo.<\/strong><\/p>\n\n\n\n<p>\u00abCon esta medida de nuevo hacemos responsable al gobierno de Cuba y mandamos un claro mensaje: el r\u00e9gimen castrista&nbsp;<strong>debe acabar con su apoyo al terrorismo internacional&nbsp;<\/strong>y con la subversi\u00f3n de la justicia estadounidense\u00bb, dijo el secretario de Estado, Mike Pompeo, en un comunicado.<\/p>\n\n\n\n<p>Para argumentar esa decisi\u00f3n, Pompeo se\u00f1al\u00f3 la negativa de Cuba a extraditar a miembros del Ejercito de Liberaci\u00f3n Nacional (ELN) de Colombia tras un atentado con bomba en enero de 2019 en un academia policial de Bogot\u00e1 en el que murieron 22 personas.<\/p>\n\n\n\n<p>Adem\u00e1s, habl\u00f3 de la alianza de Cuba con Venezuela, donde Estados Unidos promueve un cambio de gobierno.<\/p>\n\n\n\n<p>En 2015, el expresidente Barack Obama hab\u00eda sacado a Cuba de esa misma lista, en la que llevaba desde 1982, dando un paso fundamental en el \u00abdeshielo\u00bb que un a\u00f1o despu\u00e9s resultar\u00eda en la reanudaci\u00f3n de relaciones diplom\u00e1ticas entre ambos pa\u00edses, si bien con Trump<strong>&nbsp;la postura de EE.UU. se volvi\u00f3 a endurecer.<\/strong><\/p>\n\n\n\n<figure class=\"wp-block-image\"><img decoding=\"async\" src=\"https:\/\/ichef.bbci.co.uk\/news\/640\/cpsprodpb\/2B41\/production\/_116437011_cubaobama.jpg\" alt=\"Ra\u00fal Castro y Barack Obama.\"\/><figcaption>Pie de foto,Cuba y Estados Unidos reanudaron relaciones en 2016.<\/figcaption><\/figure>\n\n\n\n<p>Biden ha expresado su voluntad de mejorar las relaciones con la isla, restableciendo alg\u00fan nivel del compromiso iniciado con Obama -que incluye permitir que los cubanoestadounidenses visiten a sus familiares y env\u00eden dinero-, pero ese paso puede verse ralentizado por las \u00faltimas medidas.<\/p>\n\n\n\n<p>Para revertir la inclusi\u00f3n de Cuba en la lista, por ejemplo,&nbsp;<strong>el Departamento de Estado debe llevar a cabo una revisi\u00f3n formal que puede durar meses<\/strong>, advierten los analistas.<\/p>\n\n\n\n<p>\u00abDarle la vuelta a esta designaci\u00f3n requiere tiempo\u00bb, se\u00f1alaba a BBC Mundo John Kavulich, presidente del Consejo Econ\u00f3mico y Comercial Estados Unidos-Cuba, tras conocerse la \u00faltima acci\u00f3n.<\/p>\n\n\n\n<p>Kavulich asegur\u00f3, adem\u00e1s, que para el gobierno de Biden puede ser un problema la conexi\u00f3n que Trump hizo entre&nbsp;<strong>Cuba y Venezuela.<\/strong><\/p>\n\n\n\n<figure class=\"wp-block-image\"><img decoding=\"async\" src=\"https:\/\/ichef.bbci.co.uk\/news\/640\/cpsprodpb\/67D7\/production\/_116438562_madurocanel.jpg\" alt=\"Maduro y D\u00edaz Canel\"\/><figcaption>Pie de foto,Nicol\u00e1s Maduro y Miguel D\u00edaz Canel son dos buenos aliados.<\/figcaption><\/figure>\n\n\n\n<p>\u00abLa administraci\u00f3n Trump conect\u00f3 con \u00e9xito Cuba con Venezuela y el gobierno entrante de Biden lo ha hecho tambi\u00e9n. Puede haber incluso presi\u00f3n de congresistas para agregar a Venezuela a la lista en lugar de para quitar a Cuba\u00bb, manifest\u00f3.<\/p>\n\n\n\n<h2 class=\"wp-block-heading\" id=\"2-China\">2. China<\/h2>\n\n\n\n<p>Varias decisiones sobre China tomadas por el gobierno saliente de Trump volvieron a tensar la relaci\u00f3n entre las dos potencias.<\/p>\n\n\n\n<p>La primera de ellas se produjo el 9 de enero, cuando Pompeo anunci\u00f3&nbsp;<strong>el levantamiento de las restricciones sobre contactos entre diplom\u00e1ticos estadounidenses y taiwaneses<\/strong>, rompiendo con una pol\u00edtica mantenida por d\u00e9cadas por la Casa Blanca.<\/p>\n\n\n\n<p>China considera a la democr\u00e1tica Taiw\u00e1n parte indisputable de su territorio y habitualmente describe a la que considera una \u00abisla rebelde\u00bb como el asunto m\u00e1s delicado en sus lazos con EE.UU.<img decoding=\"async\" src=\"https:\/\/news.files.bbci.co.uk\/include\/idt2\/assets\/6b8b98f2-4835-4d5d-ae9d-7c7eea23a4c4\" alt=\"Mike Pompeo\">ReutersLa relaci\u00f3n entre EE.UU. y Taiw\u00e1n no necesita, ni debe, estar encadenada a las restricciones autoimpuestas de nuestra burocracia permanente\u00bb<strong>Mike Pompeo<\/strong><br>Secretario de Estado saliente de EE.UU.<\/p>\n\n\n\n<p>A pesar de que EE.UU., como la mayor\u00eda de pa\u00edses en el mundo, no mantiene relaciones formales con Taiw\u00e1n, el gobierno de Trump ha aumentado su acciones de respaldo a la isla, a trav\u00e9s de la venta de armas o la legislaci\u00f3n para ayudar a Taipei a gestionar la presi\u00f3n de Pek\u00edn.<\/p>\n\n\n\n<ul class=\"wp-block-list\"><li><a href=\"https:\/\/www.bbc.com\/mundo\/noticias-internacional-54727928\">El conflicto latente que espera al pr\u00f3ximo presidente de EE.UU.<\/a><\/li><\/ul>\n\n\n\n<p>Tras cuatro a\u00f1os de profundo deterioro de las relaciones entre las dos potencias mundiales, esta \u00faltima medida fue vista como un intento del l\u00edder republicano de fijar la l\u00ednea dura contra China antes de la toma de posesi\u00f3n de Biden.<\/p>\n\n\n\n<p>\u00abLa administraci\u00f3n Biden estar\u00e1&nbsp;<strong>leg\u00edtimamente descontenta&nbsp;<\/strong>con que una decisi\u00f3n pol\u00edtica como esta se realice en los \u00faltimos d\u00edas de la de Trump\u00bb, consider\u00f3 Bonnie Glaser, una de las mayores expertas en la relaci\u00f3n sino-estadounidense en EE.UU., en declaraciones a Reuters.<\/p>\n\n\n\n<p>Glaser, del Centro de Estudios Estrat\u00e9gicos e Internacionales de Washington, explic\u00f3 que algunos ejemplos de las restricciones que Pompeo levant\u00f3 inclu\u00edan que funcionarios taiwaneses&nbsp;<strong>no pudieran entrar<\/strong>&nbsp;en el Departamento de Estado y, por tanto, tuvieran que reunirse en hoteles.<\/p>\n\n\n\n<figure class=\"wp-block-image\"><img decoding=\"async\" src=\"https:\/\/www.bbc.com\/ws\/includes\/idt2\/3b550f78-b78f-4ebe-b589-0b330c7da16c\/image\/816\" alt=\"Map\"\/><\/figure>\n\n\n\n<p>Un funcionario del equipo de transici\u00f3n de Biden se\u00f1al\u00f3 que una vez que el presidente electo asuma el poder continuar\u00e1 apoyando \u00abla resoluci\u00f3n pac\u00edfica de los asuntos&nbsp;<strong>entre las dos orillas del Estrecho<\/strong>&nbsp;[China-Taiw\u00e1n] en consecuencia de los deseos y el inter\u00e9s de la sociedad de Taiw\u00e1n\u00bb.<\/p>\n\n\n\n<p>A la decisi\u00f3n sobre Taiw\u00e1n, se sum\u00f3 otro duro golpe de EE.UU. a China el \u00faltimo d\u00eda de presidencia de Trump: la declaraci\u00f3n de las acciones de Pek\u00edn contra los uigures de Xinjiang como \u00ab<strong>genocidio<\/strong>\u00bb y \u00abcr\u00edmenes contra la Humanidad\u00bb, lo que agriar\u00e1n aun m\u00e1s las relaciones.<\/p>\n\n\n\n<h2 class=\"wp-block-heading\" id=\"3-Ir\u00e1n\">3. Ir\u00e1n<\/h2>\n\n\n\n<p>El gobierno de Trump tambi\u00e9n redobl\u00f3 su ofensiva contra Ir\u00e1n en este \u00faltimo tramo de su presidencia.<\/p>\n\n\n\n<p>El 12 de enero, Pompeo acus\u00f3 al pa\u00eds persa de ser&nbsp;<strong>\u00abla nueva sede central\u00bb<\/strong>&nbsp;de Al Qaeda y mantener v\u00ednculos estrechos con el grupo terrorista.<\/p>\n\n\n\n<p>Pompeo no aport\u00f3 pruebas de sus acusaciones. Teher\u00e1n las consider\u00f3 \u00abmentiras belicistas\u00bb.<\/p>\n\n\n\n<ul class=\"wp-block-list\"><li><a href=\"https:\/\/www.bbc.com\/mundo\/noticias-internacional-55222544\">5 hitos geopol\u00edticos que hicieron historia en 2020<\/a><\/li><\/ul>\n\n\n\n<p>Las declaraciones de Pompeo poco antes de su salida fueron vistas como un intento de reforzar&nbsp;<strong>la presi\u00f3n sobre Teher\u00e1n<\/strong>&nbsp;antes de la llegada de Biden, que se espera que intente regresar al acuerdo nuclear firmado en 2015 entre Ir\u00e1n y seis grandes potencias, del que Trump retir\u00f3 a EE.UU. en 2018.<a href=\"https:\/\/www.bbc.com\/mundo\/noticias-internacional-55725976#skip-youtube-content-1\">Saltar contenido de YouTube, 1<\/a>https:\/\/www.youtube.com\/embed\/WBlUC1mCPRs?feature=oembedT\u00edtulo del video,Advertencia: El contenido de sitios externos y terceras partes puede contener publicidad<\/p>\n\n\n\n<p id=\"skip-youtube-content-1\">Fin del contenido de YouTube, 1<\/p>\n\n\n\n<p>A ello se sum\u00f3 hace unos d\u00edas el anuncio del Departamento de Estado de que declarar\u00e1 a los rebeldes hut\u00edes de Yemen como organizaci\u00f3n terrorista, una acci\u00f3n que \u00abse llevaba esperando meses\u00bb y que se teme que agrave la crisis humanitaria en el pa\u00eds, explicaba la corresponsal jefe de Internacional de la BBC Lyse Doucet.<\/p>\n\n\n\n<p>\u00abLos aliados de EE.UU. en el Golfo respaldan esta medida, pensada para enviar&nbsp;<strong>un duro mensaje a Ir\u00e1n<\/strong>\u00ab, ahondaba la periodista.<\/p>\n\n\n\n<p>Los hut\u00edes, que cuentan con el respaldo de Ir\u00e1n, llevan luchando desde 2015 contra una coalici\u00f3n liderada por Arabia Saudita en Yemen en una guerra que ha desencadenado una de las peores crisis humanitarias del mundo.<\/p>\n\n\n\n<figure class=\"wp-block-image\"><img decoding=\"async\" src=\"https:\/\/ichef.bbci.co.uk\/news\/640\/cpsprodpb\/172A2\/production\/_104428849_mapa-yemen-nc.png\" alt=\"Mapa de Yemen\"\/><\/figure>\n\n\n\n<p>Algunos, dec\u00eda la periodista, creen que la medida puede proporcionar una \u00abvaliosa moneda de cambio\u00bb al gobierno de Biden para conseguir concesiones, \u00abpero diplom\u00e1ticos occidentales involucrados en los prolongados esfuerzos para empezar un proceso pol\u00edtico que ponga fin a la destructiva guerra&nbsp;<strong>est\u00e1n convencidos de que esto lo pondr\u00e1 a\u00fan m\u00e1s dif\u00edcil\u00bb.<\/strong><\/p>\n\n\n\n<ul class=\"wp-block-list\"><li><a href=\"https:\/\/www.bbc.com\/mundo\/noticias-internacional-46287160\">Por qu\u00e9 hay una guerra en Yemen y qu\u00e9 papel juegan las potencias internacionales<\/a><\/li><\/ul>\n\n\n\n<p>Terminar con la guerra en Yemen, una idea que Obama inicialmente apoy\u00f3, ser\u00e1 una prioridad para el equipo de Biden, destac\u00f3 Doucet; por lo que esta decisi\u00f3n de \u00faltima hora, que entrar\u00e1 en vigor un d\u00eda antes del relevo de poder, puede que\u00a0<strong>trastoque\u00a0<\/strong>los planes del nuevo ocupante de la Casa Blanca.<\/p>\n\n\n\n<p>Fuente: https:\/\/www.bbc.com\/mundo\/noticias-internacional-55725976<\/p>\n","protected":false},"excerpt":{"rendered":"<p>Donald Trump acaba su presidencia el 20 de enero. BBC NEWS MUNDO En Estados Unidos, se denomina \u00abpato cojo\u00bb o [&hellip;]<\/p>\n","protected":false},"author":1,"featured_media":3538,"comment_status":"open","ping_status":"open","sticky":false,"template":"","format":"standard","meta":{"site-sidebar-layout":"default","site-content-layout":"","ast-site-content-layout":"default","site-content-style":"default","site-sidebar-style":"default","ast-global-header-display":"","ast-banner-title-visibility":"","ast-main-header-display":"","ast-hfb-above-header-display":"","ast-hfb-below-header-display":"","ast-hfb-mobile-header-display":"","site-post-title":"","ast-breadcrumbs-content":"","ast-featured-img":"","footer-sml-layout":"","theme-transparent-header-meta":"","adv-header-id-meta":"","stick-header-meta":"","header-above-stick-meta":"","header-main-stick-meta":"","header-below-stick-meta":"","astra-migrate-meta-layouts":"default","ast-page-background-enabled":"default","ast-page-background-meta":{"desktop":{"background-color":"var(--ast-global-color-4)","background-image":"","background-repeat":"repeat","background-position":"center center","background-size":"auto","background-attachment":"scroll","background-type":"","background-media":"","overlay-type":"","overlay-color":"","overlay-opacity":"","overlay-gradient":""},"tablet":{"background-color":"","background-image":"","background-repeat":"repeat","background-position":"center center","background-size":"auto","background-attachment":"scroll","background-type":"","background-media":"","overlay-type":"","overlay-color":"","overlay-opacity":"","overlay-gradient":""},"mobile":{"background-color":"","background-image":"","background-repeat":"repeat","background-position":"center center","background-size":"auto","background-attachment":"scroll","background-type":"","background-media":"","overlay-type":"","overlay-color":"","overlay-opacity":"","overlay-gradient":""}},"ast-content-background-meta":{"desktop":{"background-color":"var(--ast-global-color-5)","background-image":"","background-repeat":"repeat","background-position":"center center","background-size":"auto","background-attachment":"scroll","background-type":"","background-media":"","overlay-type":"","overlay-color":"","overlay-opacity":"","overlay-gradient":""},"tablet":{"background-color":"var(--ast-global-color-5)","background-image":"","background-repeat":"repeat","background-position":"center center","background-size":"auto","background-attachment":"scroll","background-type":"","background-media":"","overlay-type":"","overlay-color":"","overlay-opacity":"","overlay-gradient":""},"mobile":{"background-color":"var(--ast-global-color-5)","background-image":"","background-repeat":"repeat","background-position":"center center","background-size":"auto","background-attachment":"scroll","background-type":"","background-media":"","overlay-type":"","overlay-color":"","overlay-opacity":"","overlay-gradient":""}},"footnotes":""},"categories":[8],"tags":[],"class_list":["post-3537","post","type-post","status-publish","format-standard","has-post-thumbnail","hentry","category-noticias"],"_links":{"self":[{"href":"https:\/\/losperiodistas.com.mx\/portal\/wp-json\/wp\/v2\/posts\/3537","targetHints":{"allow":["GET"]}}],"collection":[{"href":"https:\/\/losperiodistas.com.mx\/portal\/wp-json\/wp\/v2\/posts"}],"about":[{"href":"https:\/\/losperiodistas.com.mx\/portal\/wp-json\/wp\/v2\/types\/post"}],"author":[{"embeddable":true,"href":"https:\/\/losperiodistas.com.mx\/portal\/wp-json\/wp\/v2\/users\/1"}],"replies":[{"embeddable":true,"href":"https:\/\/losperiodistas.com.mx\/portal\/wp-json\/wp\/v2\/comments?post=3537"}],"version-history":[{"count":1,"href":"https:\/\/losperiodistas.com.mx\/portal\/wp-json\/wp\/v2\/posts\/3537\/revisions"}],"predecessor-version":[{"id":3539,"href":"https:\/\/losperiodistas.com.mx\/portal\/wp-json\/wp\/v2\/posts\/3537\/revisions\/3539"}],"wp:featuredmedia":[{"embeddable":true,"href":"https:\/\/losperiodistas.com.mx\/portal\/wp-json\/wp\/v2\/media\/3538"}],"wp:attachment":[{"href":"https:\/\/losperiodistas.com.mx\/portal\/wp-json\/wp\/v2\/media?parent=3537"}],"wp:term":[{"taxonomy":"category","embeddable":true,"href":"https:\/\/losperiodistas.com.mx\/portal\/wp-json\/wp\/v2\/categories?post=3537"},{"taxonomy":"post_tag","embeddable":true,"href":"https:\/\/losperiodistas.com.mx\/portal\/wp-json\/wp\/v2\/tags?post=3537"}],"curies":[{"name":"wp","href":"https:\/\/api.w.org\/{rel}","templated":true}]}}