{"id":3534,"date":"2021-01-19T20:14:47","date_gmt":"2021-01-20T02:14:47","guid":{"rendered":"http:\/\/losperiodistas.com.mx\/portal\/?p=3534"},"modified":"2021-01-19T20:14:47","modified_gmt":"2021-01-20T02:14:47","slug":"la-danza-de-las-vacunas","status":"publish","type":"post","link":"https:\/\/losperiodistas.com.mx\/portal\/la-danza-de-las-vacunas\/","title":{"rendered":"La danza de las vacunas"},"content":{"rendered":"\n<p class=\"has-vivid-cyan-blue-color has-text-color\" style=\"font-size:26px\"><em>Por Humberto Aguilar Coronado<\/em><\/p>\n\n\n\n<p>En el largo, triste y penoso camino que los mexicanos hemos seguido desde los primeros meses del 2020 por la aparici\u00f3n de la pandemia del COVID-19, hay una decisi\u00f3n negligente por parte de la autoridad sanitaria que seguramente cost\u00f3 muchas vidas, al no enfrentar con medidas serias el alarmante caso para evitar los contagios.<\/p>\n\n\n\n<p>Y como no, si desde el principio el Presidente afirm\u00f3 que la pandemia, a los mexicanos, \u201cnos iba a hacer lo que el viento a Ju\u00e1rez\u201d, pero se equivoc\u00f3 rotundamente, como se ha equivocado al momento de tomar las decisiones de Estado.<\/p>\n\n\n\n<p>Fue hasta agosto del a\u00f1o pasado, es decir, casi 6 meses despu\u00e9s de haber conocido de los primeros casos de contagio y muertes, que en nuestro pa\u00eds se empez\u00f3 a hablar de la vacuna contra el virus.<\/p>\n\n\n\n<p>En ese entonces, fue el Presidente de Argentina, Alberto Fern\u00e1ndez quien anunci\u00f3 que el empresario m\u00e1s rico de M\u00e9xico, Carlos Slim, a trav\u00e9s de su Fundaci\u00f3n, firm\u00f3 un acuerdo con el laboratorio AstraZeneca para que se lograra la producci\u00f3n de 250 millones de dosis.<\/p>\n\n\n\n<p>Cuatro meses despu\u00e9s, en los \u00faltimos d\u00eda de diciembre, arribaron a nuestro pa\u00eds las primeras dosis adquiridas por el gobierno mexicano al laboratorio Pfizer-Biotech.<\/p>\n\n\n\n<p>Se dice que se adquirieron 34.4 millones de vacunas con ese laboratorio, pero solo llegaron en esa ocasi\u00f3n, 42 mil 900 dosis que ser\u00edan suministradas al personal m\u00e9dico, enfermeras, enfermeros y camilleros que enfrentan en primera l\u00ednea la pandemia, y por supuesto, a los contagiados.<\/p>\n\n\n\n<p>Han seguido llegando dosis importantes de vacunas, pero ha comenzado la danza de cifras en el n\u00famero de vacunas adquiridas; en el personal al que se le ha aplicado la vacuna; en los privilegios para algunos funcionarios en la vacunaci\u00f3n; en los laboratorios y los pa\u00edses de los cuales van a llegar las vacunas; en el ocultamiento de los contratos por los cuales se adquirieron dichas vacunas con los laboratorios Pfizer-Biotech, AstraZeneca-Oxford y CanSino, clasific\u00e1ndolos como \u201cconfidenciales\u201d por la Secretar\u00eda de Relaciones Exteriores, y hasta la aceptaci\u00f3n de la supuesta reducci\u00f3n de entrega de dosis por una petici\u00f3n de la ONU para apoyar a los pa\u00edses m\u00e1s pobres.<\/p>\n\n\n\n<p>Por cierto, existe la gran duda si realmente se compraron las vacunas por nuestro pa\u00eds, o solamente M\u00e9xico aplic\u00f3 ante la OMS para acceder al mecanismo de asignaci\u00f3n de vacunas para econom\u00edas emergentes, del que se afirma, fue rechazado.<\/p>\n\n\n\n<p>Hay quien afirma que las vacunas que han llegado a nuestro pa\u00eds, son una muestra del compromiso de Donald Trump con el Presidente L\u00f3pez Obrador, por lo que se le regalaron algunas vacunas a nuestro pa\u00eds, al no haber una compra ni contrato real.<\/p>\n\n\n\n<p>Y mientras todo eso pasa, se siguen planteando dudas con respecto a la capacidad de refrigerar y trasladar, a temperaturas \u00e1rticas, las propias vacunas.<\/p>\n\n\n\n<p>El plan de vacunaci\u00f3n ya empez\u00f3, y consta de 5 etapas. Esperamos que haya las vacunas suficientes en nuestro pa\u00eds para poder hacerle frente al reto que implica la vacunaci\u00f3n masiva y se dejen de lado favoritismos en su aplicaci\u00f3n.<\/p>\n\n\n\n<p>No hay que olvidar que se comprometieron a vacunar para marzo a 15 millones de adultos mayores. Esperemos que para ese entonces, hayan llegado a nuestro pa\u00eds ese n\u00famero de vacunas.<\/p>\n\n\n\n<p>*Es Licenciado en Ciencia Pol\u00edtica y Maestro en Negociaci\u00f3n por la Universidad Carlos III de Madrid, Espa\u00f1a.&nbsp;<\/p>\n\n\n\n<p>Facebook: <a href=\"https:\/\/www.facebook.com\/TigreAguilarC\">https:\/\/www.facebook.com\/TigreAguilarC<\/a><\/p>\n\n\n\n<p>Instagram: humbertoaguilareltigre<\/p>\n\n\n\n<p>Twitter: @Tigre_Aguilar_C<\/p>\n\n\n\n<p><\/p>\n","protected":false},"excerpt":{"rendered":"<p>Por Humberto Aguilar Coronado En el largo, triste y penoso camino que los mexicanos hemos seguido desde los primeros meses [&hellip;]<\/p>\n","protected":false},"author":1,"featured_media":3535,"comment_status":"open","ping_status":"open","sticky":false,"template":"","format":"standard","meta":{"site-sidebar-layout":"default","site-content-layout":"","ast-site-content-layout":"default","site-content-style":"default","site-sidebar-style":"default","ast-global-header-display":"","ast-banner-title-visibility":"","ast-main-header-display":"","ast-hfb-above-header-display":"","ast-hfb-below-header-display":"","ast-hfb-mobile-header-display":"","site-post-title":"","ast-breadcrumbs-content":"","ast-featured-img":"","footer-sml-layout":"","theme-transparent-header-meta":"","adv-header-id-meta":"","stick-header-meta":"","header-above-stick-meta":"","header-main-stick-meta":"","header-below-stick-meta":"","astra-migrate-meta-layouts":"default","ast-page-background-enabled":"default","ast-page-background-meta":{"desktop":{"background-color":"var(--ast-global-color-4)","background-image":"","background-repeat":"repeat","background-position":"center center","background-size":"auto","background-attachment":"scroll","background-type":"","background-media":"","overlay-type":"","overlay-color":"","overlay-opacity":"","overlay-gradient":""},"tablet":{"background-color":"","background-image":"","background-repeat":"repeat","background-position":"center center","background-size":"auto","background-attachment":"scroll","background-type":"","background-media":"","overlay-type":"","overlay-color":"","overlay-opacity":"","overlay-gradient":""},"mobile":{"background-color":"","background-image":"","background-repeat":"repeat","background-position":"center center","background-size":"auto","background-attachment":"scroll","background-type":"","background-media":"","overlay-type":"","overlay-color":"","overlay-opacity":"","overlay-gradient":""}},"ast-content-background-meta":{"desktop":{"background-color":"var(--ast-global-color-5)","background-image":"","background-repeat":"repeat","background-position":"center center","background-size":"auto","background-attachment":"scroll","background-type":"","background-media":"","overlay-type":"","overlay-color":"","overlay-opacity":"","overlay-gradient":""},"tablet":{"background-color":"var(--ast-global-color-5)","background-image":"","background-repeat":"repeat","background-position":"center center","background-size":"auto","background-attachment":"scroll","background-type":"","background-media":"","overlay-type":"","overlay-color":"","overlay-opacity":"","overlay-gradient":""},"mobile":{"background-color":"var(--ast-global-color-5)","background-image":"","background-repeat":"repeat","background-position":"center center","background-size":"auto","background-attachment":"scroll","background-type":"","background-media":"","overlay-type":"","overlay-color":"","overlay-opacity":"","overlay-gradient":""}},"footnotes":""},"categories":[18],"tags":[],"class_list":["post-3534","post","type-post","status-publish","format-standard","has-post-thumbnail","hentry","category-palabra-de-tigre"],"_links":{"self":[{"href":"https:\/\/losperiodistas.com.mx\/portal\/wp-json\/wp\/v2\/posts\/3534","targetHints":{"allow":["GET"]}}],"collection":[{"href":"https:\/\/losperiodistas.com.mx\/portal\/wp-json\/wp\/v2\/posts"}],"about":[{"href":"https:\/\/losperiodistas.com.mx\/portal\/wp-json\/wp\/v2\/types\/post"}],"author":[{"embeddable":true,"href":"https:\/\/losperiodistas.com.mx\/portal\/wp-json\/wp\/v2\/users\/1"}],"replies":[{"embeddable":true,"href":"https:\/\/losperiodistas.com.mx\/portal\/wp-json\/wp\/v2\/comments?post=3534"}],"version-history":[{"count":1,"href":"https:\/\/losperiodistas.com.mx\/portal\/wp-json\/wp\/v2\/posts\/3534\/revisions"}],"predecessor-version":[{"id":3536,"href":"https:\/\/losperiodistas.com.mx\/portal\/wp-json\/wp\/v2\/posts\/3534\/revisions\/3536"}],"wp:featuredmedia":[{"embeddable":true,"href":"https:\/\/losperiodistas.com.mx\/portal\/wp-json\/wp\/v2\/media\/3535"}],"wp:attachment":[{"href":"https:\/\/losperiodistas.com.mx\/portal\/wp-json\/wp\/v2\/media?parent=3534"}],"wp:term":[{"taxonomy":"category","embeddable":true,"href":"https:\/\/losperiodistas.com.mx\/portal\/wp-json\/wp\/v2\/categories?post=3534"},{"taxonomy":"post_tag","embeddable":true,"href":"https:\/\/losperiodistas.com.mx\/portal\/wp-json\/wp\/v2\/tags?post=3534"}],"curies":[{"name":"wp","href":"https:\/\/api.w.org\/{rel}","templated":true}]}}