{"id":3531,"date":"2021-01-19T20:11:59","date_gmt":"2021-01-20T02:11:59","guid":{"rendered":"http:\/\/losperiodistas.com.mx\/portal\/?p=3531"},"modified":"2021-01-19T20:11:59","modified_gmt":"2021-01-20T02:11:59","slug":"rechazan-morena-y-aliados-pedir-al-presidente-no-hacer-uso-electoral-de-vacunas-covid-19-el-financiero","status":"publish","type":"post","link":"https:\/\/losperiodistas.com.mx\/portal\/rechazan-morena-y-aliados-pedir-al-presidente-no-hacer-uso-electoral-de-vacunas-covid-19-el-financiero\/","title":{"rendered":"Rechazan Morena y aliados pedir al Presidente no hacer uso electoral de vacunas COVID-19 | El Financiero"},"content":{"rendered":"\n<p style=\"font-size:18px\"><em>Ante el retraso de la entrega de las dosis Pfizer, piden partidos priorizar grupos vulnerables y no a &#8216;servidores de la naci\u00f3n&#8217;.<\/em><\/p>\n\n\n\n<p class=\"has-vivid-cyan-blue-color has-text-color has-medium-font-size\">V\u00cdCTOR CH\u00c1VEZ \/EL FINANCIERO<\/p>\n\n\n\n<p>La mayor\u00eda de Morena y sus aliados en la Comisi\u00f3n Permanente del Congreso de la Uni\u00f3n rechaz\u00f3 llamar al presidente Andr\u00e9s Manuel L\u00f3pez Obrador a que \u201cse abstenga de emplear como propaganda electoral la difusi\u00f3n de la pol\u00edtica nacional de vacunaci\u00f3n y con ello la aplicaci\u00f3n de la vacuna contra el COVID-19, a trav\u00e9s de los servidores p\u00fablicos de la Secretar\u00eda del Bienestar, denominados \u00b4servidores de la naci\u00f3n\u00b4\u201d.<\/p>\n\n\n\n<p>La propuesta del PAN que no se acept\u00f3 -apoyada por diputados y senadores del PRI, PRD y MC- demanda que el Presidente \u201cse abstenga de hacer proselitismo pol\u00edtico y utilizar la campa\u00f1a de vacunaci\u00f3n con fines electorales y de distinta naturaleza a la sanitaria, en estricta observancia de la Constituci\u00f3n, los tratados internacionales de los que M\u00e9xico es parte, concentr\u00e1ndose, como Titular del Poder Ejecutivo Federal, en proteger y garantizar el derecho humano a la protecci\u00f3n de la salud de los mexicanos en estos tiempos que el pueblo mexicano necesita un pa\u00eds unido y fuerte\u201d.<\/p>\n\n\n\n<p>Legisladores tambi\u00e9n plantearon que, ante la decisi\u00f3n del gobierno federal de aceptar un retraso de la entrega de las vacunas de Pfizer a M\u00e9xico, por apoyar a otros pa\u00edses pobres, el sector salud priorice la aplicaci\u00f3n de dosis a los grupos vulnerables en el pa\u00eds y no a los llamados \u201cservidores de la naci\u00f3n\u201d que reparten el producto en los estados.<\/p>\n\n\n\n<p>En lo que fue la sesi\u00f3n de este martes de la Primera Comisi\u00f3n de trabajo de la Comisi\u00f3n Permanente, se aprob\u00f3 tambi\u00e9n solicitar al Instituto Nacional Electoral (INE) que emita ya los lineamientos para la celebraci\u00f3n del proceso electoral federal y estatales de este a\u00f1o 2021, el m\u00e1s grande de la historia, de conformidad con las disposiciones que el Consejo de Salubridad General emita en la materia y de acuerdo a las recomendaciones internacionales de la Organizaci\u00f3n de Estados Americano (OEA), para evitar la propagaci\u00f3n del COVID.<\/p>\n\n\n\n<p>Por su parte, la coordinadora del grupo parlamentario del PRD en la C\u00e1mara de Diputados, Ver\u00f3nica Ju\u00e1rez Pi\u00f1a, insisti\u00f3 en que ante el retraso en la entrega de los lotes de vacunas contra COVID-19, acordados con Pfizer, la prioridad de la campa\u00f1a de vacunaci\u00f3n deben ser los grupos m\u00e1s vulnerables de la poblaci\u00f3n y las zonas de alto contagio, no los 20 mil \u00b4servidores\u00b4 de la naci\u00f3n.<\/p>\n\n\n\n<p>La siguiente entrega de Pfizer a M\u00e9xico, la \u00fanica vacuna utilizada hasta ahora, se pospuso para el 15 de febrero, luego de que la empresa anunci\u00f3 una reconversi\u00f3n de sus plantas para aumentar la producci\u00f3n, lo que retrasar\u00e1 el calendario de vacunaci\u00f3n.<\/p>\n\n\n\n<p>Al respecto, la diputada perredista llam\u00f3 al gobierno \u201ca concluir la vacunaci\u00f3n de todo el personal de hospitales COVID-19, entre ellos m\u00e9dicas, m\u00e9dicos, enfermeras y enfermeros, personal de lavander\u00eda, limpieza, laboratoristas, conductores de ambulancias, administrativo, y todo aquel y aquella que est\u00e9 en la primera l\u00ednea de atenci\u00f3n\u201d.<\/p>\n\n\n\n<p>\u201cLa \u00fanica raz\u00f3n por la cual el Presidente insiste en vacunar a los servidores de la naci\u00f3n es inmunizarlos para utilizarlos en las elecciones del 6 de junio en beneficio de su gobierno y de su partido, Morena\u201d, acus\u00f3.<\/p>\n\n\n\n<p>A\u00f1adi\u00f3 que \u201cel personal m\u00e9dico vacunado puede sin problema integrarse a las brigadas de vacunaci\u00f3n o mejor a\u00fan, la campa\u00f1a de vacunaci\u00f3n deber\u00eda ser organizada por el Consejo Nacional de Vacunaci\u00f3n. M\u00e1s all\u00e1 de promover al gobierno de L\u00f3pez Obrador, no hay ninguna justificaci\u00f3n v\u00e1lida para que los servidores de la naci\u00f3n se integren a las brigadas\u201d.<\/p>\n\n\n\n<p>\u201cEl grave problema, adem\u00e1s de que es ilegal, es que el Presidente y su partido usan con fines pol\u00edticos y electorales toda la pol\u00edtica p\u00fablica y el presupuesto, y la salud y las vacunas, en el marco de la emergencia sanitaria, no han sido la excepci\u00f3n; lo ratifica el hecho de que Morena ha colocado en el centro de su estrategia electoral la campa\u00f1a de vacunaci\u00f3n\u201d, dijo.<\/p>\n\n\n\n<p>Estim\u00f3 que se debe \u201creplantear la campa\u00f1a de vacunaci\u00f3n, buscando alternativas para masificar la aplicaci\u00f3n de las vacunas, dejando al CONAVA a cargo para que lo haga m\u00e1s r\u00e1pido y mejor y d\u00e1ndole prioridad a los grupos m\u00e1s vulnerables de la poblaci\u00f3n; no a las estructuras electorales del Presidente y de Morena\u201d.<\/p>\n","protected":false},"excerpt":{"rendered":"<p>Ante el retraso de la entrega de las dosis Pfizer, piden partidos priorizar grupos vulnerables y no a &#8216;servidores de [&hellip;]<\/p>\n","protected":false},"author":1,"featured_media":3532,"comment_status":"open","ping_status":"open","sticky":false,"template":"","format":"standard","meta":{"site-sidebar-layout":"default","site-content-layout":"","ast-site-content-layout":"default","site-content-style":"default","site-sidebar-style":"default","ast-global-header-display":"","ast-banner-title-visibility":"","ast-main-header-display":"","ast-hfb-above-header-display":"","ast-hfb-below-header-display":"","ast-hfb-mobile-header-display":"","site-post-title":"","ast-breadcrumbs-content":"","ast-featured-img":"","footer-sml-layout":"","theme-transparent-header-meta":"","adv-header-id-meta":"","stick-header-meta":"","header-above-stick-meta":"","header-main-stick-meta":"","header-below-stick-meta":"","astra-migrate-meta-layouts":"default","ast-page-background-enabled":"default","ast-page-background-meta":{"desktop":{"background-color":"var(--ast-global-color-4)","background-image":"","background-repeat":"repeat","background-position":"center center","background-size":"auto","background-attachment":"scroll","background-type":"","background-media":"","overlay-type":"","overlay-color":"","overlay-opacity":"","overlay-gradient":""},"tablet":{"background-color":"","background-image":"","background-repeat":"repeat","background-position":"center center","background-size":"auto","background-attachment":"scroll","background-type":"","background-media":"","overlay-type":"","overlay-color":"","overlay-opacity":"","overlay-gradient":""},"mobile":{"background-color":"","background-image":"","background-repeat":"repeat","background-position":"center center","background-size":"auto","background-attachment":"scroll","background-type":"","background-media":"","overlay-type":"","overlay-color":"","overlay-opacity":"","overlay-gradient":""}},"ast-content-background-meta":{"desktop":{"background-color":"var(--ast-global-color-5)","background-image":"","background-repeat":"repeat","background-position":"center center","background-size":"auto","background-attachment":"scroll","background-type":"","background-media":"","overlay-type":"","overlay-color":"","overlay-opacity":"","overlay-gradient":""},"tablet":{"background-color":"var(--ast-global-color-5)","background-image":"","background-repeat":"repeat","background-position":"center center","background-size":"auto","background-attachment":"scroll","background-type":"","background-media":"","overlay-type":"","overlay-color":"","overlay-opacity":"","overlay-gradient":""},"mobile":{"background-color":"var(--ast-global-color-5)","background-image":"","background-repeat":"repeat","background-position":"center center","background-size":"auto","background-attachment":"scroll","background-type":"","background-media":"","overlay-type":"","overlay-color":"","overlay-opacity":"","overlay-gradient":""}},"footnotes":""},"categories":[8],"tags":[],"class_list":["post-3531","post","type-post","status-publish","format-standard","has-post-thumbnail","hentry","category-noticias"],"_links":{"self":[{"href":"https:\/\/losperiodistas.com.mx\/portal\/wp-json\/wp\/v2\/posts\/3531","targetHints":{"allow":["GET"]}}],"collection":[{"href":"https:\/\/losperiodistas.com.mx\/portal\/wp-json\/wp\/v2\/posts"}],"about":[{"href":"https:\/\/losperiodistas.com.mx\/portal\/wp-json\/wp\/v2\/types\/post"}],"author":[{"embeddable":true,"href":"https:\/\/losperiodistas.com.mx\/portal\/wp-json\/wp\/v2\/users\/1"}],"replies":[{"embeddable":true,"href":"https:\/\/losperiodistas.com.mx\/portal\/wp-json\/wp\/v2\/comments?post=3531"}],"version-history":[{"count":1,"href":"https:\/\/losperiodistas.com.mx\/portal\/wp-json\/wp\/v2\/posts\/3531\/revisions"}],"predecessor-version":[{"id":3533,"href":"https:\/\/losperiodistas.com.mx\/portal\/wp-json\/wp\/v2\/posts\/3531\/revisions\/3533"}],"wp:featuredmedia":[{"embeddable":true,"href":"https:\/\/losperiodistas.com.mx\/portal\/wp-json\/wp\/v2\/media\/3532"}],"wp:attachment":[{"href":"https:\/\/losperiodistas.com.mx\/portal\/wp-json\/wp\/v2\/media?parent=3531"}],"wp:term":[{"taxonomy":"category","embeddable":true,"href":"https:\/\/losperiodistas.com.mx\/portal\/wp-json\/wp\/v2\/categories?post=3531"},{"taxonomy":"post_tag","embeddable":true,"href":"https:\/\/losperiodistas.com.mx\/portal\/wp-json\/wp\/v2\/tags?post=3531"}],"curies":[{"name":"wp","href":"https:\/\/api.w.org\/{rel}","templated":true}]}}