{"id":3529,"date":"2021-01-19T20:08:03","date_gmt":"2021-01-20T02:08:03","guid":{"rendered":"http:\/\/losperiodistas.com.mx\/portal\/?p=3529"},"modified":"2021-01-19T20:08:03","modified_gmt":"2021-01-20T02:08:03","slug":"crisis-de-salud-mental-la-otra-pandemia-que-golpea-a-mexico","status":"publish","type":"post","link":"https:\/\/losperiodistas.com.mx\/portal\/crisis-de-salud-mental-la-otra-pandemia-que-golpea-a-mexico\/","title":{"rendered":"Crisis de salud mental: la otra pandemia que golpea a M\u00e9xico"},"content":{"rendered":"\n<p class=\"has-vivid-cyan-blue-color has-text-color\" style=\"font-size:26px\"><em>Por Fernando Manzanilla Prieto<\/em><\/p>\n\n\n\n<p>La pandemia del Covid est\u00e1 provocando una crisis de salud mental nunca antes vista. El temor al virus, el encierro y las preocupaciones econ\u00f3micas han generado una pandemia paralela en gran parte de la poblaci\u00f3n. Mucha gente vive atrapada en sentimientos de ansiedad, frustraci\u00f3n y enojo. La angustia, el miedo y las preocupaciones propias del d\u00eda a d\u00eda han disparado las crisis emocionales, los delirios, los ataques de insomnio y los estados depresivos.<\/p>\n\n\n\n<p>De acuerdo con los resultados de la Encovid-19\/IBERO, en octubre del a\u00f1o pasado, 65% de la poblaci\u00f3n en M\u00e9xico report\u00f3 altos niveles de preocupaci\u00f3n por las afectaciones del COVID. Y de las personas con menor nivel socioecon\u00f3mico, 34% ten\u00edan s\u00edntomas severos de ansiedad. 27% de las personas de 18 a\u00f1os en adelante presentaron s\u00edntomas depresivos y 32% s\u00edntomas severos de ansiedad. Incluso hay evidencia de que el incremento de suicidios podr\u00eda estar asociado a la pandemia.<\/p>\n\n\n\n<p>Se trata de una crisis de salud mental que est\u00e1 dejando en todos, una larga secuela de problemas mentales que, por la emergencia, no se les est\u00e1 prestando la atenci\u00f3n necesaria. Y es que, como se suele decir, lo urgente no deja tiempo para lo importante. Los sistemas de salud est\u00e1n completamente concentrados en brindar atenci\u00f3n a los pacientes de Covid.<\/p>\n\n\n\n<p>S\u00e9 de muchas personas que, aqu\u00ed en Puebla, han acudido a las instituciones p\u00fablicas de salud a pedir ayuda psicol\u00f3gica y no las han atendido. Esto es inaceptable. El apoyo a la salud mental debe contemplarse como un componente fundamental de la respuesta a la pandemia del Covid. Nadie debe sufrir solo y sin ayuda profesional esta situaci\u00f3n tan dif\u00edcil que estamos enfrentando por la pandemia.<\/p>\n\n\n\n<p>Pensando en ello, present\u00e9 un Punto de Acuerdo en la C\u00e1mara de Diputados para exhortar a la Secretar\u00eda de Salud federal y a las instituciones de salud de los gobiernos de las entidades federativas a que, en el \u00e1mbito de sus atribuciones:<\/p>\n\n\n\n<p>Primero, refuercen la difusi\u00f3n de los riesgos de salud mental, as\u00ed como las acciones de prevenci\u00f3n de los trastornos mentales y del comportamiento, derivados de la pandemia del Covid-19. Segundo, a que contemplen la atenci\u00f3n a personas con trastornos mentales y del comportamiento como parte integral de la atenci\u00f3n a la pandemia del Covid. Y tercero, a que refuercen sus programas de detecci\u00f3n y atenci\u00f3n temprana de trastornos mentales y del comportamiento con especial \u00e9nfasis en grupos vulnerables, adolescentes y menores de edad.<\/p>\n\n\n\n<p>Asimismo, estoy exhortando a las secretar\u00edas federales de Educaci\u00f3n y de Trabajo y Previsi\u00f3n Social, as\u00ed como a sus hom\u00f3logas estatales a que, tambi\u00e9n en el \u00e1mbito de sus atribuciones, fomenten acciones y campa\u00f1as de promoci\u00f3n de la salud mental ante la situaci\u00f3n de emergencia que vive la poblaci\u00f3n frente al Covid-19. La gente debe estar bien informada para poder identificar los s\u00edntomas de alg\u00fan problema de salud mental, pero tambi\u00e9n debe tener claro d\u00f3nde puede pedir ayuda.<\/p>\n\n\n\n<p>En fin, es urgente que como pa\u00eds, atendamos cuanto antes esta problem\u00e1tica. Tenemos que garantizar que todo aquel que pida ayuda o necesite apoyo psicol\u00f3gico reciba la atenci\u00f3n que se merece de manera oportuna y expedita. No olvidemos que parte esencial del bienestar de las personas y de las familias es contar con una buena salud mental.<\/p>\n","protected":false},"excerpt":{"rendered":"<p>Por Fernando Manzanilla Prieto La pandemia del Covid est\u00e1 provocando una crisis de salud mental nunca antes vista. El temor [&hellip;]<\/p>\n","protected":false},"author":1,"featured_media":3274,"comment_status":"open","ping_status":"open","sticky":false,"template":"","format":"standard","meta":{"site-sidebar-layout":"default","site-content-layout":"","ast-site-content-layout":"default","site-content-style":"default","site-sidebar-style":"default","ast-global-header-display":"","ast-banner-title-visibility":"","ast-main-header-display":"","ast-hfb-above-header-display":"","ast-hfb-below-header-display":"","ast-hfb-mobile-header-display":"","site-post-title":"","ast-breadcrumbs-content":"","ast-featured-img":"","footer-sml-layout":"","theme-transparent-header-meta":"","adv-header-id-meta":"","stick-header-meta":"","header-above-stick-meta":"","header-main-stick-meta":"","header-below-stick-meta":"","astra-migrate-meta-layouts":"default","ast-page-background-enabled":"default","ast-page-background-meta":{"desktop":{"background-color":"var(--ast-global-color-4)","background-image":"","background-repeat":"repeat","background-position":"center center","background-size":"auto","background-attachment":"scroll","background-type":"","background-media":"","overlay-type":"","overlay-color":"","overlay-opacity":"","overlay-gradient":""},"tablet":{"background-color":"","background-image":"","background-repeat":"repeat","background-position":"center center","background-size":"auto","background-attachment":"scroll","background-type":"","background-media":"","overlay-type":"","overlay-color":"","overlay-opacity":"","overlay-gradient":""},"mobile":{"background-color":"","background-image":"","background-repeat":"repeat","background-position":"center center","background-size":"auto","background-attachment":"scroll","background-type":"","background-media":"","overlay-type":"","overlay-color":"","overlay-opacity":"","overlay-gradient":""}},"ast-content-background-meta":{"desktop":{"background-color":"var(--ast-global-color-5)","background-image":"","background-repeat":"repeat","background-position":"center center","background-size":"auto","background-attachment":"scroll","background-type":"","background-media":"","overlay-type":"","overlay-color":"","overlay-opacity":"","overlay-gradient":""},"tablet":{"background-color":"var(--ast-global-color-5)","background-image":"","background-repeat":"repeat","background-position":"center center","background-size":"auto","background-attachment":"scroll","background-type":"","background-media":"","overlay-type":"","overlay-color":"","overlay-opacity":"","overlay-gradient":""},"mobile":{"background-color":"var(--ast-global-color-5)","background-image":"","background-repeat":"repeat","background-position":"center center","background-size":"auto","background-attachment":"scroll","background-type":"","background-media":"","overlay-type":"","overlay-color":"","overlay-opacity":"","overlay-gradient":""}},"footnotes":""},"categories":[24],"tags":[],"class_list":["post-3529","post","type-post","status-publish","format-standard","has-post-thumbnail","hentry","category-fernando-manzanilla"],"_links":{"self":[{"href":"https:\/\/losperiodistas.com.mx\/portal\/wp-json\/wp\/v2\/posts\/3529","targetHints":{"allow":["GET"]}}],"collection":[{"href":"https:\/\/losperiodistas.com.mx\/portal\/wp-json\/wp\/v2\/posts"}],"about":[{"href":"https:\/\/losperiodistas.com.mx\/portal\/wp-json\/wp\/v2\/types\/post"}],"author":[{"embeddable":true,"href":"https:\/\/losperiodistas.com.mx\/portal\/wp-json\/wp\/v2\/users\/1"}],"replies":[{"embeddable":true,"href":"https:\/\/losperiodistas.com.mx\/portal\/wp-json\/wp\/v2\/comments?post=3529"}],"version-history":[{"count":1,"href":"https:\/\/losperiodistas.com.mx\/portal\/wp-json\/wp\/v2\/posts\/3529\/revisions"}],"predecessor-version":[{"id":3530,"href":"https:\/\/losperiodistas.com.mx\/portal\/wp-json\/wp\/v2\/posts\/3529\/revisions\/3530"}],"wp:featuredmedia":[{"embeddable":true,"href":"https:\/\/losperiodistas.com.mx\/portal\/wp-json\/wp\/v2\/media\/3274"}],"wp:attachment":[{"href":"https:\/\/losperiodistas.com.mx\/portal\/wp-json\/wp\/v2\/media?parent=3529"}],"wp:term":[{"taxonomy":"category","embeddable":true,"href":"https:\/\/losperiodistas.com.mx\/portal\/wp-json\/wp\/v2\/categories?post=3529"},{"taxonomy":"post_tag","embeddable":true,"href":"https:\/\/losperiodistas.com.mx\/portal\/wp-json\/wp\/v2\/tags?post=3529"}],"curies":[{"name":"wp","href":"https:\/\/api.w.org\/{rel}","templated":true}]}}