{"id":3517,"date":"2021-01-19T08:18:03","date_gmt":"2021-01-19T14:18:03","guid":{"rendered":"http:\/\/losperiodistas.com.mx\/portal\/?p=3517"},"modified":"2021-01-19T08:18:03","modified_gmt":"2021-01-19T14:18:03","slug":"encuentran-en-napoles-la-pintura-salvator-mundi-de-la-escuela-de-da-vinci-robada-hace-dos-anos-rt","status":"publish","type":"post","link":"https:\/\/losperiodistas.com.mx\/portal\/encuentran-en-napoles-la-pintura-salvator-mundi-de-la-escuela-de-da-vinci-robada-hace-dos-anos-rt\/","title":{"rendered":"Encuentran en N\u00e1poles la pintura &#8216;Salvator Mundi&#8217; de la escuela de Da Vinci robada hace dos a\u00f1os | RT"},"content":{"rendered":"\n<p style=\"font-size:18px\"><em>La obra original fue pintada alrededor del a\u00f1o 1500 para Luis XII, poco despu\u00e9s de que el rey franc\u00e9s conquistara el Ducado de Mil\u00e1n y tomara el control de G\u00e9nova.<\/em><\/p>\n\n\n\n<p class=\"has-vivid-cyan-blue-color has-text-color has-medium-font-size\">RT<\/p>\n\n\n\n<p>Las fuerzas de seguridad de Italia han recuperado una copia de la pintura mundialmente famosa &#8216;Salvator Mundi&#8217;, que pertenece a la escuela de Leonardo da Vinci y fue robada de una bas\u00edlica de N\u00e1poles hace dos a\u00f1os, informa la agencia de noticias&nbsp;<a href=\"https:\/\/www.agi.it\/cronaca\/news\/2021-01-18\/ritrovato-salvator-mundi-scuola-leonardo-rubato-napoli-11065584\/\" target=\"_blank\" rel=\"noreferrer noopener\">AGI<\/a>.<\/p>\n\n\n\n<p>La Polic\u00eda encontr\u00f3 la obra de arte del siglo XV en una habitaci\u00f3n de un apartamento en la misma ciudad. El propietario de la vivienda, un hombre de 36 a\u00f1os, fue localizado cerca del edificio y arrestado acusado de recibir bienes robados.<\/p>\n\n\n\n<figure class=\"wp-block-image\"><img decoding=\"async\" src=\"https:\/\/cdni.rt.com\/actualidad\/public_images\/2020.01\/thumbnail\/5e19c02d59bf5b75704c8460.jpg\" alt=\"Revelan el misterio de la esfera de cristal que sujeta Cristo en el cuadro 'Salvator Mundi' de Leonardo da Vinci\"\/><\/figure>\n\n\n\n<p><a href=\"https:\/\/actualidad.rt.com\/actualidad\/339608-descifran-misterio-esfera-presente-salvator-mundi-davinci\">Revelan el misterio de la esfera de cristal que sujeta Cristo en el cuadro &#8216;Salvator Mundi&#8217; de Leonardo da Vinci<\/a><\/p>\n\n\n\n<p>Se cree que &#8216;Salvator Mundi&#8217;, una representaci\u00f3n de Cristo como salvador del mundo, fue&nbsp;<strong>pintada alrededor del a\u00f1o 1500<\/strong>&nbsp;para Luis XII, poco despu\u00e9s de que el rey franc\u00e9s conquistara el Ducado de Mil\u00e1n y tomara el control de G\u00e9nova.<\/p>\n\n\n\n<p>La pintura representa a Jes\u00fas con traje renacentista, haciendo la se\u00f1al de la cruz con su mano derecha, mientras sostiene una esfera de cristal transparente en su mano izquierda.<\/p>\n\n\n\n<p>La obra original, atribuida a la mano del propio Da Vinci, es&nbsp;<strong>la pintura m\u00e1s cara jam\u00e1s vendida en una subasta<\/strong>. Rompi\u00f3 todos los r\u00e9cords en Christie&#8217;s en Nueva York en 2017, cuando fue comprada por el pr\u00edncipe saudita Badr bin Abdullah por m\u00e1s de 450 millones de d\u00f3lares.<\/p>\n\n\n\n<p>Tras la subasta, el paradero de la pintura \u200bpermaneci\u00f3 desconocido durante dos a\u00f1os. En 2019, fue&nbsp;<a href=\"https:\/\/actualidad.rt.com\/actualidad\/317630-leonardo-vinci-aparece-superyate-principe-saudi\" target=\"_blank\" rel=\"noreferrer noopener\">descubierta<\/a>&nbsp;en un yate de lujo,&nbsp;propiedad de&nbsp;Mohamed bin Salm\u00e1n,&nbsp;pr\u00edncipe heredero&nbsp;de&nbsp;Arabia Saudita, quien actualmente conserva la pieza mientras prepara un lugar adecuado en su pa\u00eds para exhibirla al p\u00fablico.<\/p>\n\n\n\n<p>Se sabe que alrededor de otras\u00a0<strong>veinte versiones de la obra fueron creadas por aprendices y seguidores de Da Vinci.\u00a0<\/strong>Asimismo, dibujos preparatorios a tiza y tinta de las cortinas realizados por el propio maestro se conservan actualmente en la Royal Collection\u00a0del\u00a0Reino Unido.<\/p>\n\n\n\n<p>Fuente: https:\/\/actualidad.rt.com\/actualidad\/380640-encontrar-napoles-pintura-salvator-mundi-vinci<\/p>\n","protected":false},"excerpt":{"rendered":"<p>La obra original fue pintada alrededor del a\u00f1o 1500 para Luis XII, poco despu\u00e9s de que el rey franc\u00e9s conquistara [&hellip;]<\/p>\n","protected":false},"author":1,"featured_media":3518,"comment_status":"open","ping_status":"open","sticky":false,"template":"","format":"standard","meta":{"site-sidebar-layout":"default","site-content-layout":"","ast-site-content-layout":"default","site-content-style":"default","site-sidebar-style":"default","ast-global-header-display":"","ast-banner-title-visibility":"","ast-main-header-display":"","ast-hfb-above-header-display":"","ast-hfb-below-header-display":"","ast-hfb-mobile-header-display":"","site-post-title":"","ast-breadcrumbs-content":"","ast-featured-img":"","footer-sml-layout":"","theme-transparent-header-meta":"","adv-header-id-meta":"","stick-header-meta":"","header-above-stick-meta":"","header-main-stick-meta":"","header-below-stick-meta":"","astra-migrate-meta-layouts":"default","ast-page-background-enabled":"default","ast-page-background-meta":{"desktop":{"background-color":"var(--ast-global-color-4)","background-image":"","background-repeat":"repeat","background-position":"center center","background-size":"auto","background-attachment":"scroll","background-type":"","background-media":"","overlay-type":"","overlay-color":"","overlay-opacity":"","overlay-gradient":""},"tablet":{"background-color":"","background-image":"","background-repeat":"repeat","background-position":"center center","background-size":"auto","background-attachment":"scroll","background-type":"","background-media":"","overlay-type":"","overlay-color":"","overlay-opacity":"","overlay-gradient":""},"mobile":{"background-color":"","background-image":"","background-repeat":"repeat","background-position":"center center","background-size":"auto","background-attachment":"scroll","background-type":"","background-media":"","overlay-type":"","overlay-color":"","overlay-opacity":"","overlay-gradient":""}},"ast-content-background-meta":{"desktop":{"background-color":"var(--ast-global-color-5)","background-image":"","background-repeat":"repeat","background-position":"center center","background-size":"auto","background-attachment":"scroll","background-type":"","background-media":"","overlay-type":"","overlay-color":"","overlay-opacity":"","overlay-gradient":""},"tablet":{"background-color":"var(--ast-global-color-5)","background-image":"","background-repeat":"repeat","background-position":"center center","background-size":"auto","background-attachment":"scroll","background-type":"","background-media":"","overlay-type":"","overlay-color":"","overlay-opacity":"","overlay-gradient":""},"mobile":{"background-color":"var(--ast-global-color-5)","background-image":"","background-repeat":"repeat","background-position":"center center","background-size":"auto","background-attachment":"scroll","background-type":"","background-media":"","overlay-type":"","overlay-color":"","overlay-opacity":"","overlay-gradient":""}},"footnotes":""},"categories":[8],"tags":[],"class_list":["post-3517","post","type-post","status-publish","format-standard","has-post-thumbnail","hentry","category-noticias"],"_links":{"self":[{"href":"https:\/\/losperiodistas.com.mx\/portal\/wp-json\/wp\/v2\/posts\/3517","targetHints":{"allow":["GET"]}}],"collection":[{"href":"https:\/\/losperiodistas.com.mx\/portal\/wp-json\/wp\/v2\/posts"}],"about":[{"href":"https:\/\/losperiodistas.com.mx\/portal\/wp-json\/wp\/v2\/types\/post"}],"author":[{"embeddable":true,"href":"https:\/\/losperiodistas.com.mx\/portal\/wp-json\/wp\/v2\/users\/1"}],"replies":[{"embeddable":true,"href":"https:\/\/losperiodistas.com.mx\/portal\/wp-json\/wp\/v2\/comments?post=3517"}],"version-history":[{"count":1,"href":"https:\/\/losperiodistas.com.mx\/portal\/wp-json\/wp\/v2\/posts\/3517\/revisions"}],"predecessor-version":[{"id":3519,"href":"https:\/\/losperiodistas.com.mx\/portal\/wp-json\/wp\/v2\/posts\/3517\/revisions\/3519"}],"wp:featuredmedia":[{"embeddable":true,"href":"https:\/\/losperiodistas.com.mx\/portal\/wp-json\/wp\/v2\/media\/3518"}],"wp:attachment":[{"href":"https:\/\/losperiodistas.com.mx\/portal\/wp-json\/wp\/v2\/media?parent=3517"}],"wp:term":[{"taxonomy":"category","embeddable":true,"href":"https:\/\/losperiodistas.com.mx\/portal\/wp-json\/wp\/v2\/categories?post=3517"},{"taxonomy":"post_tag","embeddable":true,"href":"https:\/\/losperiodistas.com.mx\/portal\/wp-json\/wp\/v2\/tags?post=3517"}],"curies":[{"name":"wp","href":"https:\/\/api.w.org\/{rel}","templated":true}]}}