{"id":3511,"date":"2021-01-19T07:52:45","date_gmt":"2021-01-19T13:52:45","guid":{"rendered":"http:\/\/losperiodistas.com.mx\/portal\/?p=3511"},"modified":"2021-01-19T07:52:45","modified_gmt":"2021-01-19T13:52:45","slug":"murio-david-richardson-guionista-y-productor-de-los-simpson-y-malcolm-el-de-en-medio-clarin","status":"publish","type":"post","link":"https:\/\/losperiodistas.com.mx\/portal\/murio-david-richardson-guionista-y-productor-de-los-simpson-y-malcolm-el-de-en-medio-clarin\/","title":{"rendered":"Muri\u00f3 David Richardson, guionista y productor de \u201cLos Simpson\u201d y \u201cMalcolm el de en medio\u201d | Clar\u00edn"},"content":{"rendered":"\n<p style=\"font-size:18px\"><em>El \u00faltimo trabajo del fallecido\u00a0<strong>David Richardson<\/strong>, de 65 a\u00f1os, fue para\u00a0<strong>Netflix<\/strong>, como productor ejecutivo en la serie animada para adultos \u201cF Is for family\u201d.<\/em><\/p>\n\n\n\n<p class=\"has-vivid-cyan-blue-color has-text-color has-medium-font-size\">CLAR\u00cdN<\/p>\n\n\n\n<p>El guionista y productor&nbsp;<strong>David Richardson<\/strong>, quien&nbsp;trabaj\u00f3 en exitosas comedias televisivas como&nbsp;<a target=\"_blank\" href=\"https:\/\/www.clarin.com\/internacional\/espectaculos\/simpson-predicciones-2021-estremecedoras_0_L2sHRXjnN.html\" rel=\"noreferrer noopener\">\u00abLos Simpson\u00bb<\/a>, \u00abMalcolm el de en medio\u00bb&nbsp;<strong>muri\u00f3 a los 65 a\u00f1os<\/strong>, seg\u00fan confirmaron sus familiares este lunes.<\/p>\n\n\n\n<p>La causa de muerte del reconocido escritor y productor fue una&nbsp;<strong>insuficiencia cardiaca&nbsp;<\/strong>despu\u00e9s de haber luchado casi 30 a\u00f1os contra el&nbsp;<a href=\"https:\/\/www.clarin.com\/tema\/cancer.html\" target=\"_blank\" rel=\"noreferrer noopener\">c\u00e1ncer<\/a>, informa&nbsp;<em>Deadline<\/em>.<\/p>\n\n\n\n<p>La primeros pasos de la pr\u00f3spera carrera de Richardson en la industria hab\u00edan comenzado all\u00e1 por la d\u00e9cada del &#8217;80.<\/p>\n\n\n\n<figure class=\"wp-block-image\"><img decoding=\"async\" src=\"https:\/\/images.clarin.com\/2021\/01\/19\/david-richardson-habia-arrancado-en___I2zUU0Shz_720x0__1.jpg\" alt=\"David Richardson hab\u00eda arrancado en 1985 como escritor de la serie Grand, de Michael Leeson.\"\/><\/figure>\n\n\n\n<p>David Richardson hab\u00eda arrancado en 1985 como escritor de la serie Grand, de Michael Leeson.<\/p>\n\n\n\n<p>De hecho, fue como escritor en 1985 gracias a la serie&nbsp;<strong><em>Grand<\/em>, de Michael Leeson<\/strong>, que fue protagonizada por Pamela Red y Bonnie Hunt.<\/p>\n\n\n\n<p>M\u00e1s tarde lleg\u00f3 el turno de la comedia Empty Nest, rese\u00f1a&nbsp;<em>Milenio<\/em>.<\/p>\n\n\n\n<p><em>The John Larroquette show<\/em>,&nbsp;<em>8 simple rule<\/em>s,&nbsp;<em>Manhattan AZ<\/em>,&nbsp;<em>Phenom<\/em>&nbsp;y los mencionados \u00e9xitos rutilante como&nbsp;<em>Los Simpson y Malcolm el de en medio<\/em>&nbsp;fueron algunas producciones en las que brill\u00f3.<\/p>\n\n\n\n<p>La enorme legi\u00f3n de&nbsp;fan\u00e1ticos de serie animada de la familia amarilla recordar\u00e1n sin dudas un popular episodio que&nbsp;escribi\u00f3:&nbsp;<strong>durante la temporada 5 Homero ama a Flanders<\/strong>.<\/p>\n\n\n\n<p>Recientemente hab\u00eda terminado la \u00faltima temporada de la\u00a0<strong>serie animada para adultos \u00ab<\/strong>F Is for Family\u00bb, de\u00a0<a rel=\"noreferrer noopener\" href=\"https:\/\/www.clarin.com\/tema\/netflix.html\" target=\"_blank\">Netflix<\/a>, en la que se desempe\u00f1\u00f3 como productor ejecutivo.<\/p>\n\n\n\n<p>Fuente: https:\/\/www.clarin.com\/internacional\/espectaculos\/murio-david-richardson-guionista-productor-simpson-malcolm-medio-_0_TwH9-XPy8.html<\/p>\n","protected":false},"excerpt":{"rendered":"<p>El \u00faltimo trabajo del fallecido\u00a0David Richardson, de 65 a\u00f1os, fue para\u00a0Netflix, como productor ejecutivo en la serie animada para adultos [&hellip;]<\/p>\n","protected":false},"author":1,"featured_media":3512,"comment_status":"open","ping_status":"open","sticky":false,"template":"","format":"standard","meta":{"site-sidebar-layout":"default","site-content-layout":"","ast-site-content-layout":"default","site-content-style":"default","site-sidebar-style":"default","ast-global-header-display":"","ast-banner-title-visibility":"","ast-main-header-display":"","ast-hfb-above-header-display":"","ast-hfb-below-header-display":"","ast-hfb-mobile-header-display":"","site-post-title":"","ast-breadcrumbs-content":"","ast-featured-img":"","footer-sml-layout":"","theme-transparent-header-meta":"","adv-header-id-meta":"","stick-header-meta":"","header-above-stick-meta":"","header-main-stick-meta":"","header-below-stick-meta":"","astra-migrate-meta-layouts":"default","ast-page-background-enabled":"default","ast-page-background-meta":{"desktop":{"background-color":"var(--ast-global-color-4)","background-image":"","background-repeat":"repeat","background-position":"center center","background-size":"auto","background-attachment":"scroll","background-type":"","background-media":"","overlay-type":"","overlay-color":"","overlay-opacity":"","overlay-gradient":""},"tablet":{"background-color":"","background-image":"","background-repeat":"repeat","background-position":"center center","background-size":"auto","background-attachment":"scroll","background-type":"","background-media":"","overlay-type":"","overlay-color":"","overlay-opacity":"","overlay-gradient":""},"mobile":{"background-color":"","background-image":"","background-repeat":"repeat","background-position":"center center","background-size":"auto","background-attachment":"scroll","background-type":"","background-media":"","overlay-type":"","overlay-color":"","overlay-opacity":"","overlay-gradient":""}},"ast-content-background-meta":{"desktop":{"background-color":"var(--ast-global-color-5)","background-image":"","background-repeat":"repeat","background-position":"center center","background-size":"auto","background-attachment":"scroll","background-type":"","background-media":"","overlay-type":"","overlay-color":"","overlay-opacity":"","overlay-gradient":""},"tablet":{"background-color":"var(--ast-global-color-5)","background-image":"","background-repeat":"repeat","background-position":"center center","background-size":"auto","background-attachment":"scroll","background-type":"","background-media":"","overlay-type":"","overlay-color":"","overlay-opacity":"","overlay-gradient":""},"mobile":{"background-color":"var(--ast-global-color-5)","background-image":"","background-repeat":"repeat","background-position":"center center","background-size":"auto","background-attachment":"scroll","background-type":"","background-media":"","overlay-type":"","overlay-color":"","overlay-opacity":"","overlay-gradient":""}},"footnotes":""},"categories":[8],"tags":[],"class_list":["post-3511","post","type-post","status-publish","format-standard","has-post-thumbnail","hentry","category-noticias"],"_links":{"self":[{"href":"https:\/\/losperiodistas.com.mx\/portal\/wp-json\/wp\/v2\/posts\/3511","targetHints":{"allow":["GET"]}}],"collection":[{"href":"https:\/\/losperiodistas.com.mx\/portal\/wp-json\/wp\/v2\/posts"}],"about":[{"href":"https:\/\/losperiodistas.com.mx\/portal\/wp-json\/wp\/v2\/types\/post"}],"author":[{"embeddable":true,"href":"https:\/\/losperiodistas.com.mx\/portal\/wp-json\/wp\/v2\/users\/1"}],"replies":[{"embeddable":true,"href":"https:\/\/losperiodistas.com.mx\/portal\/wp-json\/wp\/v2\/comments?post=3511"}],"version-history":[{"count":1,"href":"https:\/\/losperiodistas.com.mx\/portal\/wp-json\/wp\/v2\/posts\/3511\/revisions"}],"predecessor-version":[{"id":3513,"href":"https:\/\/losperiodistas.com.mx\/portal\/wp-json\/wp\/v2\/posts\/3511\/revisions\/3513"}],"wp:featuredmedia":[{"embeddable":true,"href":"https:\/\/losperiodistas.com.mx\/portal\/wp-json\/wp\/v2\/media\/3512"}],"wp:attachment":[{"href":"https:\/\/losperiodistas.com.mx\/portal\/wp-json\/wp\/v2\/media?parent=3511"}],"wp:term":[{"taxonomy":"category","embeddable":true,"href":"https:\/\/losperiodistas.com.mx\/portal\/wp-json\/wp\/v2\/categories?post=3511"},{"taxonomy":"post_tag","embeddable":true,"href":"https:\/\/losperiodistas.com.mx\/portal\/wp-json\/wp\/v2\/tags?post=3511"}],"curies":[{"name":"wp","href":"https:\/\/api.w.org\/{rel}","templated":true}]}}