{"id":3508,"date":"2021-01-19T07:43:16","date_gmt":"2021-01-19T13:43:16","guid":{"rendered":"http:\/\/losperiodistas.com.mx\/portal\/?p=3508"},"modified":"2021-01-19T07:43:16","modified_gmt":"2021-01-19T13:43:16","slug":"ya-extrana-a-donald-trump-new-york-times-revelo-detalles-de-la-primer-llamada-entre-amlo-y-biden-infobae","status":"publish","type":"post","link":"https:\/\/losperiodistas.com.mx\/portal\/ya-extrana-a-donald-trump-new-york-times-revelo-detalles-de-la-primer-llamada-entre-amlo-y-biden-infobae\/","title":{"rendered":"\u201cYa extra\u00f1a a Donald Trump\u201d: New York Times revel\u00f3 detalles de la primer llamada entre AMLO y Biden | Infobae"},"content":{"rendered":"\n<p style=\"font-size:18px\"><em>El medio estadounidense recalc\u00f3 que AMLO muestra \u201cuna preocupaci\u00f3n\u201d a que Biden se inmiscuya en los asuntos de M\u00e9xico<\/em><\/p>\n\n\n\n<p class=\"has-vivid-cyan-blue-color has-text-color has-medium-font-size\">INFOBAE<\/p>\n\n\n\n<p>El cambio de gobierno en los Estados Unidos ha puesto al presidente Andr\u00e9s Manuel L\u00f3pez Obrador (AMLO) en una posici\u00f3n complicada. Tan es as\u00ed que, de acuerdo con<em>&nbsp;The New York Times<\/em>, durante la primera llamada telef\u00f3nica que tuvo con Joe Biden,<strong>&nbsp;el mexicano no perdi\u00f3 la oportunidad de elogiar a Donald Trump.<\/strong><\/p>\n\n\n\n<p>\u201cDebo mencionar que&nbsp;<strong>tenemos una muy buena relaci\u00f3n con el ahora presidente de su pa\u00eds<\/strong>, el se\u00f1or Donald Trump\u201d, son las palabras que habr\u00eda usado el ejecutivo mexicano durante la llamada. \u201c<strong>El respeta nuestra soberan\u00eda\u201d<\/strong>, agreg\u00f3 seg\u00fan dos fuentes an\u00f3nimas.<\/p>\n\n\n\n<p>La periodista Natalie Kitroeff recalc\u00f3 en el editorial que&nbsp;<strong>M\u00e9xico fue uno de los \u00faltimos pa\u00edses en reconocer a Biden como presidente electo de los Estados Unidos,<\/strong>&nbsp;haciendo hincapi\u00e9 en que esperar\u00eda a que se resolvieran los asuntos legales de la elecci\u00f3n para felicitarlo.<\/p>\n\n\n\n<p>Las actitudes del presidente, consider\u00f3, muestran una evidente preocupaci\u00f3n a que Biden se interese por los asuntos mexicanos. Por otro lado, la actitud preventiva del presidente<strong>&nbsp;reflejar\u00eda que \u201cdetr\u00e1s de todos esos desaires est\u00e1 el temor de que los dem\u00f3cratas&nbsp;<\/strong>sean m\u00e1s propensos a intervenir para promover los derechos laborales y la energ\u00eda limpia\u201d.<img fetchpriority=\"high\" decoding=\"async\" alt=\"L\u00f3pez Obrador se ha mostrado precavido hacia Joe Biden, recalc\u00f3 el medio (Foto: Cuartoscuro)\" height=\"850\" src=\"https:\/\/www.infobae.com\/new-resizer\/899zKvyRbAiv0AtNzFsTNR8xRt0=\/420x280\/filters:format(jpg):quality(85)\/\/cloudfront-us-east-1.images.arcpublishing.com\/infobae\/V4L34MY6IJD65DFGU4LWD7NZHU.jpeg\" width=\"1280\">L\u00f3pez Obrador se ha mostrado precavido hacia Joe Biden, recalc\u00f3 el medio (Foto: Cuartoscuro)<\/p>\n\n\n\n<p>Sobre el tema, la experta del Consejo de Relaciones Exteriores, Shannon O\u2019Neil, asegur\u00f3:<strong>&nbsp;\u201ces como un perro en el parque: est\u00e1 mostrando los dientes y amenaz\u00e1ndote y gru\u00f1endo con la esperanza de que no te acerques\u201d<\/strong>. Sobre todo consider\u00f3 que se trata de una estrategia para rechazar de forma preventiva al gobierno de Biden.<\/p>\n\n\n\n<p>L\u00f3pez Obrador ha emprendido pol\u00e9micas estrategias hacia los Estados Unidos como las limitantes a la agencias de investigaci\u00f3n y la acusaci\u00f3n en contra la Agencia Antidrogas de los Estados Unidos (DEA, por sus siglas en ingl\u00e9s) de haber fabricado el caso de Salvador Cienfuegos Zepeda, ex secretario de la Densa Nacional exonerado en M\u00e9xico recientemente.<\/p>\n\n\n\n<p>El medio estadounidense cuestion\u00f3 en el editorial titulado \u201cAndr\u00e9s Manuel L\u00f3pez Obrador ya extra\u00f1a a Donald Trump, a quien alguna vez critic\u00f3\u201d que&nbsp;<strong>un pol\u00edtico llevado al poder con un campa\u00f1a populista de izquierda demostrar\u00e1 un aprecio tan fuerte hacia Donald Trump<\/strong>. Esto a pesar de que el mandatario llam\u00f3 violadores a los mexicanos, insisti\u00f3 en construir el muro fronterizo y amenaz\u00f3 con una guerra comercial.<\/p>\n\n\n\n<p>Esto implicar\u00eda, seg\u00fan la comunicadora, que&nbsp;<strong>la amistad entre ambos personajes responde m\u00e1s bien a una relaci\u00f3n cercana.&nbsp;<\/strong>Especialmente porque \u201clos dos hombres comparten un profundo desinter\u00e9s por los detalles de la pol\u00edtica exterior y encontraron un prop\u00f3sito com\u00fan en dejarse en paz el uno al otro\u201d.<img decoding=\"async\" alt=\"Ambos mandatarios han demostrado tener una estrecha relaci\u00f3n (Foto: Reuters\/Kevin Lamarque)\" height=\"506\" src=\"https:\/\/www.infobae.com\/new-resizer\/_yMBUtwffTXpJiFUtTMmrpUwkRY=\/420x280\/filters:format(jpg):quality(85)\/\/cloudfront-us-east-1.images.arcpublishing.com\/infobae\/XCCWZ42WTLAPMRDP4YCDAFBY5Y.jpg\" width=\"800\">Ambos mandatarios han demostrado tener una estrecha relaci\u00f3n (Foto: Reuters\/Kevin Lamarque)<\/p>\n\n\n\n<p>El propio&nbsp;<strong>Trump ha hecho p\u00fablica la simpat\u00eda que tiene hacia el presidente de M\u00e9xico<\/strong>&nbsp;refiri\u00e9ndose a \u00e9l como \u201cun gran caballero, amigo m\u00edo\u201d, durante un discurso que dio en Alamo, Texas.<\/p>\n\n\n\n<p><em>The New York Times<\/em>&nbsp;recalc\u00f3 tambi\u00e9n algunas similitudes entre ambos ejecutivos, entre ellas que ambos hicieron<strong>&nbsp;su campa\u00f1a basados en discursos anticorrupci\u00f3n, ganaron la simpat\u00eda de \u201cvotantes disgustados con la clase dominante de su pa\u00eds\u201d&nbsp;<\/strong>y, una vez en el poder,&nbsp;<strong>posicionaron a los medios de comunicaci\u00f3n como oposici\u00f3n y enemigo<\/strong>&nbsp;del gobierno.<\/p>\n\n\n\n<p>Otra de las comparativas utilizadas fue la forma en la que Trump utilizaba Twitter para interactuar directamente con su base, mientras que Obrador\u00a0<strong>\u201ctoma el control del discurso al celebrar conferencias de prensa de dos horas diariamente<\/strong>, en las que muchas de las preguntas son hechas por reporteros de tabloides simpatizantes o YouTubers\u201d, recalc\u00f3 el medio.<\/p>\n\n\n\n<p>Fuente: https:\/\/www.infobae.com\/america\/mexico\/2021\/01\/19\/ya-extrana-a-donald-trump-new-york-times-revelo-detalles-de-la-primer-llamada-entre-lopez-obrador-y-joe-biden\/<\/p>\n","protected":false},"excerpt":{"rendered":"<p>El medio estadounidense recalc\u00f3 que AMLO muestra \u201cuna preocupaci\u00f3n\u201d a que Biden se inmiscuya en los asuntos de M\u00e9xico INFOBAE [&hellip;]<\/p>\n","protected":false},"author":1,"featured_media":3509,"comment_status":"open","ping_status":"open","sticky":false,"template":"","format":"standard","meta":{"site-sidebar-layout":"default","site-content-layout":"","ast-site-content-layout":"default","site-content-style":"default","site-sidebar-style":"default","ast-global-header-display":"","ast-banner-title-visibility":"","ast-main-header-display":"","ast-hfb-above-header-display":"","ast-hfb-below-header-display":"","ast-hfb-mobile-header-display":"","site-post-title":"","ast-breadcrumbs-content":"","ast-featured-img":"","footer-sml-layout":"","theme-transparent-header-meta":"","adv-header-id-meta":"","stick-header-meta":"","header-above-stick-meta":"","header-main-stick-meta":"","header-below-stick-meta":"","astra-migrate-meta-layouts":"default","ast-page-background-enabled":"default","ast-page-background-meta":{"desktop":{"background-color":"var(--ast-global-color-4)","background-image":"","background-repeat":"repeat","background-position":"center center","background-size":"auto","background-attachment":"scroll","background-type":"","background-media":"","overlay-type":"","overlay-color":"","overlay-opacity":"","overlay-gradient":""},"tablet":{"background-color":"","background-image":"","background-repeat":"repeat","background-position":"center center","background-size":"auto","background-attachment":"scroll","background-type":"","background-media":"","overlay-type":"","overlay-color":"","overlay-opacity":"","overlay-gradient":""},"mobile":{"background-color":"","background-image":"","background-repeat":"repeat","background-position":"center center","background-size":"auto","background-attachment":"scroll","background-type":"","background-media":"","overlay-type":"","overlay-color":"","overlay-opacity":"","overlay-gradient":""}},"ast-content-background-meta":{"desktop":{"background-color":"var(--ast-global-color-5)","background-image":"","background-repeat":"repeat","background-position":"center center","background-size":"auto","background-attachment":"scroll","background-type":"","background-media":"","overlay-type":"","overlay-color":"","overlay-opacity":"","overlay-gradient":""},"tablet":{"background-color":"var(--ast-global-color-5)","background-image":"","background-repeat":"repeat","background-position":"center center","background-size":"auto","background-attachment":"scroll","background-type":"","background-media":"","overlay-type":"","overlay-color":"","overlay-opacity":"","overlay-gradient":""},"mobile":{"background-color":"var(--ast-global-color-5)","background-image":"","background-repeat":"repeat","background-position":"center center","background-size":"auto","background-attachment":"scroll","background-type":"","background-media":"","overlay-type":"","overlay-color":"","overlay-opacity":"","overlay-gradient":""}},"footnotes":""},"categories":[8],"tags":[],"class_list":["post-3508","post","type-post","status-publish","format-standard","has-post-thumbnail","hentry","category-noticias"],"_links":{"self":[{"href":"https:\/\/losperiodistas.com.mx\/portal\/wp-json\/wp\/v2\/posts\/3508","targetHints":{"allow":["GET"]}}],"collection":[{"href":"https:\/\/losperiodistas.com.mx\/portal\/wp-json\/wp\/v2\/posts"}],"about":[{"href":"https:\/\/losperiodistas.com.mx\/portal\/wp-json\/wp\/v2\/types\/post"}],"author":[{"embeddable":true,"href":"https:\/\/losperiodistas.com.mx\/portal\/wp-json\/wp\/v2\/users\/1"}],"replies":[{"embeddable":true,"href":"https:\/\/losperiodistas.com.mx\/portal\/wp-json\/wp\/v2\/comments?post=3508"}],"version-history":[{"count":1,"href":"https:\/\/losperiodistas.com.mx\/portal\/wp-json\/wp\/v2\/posts\/3508\/revisions"}],"predecessor-version":[{"id":3510,"href":"https:\/\/losperiodistas.com.mx\/portal\/wp-json\/wp\/v2\/posts\/3508\/revisions\/3510"}],"wp:featuredmedia":[{"embeddable":true,"href":"https:\/\/losperiodistas.com.mx\/portal\/wp-json\/wp\/v2\/media\/3509"}],"wp:attachment":[{"href":"https:\/\/losperiodistas.com.mx\/portal\/wp-json\/wp\/v2\/media?parent=3508"}],"wp:term":[{"taxonomy":"category","embeddable":true,"href":"https:\/\/losperiodistas.com.mx\/portal\/wp-json\/wp\/v2\/categories?post=3508"},{"taxonomy":"post_tag","embeddable":true,"href":"https:\/\/losperiodistas.com.mx\/portal\/wp-json\/wp\/v2\/tags?post=3508"}],"curies":[{"name":"wp","href":"https:\/\/api.w.org\/{rel}","templated":true}]}}