{"id":3505,"date":"2021-01-19T07:32:45","date_gmt":"2021-01-19T13:32:45","guid":{"rendered":"http:\/\/losperiodistas.com.mx\/portal\/?p=3505"},"modified":"2021-01-19T07:32:45","modified_gmt":"2021-01-19T13:32:45","slug":"asi-son-los-mittelsten-duenos-de-thermomix-1-400-millones-de-fortuna-y-polemica-fabrica-de-armas-para-hitler-el-mundo","status":"publish","type":"post","link":"https:\/\/losperiodistas.com.mx\/portal\/asi-son-los-mittelsten-duenos-de-thermomix-1-400-millones-de-fortuna-y-polemica-fabrica-de-armas-para-hitler-el-mundo\/","title":{"rendered":"As\u00ed son los Mittelsten, due\u00f1os de Thermomix: 1.400 millones de fortuna y pol\u00e9mica f\u00e1brica de armas para Hitler | El Mundo"},"content":{"rendered":"\n<p style=\"font-size:18px\"><em>Acaban de ganar la batalla contra el robot de cocina de Lidl. Detr\u00e1s de Vorwerk est\u00e1 la historia de cuatro generaciones de una familia de empresarios alemanes<\/em><\/p>\n\n\n\n<p class=\"has-vivid-cyan-blue-color has-text-color has-medium-font-size\">M. PINA \/ EL MUNDO<\/p>\n\n\n\n<p>Cuando una empresa tiene casi 140 a\u00f1os de historia, lo l\u00f3gico es que haya sobrevivido a<strong>&nbsp;momentos complicados y controvertidos<\/strong>. Ese es el caso de Vorwerk, la empresa alemana due\u00f1a de Thermomix, de actualidad esta semana despu\u00e9s de haber conseguido que un tribunal<a href=\"https:\/\/www.elmundo.es\/cataluna\/2021\/01\/19\/6006baa1fc6c8345408b4631.html\">&nbsp;condene a Lidl&nbsp;<\/a>por copiar su patente del robot de cocina. Pero detr\u00e1s de este l\u00edder de peque\u00f1o electrodom\u00e9stico hay un apellido que ha sobrevivido a los a\u00f1os:&nbsp;<strong>Mittelsten<\/strong>.<\/p>\n\n\n\n<p>Esa es la familia que fund\u00f3 en 1883 la empresa Vowerk. Una compa\u00f1\u00eda levantada por los hermanos<strong>&nbsp;Carl y Adolf Vorwerk<\/strong>&nbsp;dedicada inicialmente a la fabricaci\u00f3n de tapices y alfombras. A la muerte de los hermanos les sucedi\u00f3 el yerno de Carl, de apellido Mittelsten, quien ha perpetuado a la familia al frente del negocio. Fue el primer Mittelsten quien, con el estallido de la Primera Guerra Mundial, cambi\u00f3 la estrategia de negocio y&nbsp;<strong>pas\u00f3 de los tapices a la fabricaci\u00f3n de maquinaria.<\/strong>&nbsp;Una vez superada la contienda y ya especializados en ese tipo de maquinaria industrial, Mittelsten<strong>&nbsp;patent\u00f3 la aspiradora&nbsp;<\/strong>Kobold, un revolucionario electrodom\u00e9stico que dio fama mundial a la empresa y la convirti\u00f3 en una multinacional.<\/p>\n\n\n\n<p>Lleg\u00f3 entonces la Segunda Guerra Mundial y la familia<strong>&nbsp;tuvo que volver a fabricar armamento,&nbsp;<\/strong>esta vez bajo el mandato de&nbsp;<a href=\"https:\/\/www.elmundo.es\/loc\/celebrities\/2018\/10\/17\/5bc5d9dfca4741f0788b4618.html\">Hitler<\/a>. Entonces&nbsp;<strong>Eric Mittelsten&nbsp;<\/strong>presid\u00eda la empresa, como tercera generaci\u00f3n al frente. La f\u00e1brica estaba pegada al gueto &#8216;nord&#8217; de Litzmannstadt, por lo que a\u00f1os despu\u00e9s se acus\u00f3 a Eric de haber fabricado<strong>&nbsp;armas con jud\u00edos que realizaban trabajos forzosos.<\/strong>M\u00e1s en El Mundo<a href=\"https:\/\/www.elmundo.es\/f5\/mira\/2021\/01\/19\/6006d608fc6c83ce318b4686.html\">Peaky Blinders pone fecha final a la serie y no habr\u00e1 temporada 7<\/a><a href=\"https:\/\/www.elmundo.es\/ciencia-y-salud\/salud\/2021\/01\/18\/6005c9defc6c83ce318b462e.html\">La incidencia acumulada se dispara (689) en un fin de semana con 84.287 nuevos casos y 455 muertos por coronavirus<\/a><\/p>\n\n\n\n<p>La controversia provoc\u00f3 una crisis en Vorwerk. Con Eric muerto, su sobrino&nbsp;<strong>J\u00f6rg Mittelsten<\/strong>&nbsp;era el encargado de dar las explicaciones. Este empresario, miembro de la cuarta generaci\u00f3n, se hace llamar por todo el mundo como<em>&nbsp;Dr. J\u00f6rg<\/em>. Es un personaje muy popular en Alemania, no solo por su exitosa labor al frente de Vorwerk sino por<strong>&nbsp;su familia.<\/strong><\/p>\n\n\n\n<p>J\u00f6rg dirigi\u00f3 la empresa hasta 2005 y ahora es presidente honorario del Consejo de Administraci\u00f3n. Casado con la\u00a0<strong>condesa Vivica Charlotte Natalie zu Stolberg,\u00a0<\/strong>son padres de cuatro hijos quienes est\u00e1n vinculados a Vorwerk junto a otros 16 miembros de la familia Mittelsten. No les ha ido mal, gracias a sus productos, el m\u00e1s conocido la Thermomix, tienen una fortuna valorada en<strong>\u00a01.400 millones<\/strong>\u00a0de euros.<\/p>\n\n\n\n<p>Fuente: https:\/\/www.elmundo.es\/loc\/celebrities\/2021\/01\/19\/6006d242fdddff6eab8b4602.html<\/p>\n","protected":false},"excerpt":{"rendered":"<p>Acaban de ganar la batalla contra el robot de cocina de Lidl. Detr\u00e1s de Vorwerk est\u00e1 la historia de cuatro [&hellip;]<\/p>\n","protected":false},"author":1,"featured_media":3506,"comment_status":"open","ping_status":"open","sticky":false,"template":"","format":"standard","meta":{"site-sidebar-layout":"default","site-content-layout":"","ast-site-content-layout":"default","site-content-style":"default","site-sidebar-style":"default","ast-global-header-display":"","ast-banner-title-visibility":"","ast-main-header-display":"","ast-hfb-above-header-display":"","ast-hfb-below-header-display":"","ast-hfb-mobile-header-display":"","site-post-title":"","ast-breadcrumbs-content":"","ast-featured-img":"","footer-sml-layout":"","theme-transparent-header-meta":"","adv-header-id-meta":"","stick-header-meta":"","header-above-stick-meta":"","header-main-stick-meta":"","header-below-stick-meta":"","astra-migrate-meta-layouts":"default","ast-page-background-enabled":"default","ast-page-background-meta":{"desktop":{"background-color":"var(--ast-global-color-4)","background-image":"","background-repeat":"repeat","background-position":"center center","background-size":"auto","background-attachment":"scroll","background-type":"","background-media":"","overlay-type":"","overlay-color":"","overlay-opacity":"","overlay-gradient":""},"tablet":{"background-color":"","background-image":"","background-repeat":"repeat","background-position":"center center","background-size":"auto","background-attachment":"scroll","background-type":"","background-media":"","overlay-type":"","overlay-color":"","overlay-opacity":"","overlay-gradient":""},"mobile":{"background-color":"","background-image":"","background-repeat":"repeat","background-position":"center center","background-size":"auto","background-attachment":"scroll","background-type":"","background-media":"","overlay-type":"","overlay-color":"","overlay-opacity":"","overlay-gradient":""}},"ast-content-background-meta":{"desktop":{"background-color":"var(--ast-global-color-5)","background-image":"","background-repeat":"repeat","background-position":"center center","background-size":"auto","background-attachment":"scroll","background-type":"","background-media":"","overlay-type":"","overlay-color":"","overlay-opacity":"","overlay-gradient":""},"tablet":{"background-color":"var(--ast-global-color-5)","background-image":"","background-repeat":"repeat","background-position":"center center","background-size":"auto","background-attachment":"scroll","background-type":"","background-media":"","overlay-type":"","overlay-color":"","overlay-opacity":"","overlay-gradient":""},"mobile":{"background-color":"var(--ast-global-color-5)","background-image":"","background-repeat":"repeat","background-position":"center center","background-size":"auto","background-attachment":"scroll","background-type":"","background-media":"","overlay-type":"","overlay-color":"","overlay-opacity":"","overlay-gradient":""}},"footnotes":""},"categories":[8],"tags":[],"class_list":["post-3505","post","type-post","status-publish","format-standard","has-post-thumbnail","hentry","category-noticias"],"_links":{"self":[{"href":"https:\/\/losperiodistas.com.mx\/portal\/wp-json\/wp\/v2\/posts\/3505","targetHints":{"allow":["GET"]}}],"collection":[{"href":"https:\/\/losperiodistas.com.mx\/portal\/wp-json\/wp\/v2\/posts"}],"about":[{"href":"https:\/\/losperiodistas.com.mx\/portal\/wp-json\/wp\/v2\/types\/post"}],"author":[{"embeddable":true,"href":"https:\/\/losperiodistas.com.mx\/portal\/wp-json\/wp\/v2\/users\/1"}],"replies":[{"embeddable":true,"href":"https:\/\/losperiodistas.com.mx\/portal\/wp-json\/wp\/v2\/comments?post=3505"}],"version-history":[{"count":1,"href":"https:\/\/losperiodistas.com.mx\/portal\/wp-json\/wp\/v2\/posts\/3505\/revisions"}],"predecessor-version":[{"id":3507,"href":"https:\/\/losperiodistas.com.mx\/portal\/wp-json\/wp\/v2\/posts\/3505\/revisions\/3507"}],"wp:featuredmedia":[{"embeddable":true,"href":"https:\/\/losperiodistas.com.mx\/portal\/wp-json\/wp\/v2\/media\/3506"}],"wp:attachment":[{"href":"https:\/\/losperiodistas.com.mx\/portal\/wp-json\/wp\/v2\/media?parent=3505"}],"wp:term":[{"taxonomy":"category","embeddable":true,"href":"https:\/\/losperiodistas.com.mx\/portal\/wp-json\/wp\/v2\/categories?post=3505"},{"taxonomy":"post_tag","embeddable":true,"href":"https:\/\/losperiodistas.com.mx\/portal\/wp-json\/wp\/v2\/tags?post=3505"}],"curies":[{"name":"wp","href":"https:\/\/api.w.org\/{rel}","templated":true}]}}